{"id":1765,"date":"2024-05-28T18:17:04","date_gmt":"2024-05-28T23:17:04","guid":{"rendered":"https:\/\/wp.uaslp.mx\/sinergia\/?p=1765"},"modified":"2026-04-17T17:00:52","modified_gmt":"2026-04-17T22:00:52","slug":"el-paraguas-de-la-neurodiversidad","status":"publish","type":"post","link":"https:\/\/wp.uaslp.mx\/sinergia\/2024\/05\/28\/el-paraguas-de-la-neurodiversidad\/","title":{"rendered":"El paraguas de la neurodiversidad"},"content":{"rendered":"<div class='booster-block booster-read-block'><\/div>\n<pre class=\"wp-block-verse\"><strong>Por Rosalinda Becerra<\/strong><\/pre>\n\n\n\n<p>Si has le\u00eddo mis anteriores blogs, habr\u00e1s notado el uso de t\u00e9rminos desconocidos para la mayor\u00eda, como \u201cneurodiverso\u201d, \u201cneurodivergente\u201d y \u201cneurot\u00edpico\u201d. Considero de suma importancia que la comunidad en general los reconozca. Por ello, a continuaci\u00f3n, te explicar\u00e9 cada uno de estos t\u00e9rminos de manera simple y sencilla.<\/p>\n\n\n\n<p>La diversidad no se limita a lo visible, como el color de piel o g\u00e9nero; tambi\u00e9n se extiende al funcionamiento interno de nuestros cerebros, dando lugar a la neurodiversidad. Esta fascinante variedad se refiere a las distintas maneras en que procesamos la informaci\u00f3n, experimentamos el mundo y nos relacionamos con los dem\u00e1s.<\/p>\n\n\n\n<figure class=\"wp-block-image size-large is-resized\"><img loading=\"lazy\" decoding=\"async\" width=\"1024\" height=\"1024\" src=\"https:\/\/wp.uaslp.mx\/sinergia\/wp-content\/uploads\/sites\/4\/2024\/05\/IMG_2222-1024x1024.jpg\" alt=\"\" class=\"wp-image-1767\" style=\"width:649px;height:auto\" srcset=\"https:\/\/wp.uaslp.mx\/sinergia\/wp-content\/uploads\/sites\/4\/2024\/05\/IMG_2222-1024x1024.jpg 1024w, https:\/\/wp.uaslp.mx\/sinergia\/wp-content\/uploads\/sites\/4\/2024\/05\/IMG_2222-300x300.jpg 300w, https:\/\/wp.uaslp.mx\/sinergia\/wp-content\/uploads\/sites\/4\/2024\/05\/IMG_2222-150x150.jpg 150w, https:\/\/wp.uaslp.mx\/sinergia\/wp-content\/uploads\/sites\/4\/2024\/05\/IMG_2222-768x768.jpg 768w, https:\/\/wp.uaslp.mx\/sinergia\/wp-content\/uploads\/sites\/4\/2024\/05\/IMG_2222.jpg 1080w\" sizes=\"auto, (max-width: 1024px) 100vw, 1024px\" \/><\/figure>\n\n\n\n<p><strong>\u00bfQu\u00e9 significa ser neurodiverso?<\/strong><\/p>\n\n\n\n<p>Ser neurodiverso significa comprender y valorar la singularidad de cada mente. Todos tenemos formas \u00fanicas de procesar informaci\u00f3n, experimentar emociones y percibir nuestro entorno. Esta diversidad cerebral es parte esencial de nuestra humanidad. La neurodiversidad nos ense\u00f1a que no existe una \u00fanica forma de procesamiento cerebral. Todos somos neurodiversos, ya que nuestras experiencias y capacidades cognitivas difieren ampliamente.<\/p>\n\n\n\n<p><strong>\u00bfQu\u00e9 significa ser neurodivergente?<\/strong><\/p>\n\n\n\n<p>Aunque todos somos neurodiversos, no todos somos neurodivergentes. Ser neurodivergente implica tener un estilo de procesamiento cerebral que aprende, funciona y procesa de manera distinta a lo que se considera t\u00edpico o normal. Este t\u00e9rmino abarca una variedad de condiciones, como el TDAH, autismo o dislexia. Estas personas enfrentan desaf\u00edos \u00fanicos en \u00e1reas como la comunicaci\u00f3n o la interacci\u00f3n social, pero tambi\u00e9n poseen talentos y perspectivas valiosas. Desde su creatividad, su capacidad para percibir peque\u00f1os detalles, hasta su gran habilidad para reconocer patrones, cada persona neurodivergente ofrece una contribuci\u00f3n \u00fanica al tapiz de la vida humana.<\/p>\n\n\n\n<p><strong>\u00bfQu\u00e9 significa ser neurot\u00edpico?<\/strong><\/p>\n\n\n\n<p>Ser neurot\u00edpico significa tener un estilo de procesamiento cerebral que se adapta a las normas ya establecidas y funciona de la manera que la sociedad espera en t\u00e9rminos de desarrollo cognitivo, emocional y de comportamiento. Generalmente, estas personas encuentran menos dificultades para integrarse en las estructuras y seguir las rutinas que son consideradas normativas.<\/p>\n\n\n\n<figure class=\"wp-block-image size-large is-resized\"><img loading=\"lazy\" decoding=\"async\" width=\"1024\" height=\"1009\" src=\"https:\/\/wp.uaslp.mx\/sinergia\/wp-content\/uploads\/sites\/4\/2024\/05\/IMG_2014-1024x1009.jpg\" alt=\"\" class=\"wp-image-1768\" style=\"width:664px;height:auto\" srcset=\"https:\/\/wp.uaslp.mx\/sinergia\/wp-content\/uploads\/sites\/4\/2024\/05\/IMG_2014-1024x1009.jpg 1024w, https:\/\/wp.uaslp.mx\/sinergia\/wp-content\/uploads\/sites\/4\/2024\/05\/IMG_2014-300x296.jpg 300w, https:\/\/wp.uaslp.mx\/sinergia\/wp-content\/uploads\/sites\/4\/2024\/05\/IMG_2014-768x757.jpg 768w, https:\/\/wp.uaslp.mx\/sinergia\/wp-content\/uploads\/sites\/4\/2024\/05\/IMG_2014.jpg 1080w\" sizes=\"auto, (max-width: 1024px) 100vw, 1024px\" \/><\/figure>\n\n\n\n<p>Palabras como \u201ctonto\u201d o \u201cloco\u201d se han utilizado injustamente para referirse a personas con alguna neurodivergencia, lo cual no solo es inapropiado, sino que tambi\u00e9n perpet\u00faa estereotipos negativos y contribuye a la discriminaci\u00f3n y al aislamiento social.<\/p>\n\n\n\n<p>Es importante reconocer que las palabras tienen un poder inmenso y pueden influir en la forma en que percibimos y tratamos a los dem\u00e1s. Al desafiar activamente el uso de t\u00e9rminos despectivos y promover un lenguaje inclusivo y respetuoso, podemos contribuir a la creaci\u00f3n de un entorno m\u00e1s compasivo y acogedor para todas las personas.<\/p>\n\n\n\n<p>Como dijo una vez Albus Dumbledore: &#8220;Las palabras son, en m\u00ed no tan humilde opini\u00f3n, nuestra fuente m\u00e1s inagotable de magia, capaces tanto de infligir da\u00f1o, como de remediarlo&#8221;.<\/p>\n","protected":false},"excerpt":{"rendered":"<p>Por Rosalinda Becerra Si has le\u00eddo mis anteriores blogs, habr\u00e1s notado el uso de t\u00e9rminos desconocidos para la mayor\u00eda, como \u201cneurodiverso\u201d, \u201cneurodivergente\u201d y \u201cneurot\u00edpico\u201d. Considero de suma importancia que la comunidad en general los reconozca. Por ello, a continuaci\u00f3n, te explicar\u00e9 cada uno de estos t\u00e9rminos de manera simple y sencilla. La diversidad no se [&hellip;]<\/p>\n","protected":false},"author":13,"featured_media":1766,"comment_status":"closed","ping_status":"closed","sticky":false,"template":"","format":"standard","meta":{"footnotes":""},"categories":[2,6],"tags":[36,58,289,235,125],"class_list":["post-1765","post","type-post","status-publish","format-standard","has-post-thumbnail","hentry","category-bien-estar","category-destacados","tag-conocimiento","tag-estudiantes","tag-neurodivergencia","tag-psicologia-2","tag-sociedad"],"gutentor_comment":0,"_links":{"self":[{"href":"https:\/\/wp.uaslp.mx\/sinergia\/wp-json\/wp\/v2\/posts\/1765","targetHints":{"allow":["GET"]}}],"collection":[{"href":"https:\/\/wp.uaslp.mx\/sinergia\/wp-json\/wp\/v2\/posts"}],"about":[{"href":"https:\/\/wp.uaslp.mx\/sinergia\/wp-json\/wp\/v2\/types\/post"}],"author":[{"embeddable":true,"href":"https:\/\/wp.uaslp.mx\/sinergia\/wp-json\/wp\/v2\/users\/13"}],"replies":[{"embeddable":true,"href":"https:\/\/wp.uaslp.mx\/sinergia\/wp-json\/wp\/v2\/comments?post=1765"}],"version-history":[{"count":1,"href":"https:\/\/wp.uaslp.mx\/sinergia\/wp-json\/wp\/v2\/posts\/1765\/revisions"}],"predecessor-version":[{"id":1769,"href":"https:\/\/wp.uaslp.mx\/sinergia\/wp-json\/wp\/v2\/posts\/1765\/revisions\/1769"}],"wp:featuredmedia":[{"embeddable":true,"href":"https:\/\/wp.uaslp.mx\/sinergia\/wp-json\/wp\/v2\/media\/1766"}],"wp:attachment":[{"href":"https:\/\/wp.uaslp.mx\/sinergia\/wp-json\/wp\/v2\/media?parent=1765"}],"wp:term":[{"taxonomy":"category","embeddable":true,"href":"https:\/\/wp.uaslp.mx\/sinergia\/wp-json\/wp\/v2\/categories?post=1765"},{"taxonomy":"post_tag","embeddable":true,"href":"https:\/\/wp.uaslp.mx\/sinergia\/wp-json\/wp\/v2\/tags?post=1765"}],"curies":[{"name":"wp","href":"https:\/\/api.w.org\/{rel}","templated":true}]}}