{"id":1403,"date":"2023-01-11T13:34:44","date_gmt":"2023-01-11T18:34:44","guid":{"rendered":"http:\/\/wp.uaslp.mx\/sinergia\/?p=1403"},"modified":"2023-01-11T13:34:46","modified_gmt":"2023-01-11T18:34:46","slug":"feliz-centenario-uaslp","status":"publish","type":"post","link":"https:\/\/wp.uaslp.mx\/sinergia\/2023\/01\/11\/feliz-centenario-uaslp\/","title":{"rendered":"Feliz Centenario, UASLP"},"content":{"rendered":"<div class='booster-block booster-read-block'><\/div>\n<p class=\"has-medium-font-size\"><\/p>\n\n\n\n<p class=\"has-small-font-size\"><mark class=\"has-inline-color has-luminous-vivid-orange-color\">Hugo Lausin Araiza<\/mark><\/p>\n\n\n\n<p>De la m\u00fasica a la solemnidad, de la celebraci\u00f3n a la reflexi\u00f3n. As\u00ed fue como la Universidad Aut\u00f3noma de San Luis Potos\u00ed celebr\u00f3 sus primeros 100 a\u00f1os de autonom\u00eda, sus primeros 100 a\u00f1os de cambiar el rostro y el pensamiento de la sociedad con la libertad de pensar, de aprender, de discernir sobre las cosas y sobre todo, de preguntarse \u00bfqu\u00e9 se puede hacer por uno mismo y por la sociedad?<\/p>\n\n\n\n<p>Fue en un convulso a\u00f1o 1923, en un M\u00e9xico que se recuperaba apenas de una revoluci\u00f3n y que por primera vez parec\u00eda tener su propio destino, cuando el ilustre gobernador de aquel tiempo, \u00a0Rafael Nieto Compe\u00e1n, vio el futuro del pa\u00eds en el pensamiento y la ense\u00f1anza, por lo que el 10 de enero de ese a\u00f1o le dio forma a la autonom\u00eda que hoy es parte inherente de la UASLP.<\/p>\n\n\n\n<p>Ya 100 a\u00f1os despu\u00e9s, la UASLP recibi\u00f3 el d\u00eda con el Minuto Uno Fest que cobij\u00f3 a estudiantes, docentes, egresados, administrativos y comunidad universitaria que se apuntaron a un festival de m\u00fasica de todo g\u00e9nero y con show de magia incluido.<\/p>\n\n\n\n<p>El fr\u00edo dio tregua por la noche del 9 de enero, aunque fresco, no lleg\u00f3 a calar en los huesos, aunque la euforia sirvi\u00f3 sin duda para calmarlo. Y es que de a poco, cientos de personas fueron arribando a la plancha de la Plaza de Fundadores a disfrutar la m\u00fasica, la fiesta, la celebraci\u00f3n y la espera del primer minuto del 10 de enero.<\/p>\n\n\n\n<p>Teniendo como tel\u00f3n de fondo al emblem\u00e1tico Edificio Central, desde las cinco y media de la tarde se presentaron los grupos Salinas, con m\u00fasica prehisp\u00e1nica ritual; Auroz; la irreverencia musical de Barbajanes; el romanticismo de la Rondalla Universitaria de Ingenier\u00eda; Fusi\u00f3n Musical; Colectivo Resiliente; Recompensa Norte\u00f1a; Phantom\u00eda; Caballeros y Compa\u00f1\u00eda; Los Ilusionistas con su show m\u00e1gico y finalmente la Batucada, todos, pusieron a bailar a los presentes en una propuesta musical que incluy\u00f3 a solistas que, desde los balcones del Edificio, le cantaron al amor.<\/p>\n\n\n\n<figure class=\"wp-block-image size-large\"><img loading=\"lazy\" decoding=\"async\" width=\"1024\" height=\"682\" src=\"http:\/\/wp.uaslp.mx\/sinergia\/wp-content\/uploads\/sites\/4\/2023\/01\/Rector-Autonomi\u0301a-1-1024x682.jpeg\" alt=\"\" class=\"wp-image-1406\" srcset=\"https:\/\/wp.uaslp.mx\/sinergia\/wp-content\/uploads\/sites\/4\/2023\/01\/Rector-Autonomi\u0301a-1-1024x682.jpeg 1024w, https:\/\/wp.uaslp.mx\/sinergia\/wp-content\/uploads\/sites\/4\/2023\/01\/Rector-Autonomi\u0301a-1-300x200.jpeg 300w, https:\/\/wp.uaslp.mx\/sinergia\/wp-content\/uploads\/sites\/4\/2023\/01\/Rector-Autonomi\u0301a-1-768x512.jpeg 768w, https:\/\/wp.uaslp.mx\/sinergia\/wp-content\/uploads\/sites\/4\/2023\/01\/Rector-Autonomi\u0301a-1-1536x1023.jpeg 1536w, https:\/\/wp.uaslp.mx\/sinergia\/wp-content\/uploads\/sites\/4\/2023\/01\/Rector-Autonomi\u0301a-1-700x465.jpeg 700w, https:\/\/wp.uaslp.mx\/sinergia\/wp-content\/uploads\/sites\/4\/2023\/01\/Rector-Autonomi\u0301a-1.jpeg 1600w\" sizes=\"auto, (max-width: 1024px) 100vw, 1024px\" \/><figcaption>La comunidad universitaria y p\u00fablico en gereral disfrutaron el Minuto Uno Fest.<\/figcaption><\/figure>\n\n\n\n<p> La alegr\u00eda de las diversas facultades se mostr\u00f3 por todo el lugar, algunos bailando, otros marchando, otros con globos y algunos m\u00e1s organizados, hasta con cena para los respectivos.<\/p>\n\n\n\n<p>A este enorme festejo, la sociedad en general tambi\u00e9n se sum\u00f3 al barullo, unos se quedaron de plano a ver qu\u00e9 m\u00e1s segu\u00eda, mientras otros, como no queriendo, se alejaron del lugar cantando y bailando.<\/p>\n\n\n\n<p>Cerca de las 12 de la ma\u00f1ana, c\u00f3mo no, el rector Alejandro Javier Zerme\u00f1o se aplic\u00f3 tambi\u00e9n unos pasos de baile junto a docentes y estudiantes, muchos de ellos, buscando la famosa selfie y la foto del recuerdo con \u00e9l. Pero la que lleg\u00f3 a partir plaza fue la nueva mascota de la universidad, el \u00c1guila Rei, quien conquist\u00f3 a los presentes con su antojable color chocolate y quien sin duda, fue el rey de la noche.<\/p>\n\n\n\n<p>A las cero horas, la cuenta regresiva fue coreada por los presentes para dar paso a un espect\u00e1culo de pirotecnia, que aunque discreta, ilumin\u00f3 las centenarias lozas de cantera de la zona, como recordando que desde ah\u00ed, el Edificio Central, se han iluminado muchas vidas de potosinas y potosinos.<\/p>\n\n\n\n<figure class=\"wp-block-image size-large\"><img loading=\"lazy\" decoding=\"async\" width=\"1024\" height=\"682\" src=\"http:\/\/wp.uaslp.mx\/sinergia\/wp-content\/uploads\/sites\/4\/2023\/01\/MInuto-Uno-1024x682.jpeg\" alt=\"\" class=\"wp-image-1407\" srcset=\"https:\/\/wp.uaslp.mx\/sinergia\/wp-content\/uploads\/sites\/4\/2023\/01\/MInuto-Uno-1024x682.jpeg 1024w, https:\/\/wp.uaslp.mx\/sinergia\/wp-content\/uploads\/sites\/4\/2023\/01\/MInuto-Uno-300x200.jpeg 300w, https:\/\/wp.uaslp.mx\/sinergia\/wp-content\/uploads\/sites\/4\/2023\/01\/MInuto-Uno-768x512.jpeg 768w, https:\/\/wp.uaslp.mx\/sinergia\/wp-content\/uploads\/sites\/4\/2023\/01\/MInuto-Uno-700x465.jpeg 700w, https:\/\/wp.uaslp.mx\/sinergia\/wp-content\/uploads\/sites\/4\/2023\/01\/MInuto-Uno.jpeg 1280w\" sizes=\"auto, (max-width: 1024px) 100vw, 1024px\" \/><figcaption>El ambiente dur\u00f3 parte de la tarde hasta la madrugada.<\/figcaption><\/figure>\n\n\n\n<p>La noche cerr\u00f3, pero la celebraci\u00f3n no\u2026<\/p>\n\n\n\n<p>Ya en pleno martes 10 de enero y de lleno en la celebraci\u00f3n por la Autonom\u00eda, a las 10 de la ma\u00f1ana el Patio del Edificio Central fue testigo de una ceremonia solemne con la reuni\u00f3n del H. Consejo Directivo Universitario, quienes en esta ocasi\u00f3n tuvieron presentes a m\u00e1s de 1000 personas que fueron parte de ese \u00f3rgano que ha decidido y formado a generaciones de egresados y marcado el rumbo universitario y del estado, desde la ense\u00f1anza.<\/p>\n\n\n\n<p>En la ceremonia tambi\u00e9n estuvieron ex rectores de esta casa de estudios, rectores de otras universidades p\u00fablicas y privadas del pa\u00eds, destacando la presencia del rector de la Universidad Aut\u00f3noma de M\u00e9xico (UNAM), el doctor Enrique Graue Wiechers, quien qued\u00f3 prendido del Edificio Central.<\/p>\n\n\n\n<figure class=\"wp-block-image size-large\"><img loading=\"lazy\" decoding=\"async\" width=\"1024\" height=\"682\" src=\"http:\/\/wp.uaslp.mx\/sinergia\/wp-content\/uploads\/sites\/4\/2023\/01\/Sesio\u0301n-1024x682.jpeg\" alt=\"\" class=\"wp-image-1408\" srcset=\"https:\/\/wp.uaslp.mx\/sinergia\/wp-content\/uploads\/sites\/4\/2023\/01\/Sesio\u0301n-1024x682.jpeg 1024w, https:\/\/wp.uaslp.mx\/sinergia\/wp-content\/uploads\/sites\/4\/2023\/01\/Sesio\u0301n-300x200.jpeg 300w, https:\/\/wp.uaslp.mx\/sinergia\/wp-content\/uploads\/sites\/4\/2023\/01\/Sesio\u0301n-768x512.jpeg 768w, https:\/\/wp.uaslp.mx\/sinergia\/wp-content\/uploads\/sites\/4\/2023\/01\/Sesio\u0301n-700x465.jpeg 700w, https:\/\/wp.uaslp.mx\/sinergia\/wp-content\/uploads\/sites\/4\/2023\/01\/Sesio\u0301n.jpeg 1280w\" sizes=\"auto, (max-width: 1024px) 100vw, 1024px\" \/><figcaption>Ceremonia Solemne del H. Consejo Directivo Universitario <\/figcaption><\/figure>\n\n\n\n<p>Tras la solemnidad, se dio paso a otra celebraci\u00f3n, en esta ocasi\u00f3n, en el Centro Cultural Universitario Bicentenario, donde las y los invitados fueron recibidos por porras y m\u00fasica folcl\u00f3rica.<\/p>\n\n\n\n<p>El recinto estuvo a reventar y fue testigo de una violinista que supo llegar al coraz\u00f3n de los presentes con diversas piezas, acompa\u00f1adas de un performance de baile, video y actores, mismos que enmarcaron las palabras de distingidos invitados, que elevaron la autonom\u00eda a la necesidad de su propia existencia en bien del pa\u00eds y sus habitantes.<\/p>\n\n\n\n<figure class=\"wp-block-image size-large\"><img loading=\"lazy\" decoding=\"async\" width=\"1024\" height=\"683\" src=\"http:\/\/wp.uaslp.mx\/sinergia\/wp-content\/uploads\/sites\/4\/2023\/01\/Dr.-Luciano-Concheiro-1024x683.jpeg\" alt=\"\" class=\"wp-image-1409\" srcset=\"https:\/\/wp.uaslp.mx\/sinergia\/wp-content\/uploads\/sites\/4\/2023\/01\/Dr.-Luciano-Concheiro-1024x683.jpeg 1024w, https:\/\/wp.uaslp.mx\/sinergia\/wp-content\/uploads\/sites\/4\/2023\/01\/Dr.-Luciano-Concheiro-300x200.jpeg 300w, https:\/\/wp.uaslp.mx\/sinergia\/wp-content\/uploads\/sites\/4\/2023\/01\/Dr.-Luciano-Concheiro-768x512.jpeg 768w, https:\/\/wp.uaslp.mx\/sinergia\/wp-content\/uploads\/sites\/4\/2023\/01\/Dr.-Luciano-Concheiro-1536x1024.jpeg 1536w, https:\/\/wp.uaslp.mx\/sinergia\/wp-content\/uploads\/sites\/4\/2023\/01\/Dr.-Luciano-Concheiro.jpeg 1599w\" sizes=\"auto, (max-width: 1024px) 100vw, 1024px\" \/><figcaption>Dr. Luciano Concheiro,subsecretario de Educaci\u00f3n Superior <\/figcaption><\/figure>\n\n\n\n<p>M\u00e1s tarde, en el mismo escenario, le toc\u00f3 a la Orquesta Sinf\u00f3nica Universitaria presentar la pieza <em>Siempre aut\u00f3noma<\/em> de Eduardo Angulo, realizada ex profeso para la celebraci\u00f3n. Adem\u00e1s, fue interpretada la <em>Sinfon\u00eda n.\u00ba 9<\/em> de Ludwing Van Beethoven, llenando de esperanza los corazones de los asistentes.<\/p>\n\n\n\n<figure class=\"wp-block-image size-large\"><img loading=\"lazy\" decoding=\"async\" width=\"1024\" height=\"685\" src=\"http:\/\/wp.uaslp.mx\/sinergia\/wp-content\/uploads\/sites\/4\/2023\/01\/01-10-2023-CONCIERTO-DEL-CENTENARIO-IMG_8860-1024x685.jpg\" alt=\"\" class=\"wp-image-1410\" srcset=\"https:\/\/wp.uaslp.mx\/sinergia\/wp-content\/uploads\/sites\/4\/2023\/01\/01-10-2023-CONCIERTO-DEL-CENTENARIO-IMG_8860-1024x685.jpg 1024w, https:\/\/wp.uaslp.mx\/sinergia\/wp-content\/uploads\/sites\/4\/2023\/01\/01-10-2023-CONCIERTO-DEL-CENTENARIO-IMG_8860-300x201.jpg 300w, https:\/\/wp.uaslp.mx\/sinergia\/wp-content\/uploads\/sites\/4\/2023\/01\/01-10-2023-CONCIERTO-DEL-CENTENARIO-IMG_8860-768x514.jpg 768w, https:\/\/wp.uaslp.mx\/sinergia\/wp-content\/uploads\/sites\/4\/2023\/01\/01-10-2023-CONCIERTO-DEL-CENTENARIO-IMG_8860-1536x1027.jpg 1536w, https:\/\/wp.uaslp.mx\/sinergia\/wp-content\/uploads\/sites\/4\/2023\/01\/01-10-2023-CONCIERTO-DEL-CENTENARIO-IMG_8860-2048x1370.jpg 2048w\" sizes=\"auto, (max-width: 1024px) 100vw, 1024px\" \/><figcaption>Excelente respuesta de la comunidad universitaria y sociedad que abarrotaron el Concierto de la Autonom\u00eda en el CC200.<\/figcaption><\/figure>\n\n\n\n<p>Con estos eventos, dio inicio el nuevo siglo de autonom\u00eda para la Universidad Aut\u00f3noma de San Luis Potos\u00ed, que no son sus edificios, sus pasillos, sus aulas y el mero tr\u00e1mite. La UASLP y su autonom\u00eda son sus estudiantes, sus historias, sus carreras, sus futuros, sus logros y fracasos, sus pasos diarios dados por los campus, aprendiendo, revolucionando, riendo, llorando, logrando y perdiendo, en pocas palabras, siendo libres.<\/p>\n\n\n\n<p>\u00a1Larga vida, Universidad Aut\u00f3noma de San Luis Potos\u00ed!<\/p>\n","protected":false},"excerpt":{"rendered":"<p>Hugo Lausin Araiza De la m\u00fasica a la solemnidad, de la celebraci\u00f3n a la reflexi\u00f3n. As\u00ed fue como la Universidad Aut\u00f3noma de San Luis Potos\u00ed celebr\u00f3 sus primeros 100 a\u00f1os de autonom\u00eda, sus primeros 100 a\u00f1os de cambiar el rostro y el pensamiento de la sociedad con la libertad de pensar, de aprender, de discernir [&hellip;]<\/p>\n","protected":false},"author":13,"featured_media":1404,"comment_status":"closed","ping_status":"closed","sticky":false,"template":"","format":"standard","meta":{"footnotes":""},"categories":[3,4,5],"tags":[180,179,58,130],"class_list":["post-1403","post","type-post","status-publish","format-standard","has-post-thumbnail","hentry","category-carrusel","category-cooltureando","category-desde-adentro","tag-100-anos-uaslp","tag-autonomia","tag-estudiantes","tag-universidad"],"gutentor_comment":0,"_links":{"self":[{"href":"https:\/\/wp.uaslp.mx\/sinergia\/wp-json\/wp\/v2\/posts\/1403","targetHints":{"allow":["GET"]}}],"collection":[{"href":"https:\/\/wp.uaslp.mx\/sinergia\/wp-json\/wp\/v2\/posts"}],"about":[{"href":"https:\/\/wp.uaslp.mx\/sinergia\/wp-json\/wp\/v2\/types\/post"}],"author":[{"embeddable":true,"href":"https:\/\/wp.uaslp.mx\/sinergia\/wp-json\/wp\/v2\/users\/13"}],"replies":[{"embeddable":true,"href":"https:\/\/wp.uaslp.mx\/sinergia\/wp-json\/wp\/v2\/comments?post=1403"}],"version-history":[{"count":1,"href":"https:\/\/wp.uaslp.mx\/sinergia\/wp-json\/wp\/v2\/posts\/1403\/revisions"}],"predecessor-version":[{"id":1411,"href":"https:\/\/wp.uaslp.mx\/sinergia\/wp-json\/wp\/v2\/posts\/1403\/revisions\/1411"}],"wp:featuredmedia":[{"embeddable":true,"href":"https:\/\/wp.uaslp.mx\/sinergia\/wp-json\/wp\/v2\/media\/1404"}],"wp:attachment":[{"href":"https:\/\/wp.uaslp.mx\/sinergia\/wp-json\/wp\/v2\/media?parent=1403"}],"wp:term":[{"taxonomy":"category","embeddable":true,"href":"https:\/\/wp.uaslp.mx\/sinergia\/wp-json\/wp\/v2\/categories?post=1403"},{"taxonomy":"post_tag","embeddable":true,"href":"https:\/\/wp.uaslp.mx\/sinergia\/wp-json\/wp\/v2\/tags?post=1403"}],"curies":[{"name":"wp","href":"https:\/\/api.w.org\/{rel}","templated":true}]}}