{"id":9994,"date":"2023-07-12T12:00:56","date_gmt":"2023-07-12T17:00:56","guid":{"rendered":"http:\/\/wp.uaslp.mx\/noticias\/?p=9994"},"modified":"2023-07-12T12:01:56","modified_gmt":"2023-07-12T17:01:56","slug":"centro-de-bienestar-familiar-ofrecera-taller-de-corte-y-confeccion-en-la-uamzm","status":"publish","type":"post","link":"https:\/\/wp.uaslp.mx\/noticias\/comunidad\/centro-de-bienestar-familiar-ofrecera-taller-de-corte-y-confeccion-en-la-uamzm\/","title":{"rendered":"Centro de Bienestar Familiar ofrecer\u00e1 taller de Corte y Confecci\u00f3n en la UAMZM"},"content":{"rendered":"\n<p>En el marco de celebraci\u00f3n de su 40 aniversario, el <a href=\"https:\/\/www.facebook.com\/centrodebienestarfamiliaruaslp\" target=\"_blank\" rel=\"noopener\" title=\"\">Centro de Bienestar Familiar <\/a>de la Universidad Aut\u00f3noma de San Luis Potos\u00ed (UASLP) llevar\u00e1 a cabo el primer taller en un campus for\u00e1neo; por este motivo, el comit\u00e9 de Damas Voluntarias que encabeza la doctora Patricia Arce de Zerme\u00f1o entreg\u00f3 el equipo y mobiliario requerido para las clases del taller de \u201cCorte y Confecci\u00f3n\u201d, que se desarrollar\u00e1 en Rioverde.<\/p>\n\n\n\n<p>Con la presencia del Dr. H\u00e9ctor L\u00f3pez Gama, director de la Unidad Acad\u00e9mica Multidisciplinaria Zona Media y de la C.P. Magdalena Facundo Rodr\u00edguez, se realiz\u00f3 tambi\u00e9n el corte simb\u00f3lico del list\u00f3n del nuevo taller que arrancar\u00e1 clases el d\u00eda 12 de agosto, de 09:00 a 11:00 horas, en instalaciones del mismo campus .<\/p>\n\n\n\n<p>\u201cCorte y Confecci\u00f3n\u201d est\u00e1 dirigido a trabajadoras y trabajadores universitarios o a sus familiares directos, y la finalidad es poner a su alcance de manera gratuita capacitaci\u00f3n en habilidades que mejoren su calidad de vida, tal y como sucede con los 12 talleres que se imparten actualmente en el Centro de Bienestar Familiar localizado en la capital potosina.<\/p>\n\n\n\n<p>Los requisitos para registrarse son: presentar el \u00faltimo recibo de pago (n\u00f3mina), identificaci\u00f3n oficial vigente y acta de nacimiento. Para mayor informaci\u00f3n, las personas interesadas deben comunicarse al tel\u00e9fono 487 166 59 37.<\/p>\n\n\n\n<p class=\"has-text-align-right\"><em>Talia Corpus<\/em><\/p>\n\n\n\n<figure class=\"wp-block-gallery has-nested-images columns-default is-cropped wp-block-gallery-1 is-layout-flex wp-block-gallery-is-layout-flex\">\n<figure class=\"wp-block-image size-large is-style-default\"><a href=\"https:\/\/wp.uaslp.mx\/noticias\/wp-content\/uploads\/sites\/5\/2023\/07\/WhatsApp-Image-2023-07-10-at-9.07.58-AM-1.jpeg\"><img loading=\"lazy\" decoding=\"async\" width=\"1200\" height=\"1600\" data-id=\"9998\" src=\"https:\/\/wp.uaslp.mx\/noticias\/wp-content\/uploads\/sites\/5\/2023\/07\/WhatsApp-Image-2023-07-10-at-9.07.58-AM-1.jpeg\" alt=\"\" class=\"wp-image-9998\" srcset=\"https:\/\/wp.uaslp.mx\/noticias\/wp-content\/uploads\/sites\/5\/2023\/07\/WhatsApp-Image-2023-07-10-at-9.07.58-AM-1.jpeg 1200w, https:\/\/wp.uaslp.mx\/noticias\/wp-content\/uploads\/sites\/5\/2023\/07\/WhatsApp-Image-2023-07-10-at-9.07.58-AM-1-768x1024.jpeg 768w, https:\/\/wp.uaslp.mx\/noticias\/wp-content\/uploads\/sites\/5\/2023\/07\/WhatsApp-Image-2023-07-10-at-9.07.58-AM-1-1152x1536.jpeg 1152w, https:\/\/wp.uaslp.mx\/noticias\/wp-content\/uploads\/sites\/5\/2023\/07\/WhatsApp-Image-2023-07-10-at-9.07.58-AM-1-1024x1365.jpeg 1024w\" sizes=\"auto, (max-width: 1200px) 100vw, 1200px\" \/><\/a><\/figure>\n\n\n\n<figure class=\"wp-block-image size-large is-style-default\"><a href=\"https:\/\/wp.uaslp.mx\/noticias\/wp-content\/uploads\/sites\/5\/2023\/07\/WhatsApp-Image-2023-07-10-at-9.07.58-AM-2.jpeg\"><img loading=\"lazy\" decoding=\"async\" width=\"1200\" height=\"1600\" data-id=\"9997\" src=\"https:\/\/wp.uaslp.mx\/noticias\/wp-content\/uploads\/sites\/5\/2023\/07\/WhatsApp-Image-2023-07-10-at-9.07.58-AM-2.jpeg\" alt=\"\" class=\"wp-image-9997\" srcset=\"https:\/\/wp.uaslp.mx\/noticias\/wp-content\/uploads\/sites\/5\/2023\/07\/WhatsApp-Image-2023-07-10-at-9.07.58-AM-2.jpeg 1200w, https:\/\/wp.uaslp.mx\/noticias\/wp-content\/uploads\/sites\/5\/2023\/07\/WhatsApp-Image-2023-07-10-at-9.07.58-AM-2-768x1024.jpeg 768w, https:\/\/wp.uaslp.mx\/noticias\/wp-content\/uploads\/sites\/5\/2023\/07\/WhatsApp-Image-2023-07-10-at-9.07.58-AM-2-1152x1536.jpeg 1152w, https:\/\/wp.uaslp.mx\/noticias\/wp-content\/uploads\/sites\/5\/2023\/07\/WhatsApp-Image-2023-07-10-at-9.07.58-AM-2-1024x1365.jpeg 1024w\" sizes=\"auto, (max-width: 1200px) 100vw, 1200px\" \/><\/a><\/figure>\n\n\n\n<figure class=\"wp-block-image size-large is-style-default\"><a href=\"https:\/\/wp.uaslp.mx\/noticias\/wp-content\/uploads\/sites\/5\/2023\/07\/WhatsApp-Image-2023-07-10-at-9.07.58-AM.jpeg\"><img loading=\"lazy\" decoding=\"async\" width=\"1200\" height=\"1600\" data-id=\"9996\" src=\"https:\/\/wp.uaslp.mx\/noticias\/wp-content\/uploads\/sites\/5\/2023\/07\/WhatsApp-Image-2023-07-10-at-9.07.58-AM.jpeg\" alt=\"\" class=\"wp-image-9996\" srcset=\"https:\/\/wp.uaslp.mx\/noticias\/wp-content\/uploads\/sites\/5\/2023\/07\/WhatsApp-Image-2023-07-10-at-9.07.58-AM.jpeg 1200w, https:\/\/wp.uaslp.mx\/noticias\/wp-content\/uploads\/sites\/5\/2023\/07\/WhatsApp-Image-2023-07-10-at-9.07.58-AM-768x1024.jpeg 768w, https:\/\/wp.uaslp.mx\/noticias\/wp-content\/uploads\/sites\/5\/2023\/07\/WhatsApp-Image-2023-07-10-at-9.07.58-AM-1152x1536.jpeg 1152w, https:\/\/wp.uaslp.mx\/noticias\/wp-content\/uploads\/sites\/5\/2023\/07\/WhatsApp-Image-2023-07-10-at-9.07.58-AM-1024x1365.jpeg 1024w\" sizes=\"auto, (max-width: 1200px) 100vw, 1200px\" \/><\/a><\/figure>\n<\/figure>\n","protected":false},"excerpt":{"rendered":"<p>En el marco de celebraci\u00f3n de su 40 aniversario, el Centro de Bienestar Familiar de&#8230;<\/p>\n","protected":false},"author":12,"featured_media":9995,"comment_status":"closed","ping_status":"closed","sticky":false,"template":"","format":"standard","meta":{"pgc_sgb_lightbox_settings":"","footnotes":""},"categories":[5],"tags":[796,704],"class_list":["post-9994","post","type-post","status-publish","format-standard","has-post-thumbnail","hentry","category-comunidad","tag-taller","tag-uamzm"],"featured_image_urls":{"full":["https:\/\/wp.uaslp.mx\/noticias\/wp-content\/uploads\/sites\/5\/2023\/07\/PRINCIPAL.jpg",1218,784,false],"thumbnail":["https:\/\/wp.uaslp.mx\/noticias\/wp-content\/uploads\/sites\/5\/2023\/07\/PRINCIPAL-150x150.jpg",150,150,true],"medium":["https:\/\/wp.uaslp.mx\/noticias\/wp-content\/uploads\/sites\/5\/2023\/07\/PRINCIPAL-1024x659.jpg",1024,659,true],"medium_large":["https:\/\/wp.uaslp.mx\/noticias\/wp-content\/uploads\/sites\/5\/2023\/07\/PRINCIPAL-768x494.jpg",640,412,true],"large":["https:\/\/wp.uaslp.mx\/noticias\/wp-content\/uploads\/sites\/5\/2023\/07\/PRINCIPAL.jpg",1218,784,false],"1536x1536":["https:\/\/wp.uaslp.mx\/noticias\/wp-content\/uploads\/sites\/5\/2023\/07\/PRINCIPAL.jpg",1218,784,false],"2048x2048":["https:\/\/wp.uaslp.mx\/noticias\/wp-content\/uploads\/sites\/5\/2023\/07\/PRINCIPAL.jpg",1218,784,false],"newsever-slider-full":["https:\/\/wp.uaslp.mx\/noticias\/wp-content\/uploads\/sites\/5\/2023\/07\/PRINCIPAL.jpg",1218,784,false],"newsever-featured":["https:\/\/wp.uaslp.mx\/noticias\/wp-content\/uploads\/sites\/5\/2023\/07\/PRINCIPAL-1024x659.jpg",1024,659,true],"newsever-medium":["https:\/\/wp.uaslp.mx\/noticias\/wp-content\/uploads\/sites\/5\/2023\/07\/PRINCIPAL-720x475.jpg",720,475,true],"mailpoet_newsletter_max":["https:\/\/wp.uaslp.mx\/noticias\/wp-content\/uploads\/sites\/5\/2023\/07\/PRINCIPAL.jpg",1218,784,false]},"author_info":{"display_name":"Prensa y difusi\u00f3n","author_link":"https:\/\/wp.uaslp.mx\/noticias\/author\/giovannamorales\/"},"category_info":"<a href=\"https:\/\/wp.uaslp.mx\/noticias\/category\/comunidad\/\" rel=\"category tag\">Comunidad<\/a>","tag_info":"Comunidad","comment_count":"0","_links":{"self":[{"href":"https:\/\/wp.uaslp.mx\/noticias\/wp-json\/wp\/v2\/posts\/9994","targetHints":{"allow":["GET"]}}],"collection":[{"href":"https:\/\/wp.uaslp.mx\/noticias\/wp-json\/wp\/v2\/posts"}],"about":[{"href":"https:\/\/wp.uaslp.mx\/noticias\/wp-json\/wp\/v2\/types\/post"}],"author":[{"embeddable":true,"href":"https:\/\/wp.uaslp.mx\/noticias\/wp-json\/wp\/v2\/users\/12"}],"replies":[{"embeddable":true,"href":"https:\/\/wp.uaslp.mx\/noticias\/wp-json\/wp\/v2\/comments?post=9994"}],"version-history":[{"count":1,"href":"https:\/\/wp.uaslp.mx\/noticias\/wp-json\/wp\/v2\/posts\/9994\/revisions"}],"predecessor-version":[{"id":9999,"href":"https:\/\/wp.uaslp.mx\/noticias\/wp-json\/wp\/v2\/posts\/9994\/revisions\/9999"}],"wp:featuredmedia":[{"embeddable":true,"href":"https:\/\/wp.uaslp.mx\/noticias\/wp-json\/wp\/v2\/media\/9995"}],"wp:attachment":[{"href":"https:\/\/wp.uaslp.mx\/noticias\/wp-json\/wp\/v2\/media?parent=9994"}],"wp:term":[{"taxonomy":"category","embeddable":true,"href":"https:\/\/wp.uaslp.mx\/noticias\/wp-json\/wp\/v2\/categories?post=9994"},{"taxonomy":"post_tag","embeddable":true,"href":"https:\/\/wp.uaslp.mx\/noticias\/wp-json\/wp\/v2\/tags?post=9994"}],"curies":[{"name":"wp","href":"https:\/\/api.w.org\/{rel}","templated":true}]}}