{"id":9991,"date":"2023-07-11T15:17:32","date_gmt":"2023-07-11T20:17:32","guid":{"rendered":"http:\/\/wp.uaslp.mx\/noticias\/?p=9991"},"modified":"2023-07-11T15:17:33","modified_gmt":"2023-07-11T20:17:33","slug":"centro-cultural-universitario-bicentenario-invita-a-disfrutar-la-privilegiada-voz-de-pilar-boyero","status":"publish","type":"post","link":"https:\/\/wp.uaslp.mx\/noticias\/arteycultura\/centro-cultural-universitario-bicentenario-invita-a-disfrutar-la-privilegiada-voz-de-pilar-boyero\/","title":{"rendered":"Centro Cultural Universitario Bicentenario invita a disfrutar la privilegiada voz de Pilar Boyero\u00a0"},"content":{"rendered":"\n<p>Este viernes 14 de julio, el <a href=\"https:\/\/www.facebook.com\/cc200uaslp\" target=\"_blank\" rel=\"noopener\" title=\"\">Centro Cultural Universitario Bicentenario<\/a> albergar\u00e1 el concierto sinf\u00f3nico \u201cUn homenaje a las grandes Roc\u00edos: D\u00farcal y Jurado\u201d, a trav\u00e9s de la privilegiada voz de Pilar Boyero, m\u00e1xima exponente del flamenco. El concierto se enmarca en la celebraci\u00f3n del 13 aniversario del CC200.\u00a0<\/p>\n\n\n\n<p>En entrevista, la cantante espa\u00f1ola agradeci\u00f3 la invitaci\u00f3n para ser part\u00edcipe de tan importante acontecimiento musical, donde ser\u00e1 acompa\u00f1ada por la Orquesta Sinf\u00f3nica Universitaria.&nbsp;<\/p>\n\n\n\n<p>Pilar Boyero manifest\u00f3 que ha preparado con gran cari\u00f1o un concierto que ser\u00e1 inolvidable. \u201cTraemos con toda la ilusi\u00f3n este concierto a un lugar donde la m\u00fasica es bandera y sin\u00f3nimo de cultura, interpretando a dos de las artistas m\u00e1s grandes de nuestro tiempo\u201d.&nbsp;<\/p>\n\n\n\n<p>La cantante expres\u00f3 que viaj\u00f3 desde Espa\u00f1a para recibir el cari\u00f1o de los potosinos, para presentarse en un lugar maravilloso como es el Centro Cultural Universitario Bicentenario. &nbsp;<\/p>\n\n\n\n<p>Aplaudi\u00f3 la existencia de las orquestas sinf\u00f3nicas vinculadas al mundo universitario, \u201cesto habla mucho del nivel cultural y de la importancia que se da a la m\u00fasica en esta ciudad, y, sobre todo, se abra a la m\u00fasica popular\u201d.&nbsp;<\/p>\n\n\n\n<p>Pilar Boyero manifest\u00f3 que int\u00e9rpretes como Roc\u00edo Jurado, Roc\u00edo D\u00farcal, Lola Flores, entre otras, han llevado esa m\u00fasica por el mundo, y llegar a M\u00e9xico, un pa\u00eds con gran paladar para entender y amar la buena m\u00fasica, \u201ceste pa\u00eds es una de las plazas m\u00e1s importantes e interesantes para un artista como yo\u201d.&nbsp;<\/p>\n\n\n\n<p>La invitada especial a la celebraci\u00f3n del aniversario del CC200, a\u00f1adi\u00f3 que es sabido los mexicanos aman a Roc\u00edo D\u00farcal \u201cLa Espa\u00f1ola m\u00e1s mexicana\u201d, al igual que Roc\u00edo Jurado \u201cLa m\u00e1s grande\u201d, as\u00ed como otros artistas que encontraron el espaldarazo fundamental para triunfar en Espa\u00f1a, \u201ceste pa\u00eds ha sido el germen de muchos artistas relacionados con la m\u00fasica espa\u00f1ola\u201d.&nbsp;<\/p>\n\n\n\n<p>Los boletos ya se encuentran a la venta a trav\u00e9s de\u00a0<a href=\"http:\/\/www.ticketone.mx\/\" title=\"\">www.ticketone.mx<\/a>, as\u00ed como de manera f\u00edsica en la tienda del CC200, en donde adem\u00e1s se aceptan vales de la Universidad. El costo de los boletos es de $350.00 zona preferente; $200.00, luneta y $150, primer piso.\u00a0<\/p>\n\n\n\n<p><\/p>\n","protected":false},"excerpt":{"rendered":"<p>Este viernes 14 de julio, el Centro Cultural Universitario Bicentenario albergar\u00e1 el concierto sinf\u00f3nico \u201cUn&#8230;<\/p>\n","protected":false},"author":12,"featured_media":9992,"comment_status":"closed","ping_status":"closed","sticky":false,"template":"","format":"standard","meta":{"pgc_sgb_lightbox_settings":"","footnotes":""},"categories":[3],"tags":[42,112,1489,1492],"class_list":["post-9991","post","type-post","status-publish","format-standard","has-post-thumbnail","hentry","category-arteycultura","tag-aniversario","tag-cc200","tag-concierto-sinfonico","tag-pilar-boyero"],"featured_image_urls":{"full":["https:\/\/wp.uaslp.mx\/noticias\/wp-content\/uploads\/sites\/5\/2023\/07\/Pilar-Boyero-Concierto-Rocios-1.jpg",1600,1066,false],"thumbnail":["https:\/\/wp.uaslp.mx\/noticias\/wp-content\/uploads\/sites\/5\/2023\/07\/Pilar-Boyero-Concierto-Rocios-1-150x150.jpg",150,150,true],"medium":["https:\/\/wp.uaslp.mx\/noticias\/wp-content\/uploads\/sites\/5\/2023\/07\/Pilar-Boyero-Concierto-Rocios-1-1024x682.jpg",1024,682,true],"medium_large":["https:\/\/wp.uaslp.mx\/noticias\/wp-content\/uploads\/sites\/5\/2023\/07\/Pilar-Boyero-Concierto-Rocios-1-768x512.jpg",640,427,true],"large":["https:\/\/wp.uaslp.mx\/noticias\/wp-content\/uploads\/sites\/5\/2023\/07\/Pilar-Boyero-Concierto-Rocios-1.jpg",1600,1066,false],"1536x1536":["https:\/\/wp.uaslp.mx\/noticias\/wp-content\/uploads\/sites\/5\/2023\/07\/Pilar-Boyero-Concierto-Rocios-1-1536x1023.jpg",1536,1023,true],"2048x2048":["https:\/\/wp.uaslp.mx\/noticias\/wp-content\/uploads\/sites\/5\/2023\/07\/Pilar-Boyero-Concierto-Rocios-1.jpg",1600,1066,false],"newsever-slider-full":["https:\/\/wp.uaslp.mx\/noticias\/wp-content\/uploads\/sites\/5\/2023\/07\/Pilar-Boyero-Concierto-Rocios-1-1280x845.jpg",1280,845,true],"newsever-featured":["https:\/\/wp.uaslp.mx\/noticias\/wp-content\/uploads\/sites\/5\/2023\/07\/Pilar-Boyero-Concierto-Rocios-1-1024x682.jpg",1024,682,true],"newsever-medium":["https:\/\/wp.uaslp.mx\/noticias\/wp-content\/uploads\/sites\/5\/2023\/07\/Pilar-Boyero-Concierto-Rocios-1-720x475.jpg",720,475,true],"mailpoet_newsletter_max":["https:\/\/wp.uaslp.mx\/noticias\/wp-content\/uploads\/sites\/5\/2023\/07\/Pilar-Boyero-Concierto-Rocios-1-1320x879.jpg",1320,879,true]},"author_info":{"display_name":"Prensa y difusi\u00f3n","author_link":"https:\/\/wp.uaslp.mx\/noticias\/author\/giovannamorales\/"},"category_info":"<a href=\"https:\/\/wp.uaslp.mx\/noticias\/category\/arteycultura\/\" rel=\"category tag\">Arte y cultura<\/a>","tag_info":"Arte y cultura","comment_count":"0","_links":{"self":[{"href":"https:\/\/wp.uaslp.mx\/noticias\/wp-json\/wp\/v2\/posts\/9991","targetHints":{"allow":["GET"]}}],"collection":[{"href":"https:\/\/wp.uaslp.mx\/noticias\/wp-json\/wp\/v2\/posts"}],"about":[{"href":"https:\/\/wp.uaslp.mx\/noticias\/wp-json\/wp\/v2\/types\/post"}],"author":[{"embeddable":true,"href":"https:\/\/wp.uaslp.mx\/noticias\/wp-json\/wp\/v2\/users\/12"}],"replies":[{"embeddable":true,"href":"https:\/\/wp.uaslp.mx\/noticias\/wp-json\/wp\/v2\/comments?post=9991"}],"version-history":[{"count":1,"href":"https:\/\/wp.uaslp.mx\/noticias\/wp-json\/wp\/v2\/posts\/9991\/revisions"}],"predecessor-version":[{"id":9993,"href":"https:\/\/wp.uaslp.mx\/noticias\/wp-json\/wp\/v2\/posts\/9991\/revisions\/9993"}],"wp:featuredmedia":[{"embeddable":true,"href":"https:\/\/wp.uaslp.mx\/noticias\/wp-json\/wp\/v2\/media\/9992"}],"wp:attachment":[{"href":"https:\/\/wp.uaslp.mx\/noticias\/wp-json\/wp\/v2\/media?parent=9991"}],"wp:term":[{"taxonomy":"category","embeddable":true,"href":"https:\/\/wp.uaslp.mx\/noticias\/wp-json\/wp\/v2\/categories?post=9991"},{"taxonomy":"post_tag","embeddable":true,"href":"https:\/\/wp.uaslp.mx\/noticias\/wp-json\/wp\/v2\/tags?post=9991"}],"curies":[{"name":"wp","href":"https:\/\/api.w.org\/{rel}","templated":true}]}}