{"id":9988,"date":"2023-07-11T14:21:44","date_gmt":"2023-07-11T19:21:44","guid":{"rendered":"http:\/\/wp.uaslp.mx\/noticias\/?p=9988"},"modified":"2023-07-12T14:38:44","modified_gmt":"2023-07-12T19:38:44","slug":"uaslp-trabaja-para-combatir-el-dragon-amarillo-enfermedad-que-ataca-a-los-citricos-en-la-zona-media","status":"publish","type":"post","link":"https:\/\/wp.uaslp.mx\/noticias\/investigacion\/uaslp-trabaja-para-combatir-el-dragon-amarillo-enfermedad-que-ataca-a-los-citricos-en-la-zona-media\/","title":{"rendered":"UASLP trabaja para combatir el Drag\u00f3n Amarillo, enfermedad que ataca a los c\u00edtricos en la Zona Media\u00a0"},"content":{"rendered":"\n<p>La doctora Vanesa Olivares Illana, catedr\u00e1tica e investigadora del<a href=\"https:\/\/www.facebook.com\/InstitutoFisicaUASLP\" target=\"_blank\" rel=\"noopener\" title=\"\"> Instituto de F\u00edsica <\/a>de la Universidad Aut\u00f3noma de San Luis Potos\u00ed, se encuentra trabajando en investigaciones para combatir al \u201cDrag\u00f3n Amarillo\u201d, la cual es una enfermedad proveniente de Asia y que ataca a los c\u00edtricos como la naranja, lim\u00f3n, toronja, lima, mandarina, entre otros.&nbsp;<\/p>\n\n\n\n<p>Dijo que para la mayor\u00eda del mundo es un problema, sobre todo en las naranjas por su ciclo de vida, \u201cnuestro pa\u00eds es el cuarto productor de naranja en el mundo y San Luis Potos\u00ed es un estado productor de naranja; las zonas productoras son la Zona Huasteca y la Zona Media, donde desafortunadamente ya est\u00e1n contaminadas con el Drag\u00f3n Amarillo\u201d.&nbsp;<\/p>\n\n\n\n<p>Explic\u00f3 que el Drag\u00f3n Amarillo, es una enfermedad producida por una bacteria que entra a la planta, creando un polisac\u00e1rido que tapa los conductos de la planta, lo que le produce da\u00f1os. &nbsp;<\/p>\n\n\n\n<p>\u201cLos s\u00edntomas se pueden ver desde las hojas, que se ponen amarillas, se secan y se caen; en la fruta lo podemos reconocer por que las naranjas pueden estar de un lado color verde y por el otro, color naranja\u201d. Otro s\u00edntoma es que la maduraci\u00f3n no es buena, la naranja no es dulce y no crecen; el \u00faltimo paso de la enfermedad es la muerte del \u00e1rbol.&nbsp;<\/p>\n\n\n\n<p>Se\u00f1al\u00f3 que el Drag\u00f3n Amarillo ha generado importantes p\u00e9rdidas econ\u00f3micas entre los productores de naranja y c\u00edtricos en general, ya que aunque se sabe de esta enfermedad, a\u00fan no se ha logrado aislar, ni estudiar para realizar un tratamiento eficaz. &nbsp;<\/p>\n\n\n\n<p>\u201cEsta enfermedad es provocada por la bacteria Candidatus Liberibacter, y se llama Candidatus porque a\u00fan no se a\u00edsla, por lo que es un candidato con diferentes nombres, aunque el que nos afecta es el Candidatus Liberibacter Asiaticus, que es el que nos afecta en general a todo el mundo\u201d.&nbsp;<\/p>\n\n\n\n<p>Detall\u00f3 que esta bacteria lleg\u00f3 de China a M\u00e9xico por Nayarit por medio del insecto Diaphorina Citri que se adapt\u00f3 al clima y se empez\u00f3 a reproducir propagando las bacterias en las plantas de las que se alimenta. &nbsp;<\/p>\n\n\n\n<p>\u201cEs en ese insecto en donde se han centrado los esfuerzos para controlar la enfermedad con el uso de insecticidas; hay una manera de controlar la enfermedad con control biol\u00f3gico, porque hay insectos que se alimentan de la Diaphorina como las catarinas\u201d.&nbsp;<\/p>\n\n\n\n<p>La doctora Vanesa Olivares explic\u00f3 que desde el Instituto de F\u00edsica se est\u00e1 trabajando con la SEDARH y los productores para encontrar un tratamiento eficaz, ya que es en la Zona Media donde existen m\u00e1s afectaciones, como Rioverde, El Refugio y Ciudad Fern\u00e1ndez.&nbsp;<\/p>\n\n\n\n<p>\u201cEstamos haciendo un estudio multifuncional porque sabemos que no solo depende de la bacteria, sino de otros factores que potencian la bacteria para que pueda destruir un \u00e1rbol, estamos trabajando para poder localizar estos factores. Tenemos que entender qu\u00e9 est\u00e1 pasando y poder entender el cultivo y otros factores para ayudarles a encontrarlos y eliminar esa bacteria\u201d.&nbsp;<\/p>\n\n\n\n<p>Finalmente, la doctora Olivares destac\u00f3 que desde la academia se pueden tener avances, aunque se sigue trabajando para poder erradicar esta enfermedad que ataca a los c\u00edtricos a nivel mundial. \u201cDentro de la UASLP hacemos el diagn\u00f3stico molecular por PCR para monitorear los procesos y ofrecer un tratamiento multifactorial, sectorizando las regiones\u201d.<\/p>\n\n\n\n<p class=\"has-text-align-right\"><em>Hugo Lauss\u00edn\/MR<\/em><\/p>\n","protected":false},"excerpt":{"rendered":"<p>La doctora Vanesa Olivares Illana, catedr\u00e1tica e investigadora del Instituto de F\u00edsica de la Universidad&#8230;<\/p>\n","protected":false},"author":12,"featured_media":9989,"comment_status":"closed","ping_status":"closed","sticky":false,"template":"","format":"standard","meta":{"pgc_sgb_lightbox_settings":"","footnotes":""},"categories":[10],"tags":[1491,1056],"class_list":["post-9988","post","type-post","status-publish","format-standard","has-post-thumbnail","hentry","category-investigacion","tag-dragon-amarillo","tag-zona-huasteca"],"featured_image_urls":{"full":["https:\/\/wp.uaslp.mx\/noticias\/wp-content\/uploads\/sites\/5\/2023\/07\/VANESA-OLIVARES-ILLANA-IMG_0870.jpg",1600,1200,false],"thumbnail":["https:\/\/wp.uaslp.mx\/noticias\/wp-content\/uploads\/sites\/5\/2023\/07\/VANESA-OLIVARES-ILLANA-IMG_0870-150x150.jpg",150,150,true],"medium":["https:\/\/wp.uaslp.mx\/noticias\/wp-content\/uploads\/sites\/5\/2023\/07\/VANESA-OLIVARES-ILLANA-IMG_0870-1024x768.jpg",1024,768,true],"medium_large":["https:\/\/wp.uaslp.mx\/noticias\/wp-content\/uploads\/sites\/5\/2023\/07\/VANESA-OLIVARES-ILLANA-IMG_0870-768x576.jpg",640,480,true],"large":["https:\/\/wp.uaslp.mx\/noticias\/wp-content\/uploads\/sites\/5\/2023\/07\/VANESA-OLIVARES-ILLANA-IMG_0870.jpg",1600,1200,false],"1536x1536":["https:\/\/wp.uaslp.mx\/noticias\/wp-content\/uploads\/sites\/5\/2023\/07\/VANESA-OLIVARES-ILLANA-IMG_0870-1536x1152.jpg",1536,1152,true],"2048x2048":["https:\/\/wp.uaslp.mx\/noticias\/wp-content\/uploads\/sites\/5\/2023\/07\/VANESA-OLIVARES-ILLANA-IMG_0870.jpg",1600,1200,false],"newsever-slider-full":["https:\/\/wp.uaslp.mx\/noticias\/wp-content\/uploads\/sites\/5\/2023\/07\/VANESA-OLIVARES-ILLANA-IMG_0870-1280x845.jpg",1280,845,true],"newsever-featured":["https:\/\/wp.uaslp.mx\/noticias\/wp-content\/uploads\/sites\/5\/2023\/07\/VANESA-OLIVARES-ILLANA-IMG_0870-1024x768.jpg",1024,768,true],"newsever-medium":["https:\/\/wp.uaslp.mx\/noticias\/wp-content\/uploads\/sites\/5\/2023\/07\/VANESA-OLIVARES-ILLANA-IMG_0870-720x475.jpg",720,475,true],"mailpoet_newsletter_max":["https:\/\/wp.uaslp.mx\/noticias\/wp-content\/uploads\/sites\/5\/2023\/07\/VANESA-OLIVARES-ILLANA-IMG_0870-1320x990.jpg",1320,990,true]},"author_info":{"display_name":"Prensa y difusi\u00f3n","author_link":"https:\/\/wp.uaslp.mx\/noticias\/author\/giovannamorales\/"},"category_info":"<a href=\"https:\/\/wp.uaslp.mx\/noticias\/category\/investigacion\/\" rel=\"category tag\">Investigaci\u00f3n<\/a>","tag_info":"Investigaci\u00f3n","comment_count":"0","_links":{"self":[{"href":"https:\/\/wp.uaslp.mx\/noticias\/wp-json\/wp\/v2\/posts\/9988","targetHints":{"allow":["GET"]}}],"collection":[{"href":"https:\/\/wp.uaslp.mx\/noticias\/wp-json\/wp\/v2\/posts"}],"about":[{"href":"https:\/\/wp.uaslp.mx\/noticias\/wp-json\/wp\/v2\/types\/post"}],"author":[{"embeddable":true,"href":"https:\/\/wp.uaslp.mx\/noticias\/wp-json\/wp\/v2\/users\/12"}],"replies":[{"embeddable":true,"href":"https:\/\/wp.uaslp.mx\/noticias\/wp-json\/wp\/v2\/comments?post=9988"}],"version-history":[{"count":2,"href":"https:\/\/wp.uaslp.mx\/noticias\/wp-json\/wp\/v2\/posts\/9988\/revisions"}],"predecessor-version":[{"id":10027,"href":"https:\/\/wp.uaslp.mx\/noticias\/wp-json\/wp\/v2\/posts\/9988\/revisions\/10027"}],"wp:featuredmedia":[{"embeddable":true,"href":"https:\/\/wp.uaslp.mx\/noticias\/wp-json\/wp\/v2\/media\/9989"}],"wp:attachment":[{"href":"https:\/\/wp.uaslp.mx\/noticias\/wp-json\/wp\/v2\/media?parent=9988"}],"wp:term":[{"taxonomy":"category","embeddable":true,"href":"https:\/\/wp.uaslp.mx\/noticias\/wp-json\/wp\/v2\/categories?post=9988"},{"taxonomy":"post_tag","embeddable":true,"href":"https:\/\/wp.uaslp.mx\/noticias\/wp-json\/wp\/v2\/tags?post=9988"}],"curies":[{"name":"wp","href":"https:\/\/api.w.org\/{rel}","templated":true}]}}