{"id":9951,"date":"2023-07-08T11:12:00","date_gmt":"2023-07-08T16:12:00","guid":{"rendered":"http:\/\/wp.uaslp.mx\/noticias\/?p=9951"},"modified":"2023-07-10T11:21:42","modified_gmt":"2023-07-10T16:21:42","slug":"facultad-de-ciencias-de-la-informacion-de-la-uaslp-develo-placa-conmemorativa-con-motivo-del-dia-nacional-del-bibliotecario","status":"publish","type":"post","link":"https:\/\/wp.uaslp.mx\/noticias\/academica\/facultad-de-ciencias-de-la-informacion-de-la-uaslp-develo-placa-conmemorativa-con-motivo-del-dia-nacional-del-bibliotecario\/","title":{"rendered":"Facultad de Ciencias de la Informaci\u00f3n de la UASLP devel\u00f3 placa conmemorativa con motivo del D\u00eda Nacional del Bibliotecario"},"content":{"rendered":"\n<p>Este viernes 7 de julio, la Facultad de <a href=\"https:\/\/www.facebook.com\/profile.php?id=100063693084743&amp;locale=es_LA\" target=\"_blank\" rel=\"noopener\" title=\"\">Ciencias de la Informaci\u00f3n <\/a>de la Universidad Aut\u00f3noma de San Luis Potos\u00ed, devel\u00f3 en las instalaciones del Centro Cultural Universitario \u201cCaja Real\u201d, la placa conmemorativa alusiva al per\u00edodo 1984-1996, tiempo durante el cual tuvo como sede esas instalaciones. El evento se realiz\u00f3 dentro del marco del D\u00eda Nacional del Bibliotecario, que se celebra este 20 de julio.<\/p>\n\n\n\n<p>Durante la ceremonia se cont\u00f3 con la presencia de la directora del plantel anfitri\u00f3n, Dra. Celia Mireles C\u00e1rdenas; el secretario acad\u00e9mico de la UASLP, Mtro. Jorge Alberto P\u00e9rez Gonz\u00e1lez; la Dra. Guadalupe Vega D\u00edaz, presidenta de la Asociaci\u00f3n Mexicana de Bibliotecarios; la Dra. Brenda Cabral Vargas, coordinadora del Colegio de Bibliotecolog\u00eda de la UNAM, y Michelle Rosas, secretaria del Colegio Nacional de Bibliotecarios, entre otras personalidades, destacando la presencia de la fundadora de la Facultad, maestra Mar\u00eda de los \u00c1ngeles Flores Ochoa, as\u00ed como de ex directoras del plantel.<\/p>\n\n\n\n<p>Posteriormente, se llev\u00f3 a cabo la firma de convenio con SARIP Infoestrat\u00e9gica para la \u201cLicencia de uso exclusivamente acad\u00e9mico del software SARIP\u201d para la capacitaci\u00f3n y ense\u00f1anza de profesores y alumnos de la Facultad. La firma estuvo a cargo del Mtro. Mart\u00edn Joel Gonz\u00e1lez de Anda, &nbsp;abogado general de la UASLP.<\/p>\n\n\n\n<p>Como parte del programa, se dict\u00f3 la conferencia \u201cBibliotecarios en entornos informativos cr\u00edticos\u201d, a cargo del Dr. Manuel Bernal Coronel, director de Bibliotecas de la Universidad Panamericana. Tambi\u00e9n se efect\u00fao el Encuentro de Empleadores \u201cEscenarios de trabajo\u201d con la participaci\u00f3n de exitosos egresados insertos en el \u00e1mbito local y nacional. Finalmente, se reconoci\u00f3 con un homenaje p\u00f3stumo al Mtro. Oscar Saavedra, fundador de la Licenciatura en Biblioteconom\u00eda de la UASLP.<\/p>\n\n\n\n<p>Cabe destacar que la mayor parte de los egresados han logrado incorporarse en las principales bibliotecas y centros de informaci\u00f3n del estado y a nivel nacional, contribuyendo en la generaci\u00f3n y difusi\u00f3n de la productividad cient\u00edfica. La comunidad de la Facultad de Ciencias de la Informaci\u00f3n celebr\u00f3 emotivamente el quehacer de los profesionales del plantel y el impacto en la comunidad potosina.<\/p>\n\n\n\n<p class=\"has-text-align-right\"><em>Noelia Mart\u00ednez\/MR<\/em><\/p>\n\n\n\n<figure class=\"wp-block-gallery has-nested-images columns-default is-cropped wp-block-gallery-1 is-layout-flex wp-block-gallery-is-layout-flex\">\n<figure class=\"wp-block-image size-large\"><img loading=\"lazy\" decoding=\"async\" width=\"1600\" height=\"1066\" data-id=\"9955\" src=\"https:\/\/wp.uaslp.mx\/noticias\/wp-content\/uploads\/sites\/5\/2023\/07\/f968b052-43ed-4ccf-b68b-e4437fa636d0.jpg\" alt=\"\" class=\"wp-image-9955\" srcset=\"https:\/\/wp.uaslp.mx\/noticias\/wp-content\/uploads\/sites\/5\/2023\/07\/f968b052-43ed-4ccf-b68b-e4437fa636d0.jpg 1600w, https:\/\/wp.uaslp.mx\/noticias\/wp-content\/uploads\/sites\/5\/2023\/07\/f968b052-43ed-4ccf-b68b-e4437fa636d0-1024x682.jpg 1024w, https:\/\/wp.uaslp.mx\/noticias\/wp-content\/uploads\/sites\/5\/2023\/07\/f968b052-43ed-4ccf-b68b-e4437fa636d0-768x512.jpg 768w, https:\/\/wp.uaslp.mx\/noticias\/wp-content\/uploads\/sites\/5\/2023\/07\/f968b052-43ed-4ccf-b68b-e4437fa636d0-1536x1023.jpg 1536w, https:\/\/wp.uaslp.mx\/noticias\/wp-content\/uploads\/sites\/5\/2023\/07\/f968b052-43ed-4ccf-b68b-e4437fa636d0-1320x879.jpg 1320w\" sizes=\"auto, (max-width: 1600px) 100vw, 1600px\" \/><\/figure>\n<\/figure>\n","protected":false},"excerpt":{"rendered":"<p>Este viernes 7 de julio, la Facultad de Ciencias de la Informaci\u00f3n de la Universidad&#8230;<\/p>\n","protected":false},"author":12,"featured_media":9952,"comment_status":"closed","ping_status":"closed","sticky":false,"template":"","format":"standard","meta":{"pgc_sgb_lightbox_settings":"","footnotes":""},"categories":[2],"tags":[1199,195],"class_list":["post-9951","post","type-post","status-publish","format-standard","has-post-thumbnail","hentry","category-academica","tag-ciencias-de-la-informacion","tag-convenio"],"featured_image_urls":{"full":["https:\/\/wp.uaslp.mx\/noticias\/wp-content\/uploads\/sites\/5\/2023\/07\/b7883a30-9f36-42f1-8aab-0f122257e3aa.jpg",1600,1066,false],"thumbnail":["https:\/\/wp.uaslp.mx\/noticias\/wp-content\/uploads\/sites\/5\/2023\/07\/b7883a30-9f36-42f1-8aab-0f122257e3aa-150x150.jpg",150,150,true],"medium":["https:\/\/wp.uaslp.mx\/noticias\/wp-content\/uploads\/sites\/5\/2023\/07\/b7883a30-9f36-42f1-8aab-0f122257e3aa-1024x682.jpg",1024,682,true],"medium_large":["https:\/\/wp.uaslp.mx\/noticias\/wp-content\/uploads\/sites\/5\/2023\/07\/b7883a30-9f36-42f1-8aab-0f122257e3aa-768x512.jpg",640,427,true],"large":["https:\/\/wp.uaslp.mx\/noticias\/wp-content\/uploads\/sites\/5\/2023\/07\/b7883a30-9f36-42f1-8aab-0f122257e3aa.jpg",1600,1066,false],"1536x1536":["https:\/\/wp.uaslp.mx\/noticias\/wp-content\/uploads\/sites\/5\/2023\/07\/b7883a30-9f36-42f1-8aab-0f122257e3aa-1536x1023.jpg",1536,1023,true],"2048x2048":["https:\/\/wp.uaslp.mx\/noticias\/wp-content\/uploads\/sites\/5\/2023\/07\/b7883a30-9f36-42f1-8aab-0f122257e3aa.jpg",1600,1066,false],"newsever-slider-full":["https:\/\/wp.uaslp.mx\/noticias\/wp-content\/uploads\/sites\/5\/2023\/07\/b7883a30-9f36-42f1-8aab-0f122257e3aa-1280x845.jpg",1280,845,true],"newsever-featured":["https:\/\/wp.uaslp.mx\/noticias\/wp-content\/uploads\/sites\/5\/2023\/07\/b7883a30-9f36-42f1-8aab-0f122257e3aa-1024x682.jpg",1024,682,true],"newsever-medium":["https:\/\/wp.uaslp.mx\/noticias\/wp-content\/uploads\/sites\/5\/2023\/07\/b7883a30-9f36-42f1-8aab-0f122257e3aa-720x475.jpg",720,475,true],"mailpoet_newsletter_max":["https:\/\/wp.uaslp.mx\/noticias\/wp-content\/uploads\/sites\/5\/2023\/07\/b7883a30-9f36-42f1-8aab-0f122257e3aa-1320x879.jpg",1320,879,true]},"author_info":{"display_name":"Prensa y difusi\u00f3n","author_link":"https:\/\/wp.uaslp.mx\/noticias\/author\/giovannamorales\/"},"category_info":"<a href=\"https:\/\/wp.uaslp.mx\/noticias\/category\/academica\/\" rel=\"category tag\">Acad\u00e9mica<\/a>","tag_info":"Acad\u00e9mica","comment_count":"0","_links":{"self":[{"href":"https:\/\/wp.uaslp.mx\/noticias\/wp-json\/wp\/v2\/posts\/9951","targetHints":{"allow":["GET"]}}],"collection":[{"href":"https:\/\/wp.uaslp.mx\/noticias\/wp-json\/wp\/v2\/posts"}],"about":[{"href":"https:\/\/wp.uaslp.mx\/noticias\/wp-json\/wp\/v2\/types\/post"}],"author":[{"embeddable":true,"href":"https:\/\/wp.uaslp.mx\/noticias\/wp-json\/wp\/v2\/users\/12"}],"replies":[{"embeddable":true,"href":"https:\/\/wp.uaslp.mx\/noticias\/wp-json\/wp\/v2\/comments?post=9951"}],"version-history":[{"count":1,"href":"https:\/\/wp.uaslp.mx\/noticias\/wp-json\/wp\/v2\/posts\/9951\/revisions"}],"predecessor-version":[{"id":9956,"href":"https:\/\/wp.uaslp.mx\/noticias\/wp-json\/wp\/v2\/posts\/9951\/revisions\/9956"}],"wp:featuredmedia":[{"embeddable":true,"href":"https:\/\/wp.uaslp.mx\/noticias\/wp-json\/wp\/v2\/media\/9952"}],"wp:attachment":[{"href":"https:\/\/wp.uaslp.mx\/noticias\/wp-json\/wp\/v2\/media?parent=9951"}],"wp:term":[{"taxonomy":"category","embeddable":true,"href":"https:\/\/wp.uaslp.mx\/noticias\/wp-json\/wp\/v2\/categories?post=9951"},{"taxonomy":"post_tag","embeddable":true,"href":"https:\/\/wp.uaslp.mx\/noticias\/wp-json\/wp\/v2\/tags?post=9951"}],"curies":[{"name":"wp","href":"https:\/\/api.w.org\/{rel}","templated":true}]}}