{"id":9949,"date":"2023-07-09T11:12:00","date_gmt":"2023-07-09T16:12:00","guid":{"rendered":"http:\/\/wp.uaslp.mx\/noticias\/?p=9949"},"modified":"2023-07-10T11:36:38","modified_gmt":"2023-07-10T16:36:38","slug":"uaslp-invita-a-celebrar-el-13-aniversario-del-cc200-con-el-concierto-sinfonico-homenaje-a-las-grandes-rocios-durcal-y-jurado","status":"publish","type":"post","link":"https:\/\/wp.uaslp.mx\/noticias\/arteycultura\/uaslp-invita-a-celebrar-el-13-aniversario-del-cc200-con-el-concierto-sinfonico-homenaje-a-las-grandes-rocios-durcal-y-jurado\/","title":{"rendered":"UASLP invita a celebrar el 13 aniversario del CC200 con el Concierto Sinf\u00f3nico \u201cHomenaje a las grandes Roc\u00edos: D\u00farcal y Jurado\u201d"},"content":{"rendered":"\n<p>La Universidad Aut\u00f3noma de San Luis Potos\u00ed a trav\u00e9s de la<a href=\"https:\/\/www.facebook.com\/ArteyCulturaUASLP?locale=es_LA\" target=\"_blank\" rel=\"noopener\" title=\"\"> Secretar\u00eda de Difusi\u00f3n Cultural<\/a>, invita a toda la comunidad potosina el pr\u00f3ximo viernes 14 de julio de 2023, en punto de las 20:00 horas, a la celebraci\u00f3n de los 13 a\u00f1os del Centro Cultural Universitario Bicentenario (CC200), con el magno concierto sinf\u00f3nico \u201cHomenaje a las grandes Roc\u00edos: D\u00farcal y Jurado\u201d, a cargo de una de las m\u00e1ximas exponentes del flamenco, Pilar Boyero.<\/p>\n\n\n\n<p>La cantante, quien estar\u00e1 acompa\u00f1ada por la Orquesta Sinf\u00f3nica Universitaria, bajo la direcci\u00f3n del maestro Alfredo Ibarra, presentar\u00e1 una oportunidad \u00fanica e imperdible de poder escuchar los grandes \u00e9xitos de Roc\u00edo D\u00farcal y Roc\u00edo Jurado; en donde Pilar Boyero, due\u00f1a de una privilegiada voz y un poder interpretativo inigualable, ofrecer\u00e1 a las y los asistentes una espectacular velada que remite a la vida y obra de dos grandes artistas de todos los tiempos.<\/p>\n\n\n\n<p>Este concierto que ofrecer\u00e1 Pilar Boyero y la Orquesta Sinf\u00f3nica Universitaria, estar\u00e1 conformado por canciones ic\u00f3nicas como La gata bajo la lluvia, Como tu mujer, Me nace del Coraz\u00f3n, C\u00f3mo han pasado los a\u00f1os, Como una ola, Ese hombre, y Se\u00f1ora, entre muchas m\u00e1s.<\/p>\n\n\n\n<p>En tres d\u00e9cadas de carrera, Pilar Boyero ha logrado reivindicar la copla cl\u00e1sica, convirti\u00e9ndose en una gran int\u00e9rprete reconocida a nivel internacional y como una de las mayores exponentes de la m\u00fasica flamenca, enalteciendo la rumba, la buler\u00eda, el fandango y las sevillanas.<\/p>\n\n\n\n<p>A lo largo de 13 a\u00f1os, el Centro Cultural Universitario Bicentenario (CC200) se ha posicionado como una ventana abierta para la difusi\u00f3n y promoci\u00f3n de todas las expresiones y propuestas culturales, art\u00edsticas, cient\u00edficas y tecnol\u00f3gicas que se generan.<\/p>\n\n\n\n<p>Desde su creaci\u00f3n, el espacio se ha engalanado con la presencia del Grupo Jarocho de la Universidad Veracruzana, Patch Adams, Denise Dresser, Joan Manuel Serrat, Pablo Milan\u00e9s, Eugenia Le\u00f3n, Diego Luna, Concha Buika, Diego \u201cEl Cigala\u201d, Elena Poniatowska, Filippa Giordano, Fernando Luj\u00e1n, Ang\u00e9lica Arag\u00f3n.<\/p>\n\n\n\n<p>De igual manera, ha recibido espect\u00e1culos como Grupo Jarocho de la Universidad Veracruzana, Billy Elliot, Ballet Folcl\u00f3rico de Amalia Hern\u00e1ndez, Mariachi Vargas de Tecalitl\u00e1n, entre muchos otros.<\/p>\n\n\n\n<p>Los boletos ya se encuentran a la venta a trav\u00e9s de <a href=\"https:\/\/www.ticketone.mx\/rocios-durcal-jurado-sinfonico\/\" target=\"_blank\" rel=\"noopener\" title=\"\">www.ticketone.mx<\/a>, as\u00ed como de manera f\u00edsica en la tienda del CC200, en donde adem\u00e1s se aceptan vales de la Universidad. El costo de los boletos es de $350.00 zona preferente; $200.00, luneta y $150, primer piso.<\/p>\n","protected":false},"excerpt":{"rendered":"<p>La Universidad Aut\u00f3noma de San Luis Potos\u00ed a trav\u00e9s de la Secretar\u00eda de Difusi\u00f3n Cultural,&#8230;<\/p>\n","protected":false},"author":12,"featured_media":9957,"comment_status":"closed","ping_status":"closed","sticky":false,"template":"","format":"standard","meta":{"pgc_sgb_lightbox_settings":"","footnotes":""},"categories":[3],"tags":[42,1489],"class_list":["post-9949","post","type-post","status-publish","format-standard","has-post-thumbnail","hentry","category-arteycultura","tag-aniversario","tag-concierto-sinfonico"],"featured_image_urls":{"full":["https:\/\/wp.uaslp.mx\/noticias\/wp-content\/uploads\/sites\/5\/2023\/07\/concierto.png",1800,1200,false],"thumbnail":["https:\/\/wp.uaslp.mx\/noticias\/wp-content\/uploads\/sites\/5\/2023\/07\/concierto-150x150.png",150,150,true],"medium":["https:\/\/wp.uaslp.mx\/noticias\/wp-content\/uploads\/sites\/5\/2023\/07\/concierto-1024x683.png",1024,683,true],"medium_large":["https:\/\/wp.uaslp.mx\/noticias\/wp-content\/uploads\/sites\/5\/2023\/07\/concierto-768x512.png",640,427,true],"large":["https:\/\/wp.uaslp.mx\/noticias\/wp-content\/uploads\/sites\/5\/2023\/07\/concierto.png",1800,1200,false],"1536x1536":["https:\/\/wp.uaslp.mx\/noticias\/wp-content\/uploads\/sites\/5\/2023\/07\/concierto-1536x1024.png",1536,1024,true],"2048x2048":["https:\/\/wp.uaslp.mx\/noticias\/wp-content\/uploads\/sites\/5\/2023\/07\/concierto.png",1800,1200,false],"newsever-slider-full":["https:\/\/wp.uaslp.mx\/noticias\/wp-content\/uploads\/sites\/5\/2023\/07\/concierto-1280x845.png",1280,845,true],"newsever-featured":["https:\/\/wp.uaslp.mx\/noticias\/wp-content\/uploads\/sites\/5\/2023\/07\/concierto-1024x683.png",1024,683,true],"newsever-medium":["https:\/\/wp.uaslp.mx\/noticias\/wp-content\/uploads\/sites\/5\/2023\/07\/concierto-720x475.png",720,475,true],"mailpoet_newsletter_max":["https:\/\/wp.uaslp.mx\/noticias\/wp-content\/uploads\/sites\/5\/2023\/07\/concierto-1320x880.png",1320,880,true]},"author_info":{"display_name":"Prensa y difusi\u00f3n","author_link":"https:\/\/wp.uaslp.mx\/noticias\/author\/giovannamorales\/"},"category_info":"<a href=\"https:\/\/wp.uaslp.mx\/noticias\/category\/arteycultura\/\" rel=\"category tag\">Arte y cultura<\/a>","tag_info":"Arte y cultura","comment_count":"0","_links":{"self":[{"href":"https:\/\/wp.uaslp.mx\/noticias\/wp-json\/wp\/v2\/posts\/9949","targetHints":{"allow":["GET"]}}],"collection":[{"href":"https:\/\/wp.uaslp.mx\/noticias\/wp-json\/wp\/v2\/posts"}],"about":[{"href":"https:\/\/wp.uaslp.mx\/noticias\/wp-json\/wp\/v2\/types\/post"}],"author":[{"embeddable":true,"href":"https:\/\/wp.uaslp.mx\/noticias\/wp-json\/wp\/v2\/users\/12"}],"replies":[{"embeddable":true,"href":"https:\/\/wp.uaslp.mx\/noticias\/wp-json\/wp\/v2\/comments?post=9949"}],"version-history":[{"count":1,"href":"https:\/\/wp.uaslp.mx\/noticias\/wp-json\/wp\/v2\/posts\/9949\/revisions"}],"predecessor-version":[{"id":9950,"href":"https:\/\/wp.uaslp.mx\/noticias\/wp-json\/wp\/v2\/posts\/9949\/revisions\/9950"}],"wp:featuredmedia":[{"embeddable":true,"href":"https:\/\/wp.uaslp.mx\/noticias\/wp-json\/wp\/v2\/media\/9957"}],"wp:attachment":[{"href":"https:\/\/wp.uaslp.mx\/noticias\/wp-json\/wp\/v2\/media?parent=9949"}],"wp:term":[{"taxonomy":"category","embeddable":true,"href":"https:\/\/wp.uaslp.mx\/noticias\/wp-json\/wp\/v2\/categories?post=9949"},{"taxonomy":"post_tag","embeddable":true,"href":"https:\/\/wp.uaslp.mx\/noticias\/wp-json\/wp\/v2\/tags?post=9949"}],"curies":[{"name":"wp","href":"https:\/\/api.w.org\/{rel}","templated":true}]}}