{"id":9945,"date":"2023-07-09T10:34:00","date_gmt":"2023-07-09T15:34:00","guid":{"rendered":"http:\/\/wp.uaslp.mx\/noticias\/?p=9945"},"modified":"2023-07-10T10:45:04","modified_gmt":"2023-07-10T15:45:04","slug":"abre-uaslp-convocatoria-para-la-maestria-en-gobierno-y-politicas-publicas","status":"publish","type":"post","link":"https:\/\/wp.uaslp.mx\/noticias\/academica\/abre-uaslp-convocatoria-para-la-maestria-en-gobierno-y-politicas-publicas\/","title":{"rendered":"Abre UASLP convocatoria para la Maestr\u00eda en Gobierno y Pol\u00edticas P\u00fablicas"},"content":{"rendered":"\n<p>La Universidad Aut\u00f3noma de San Luis Potos\u00ed (UASLP), a trav\u00e9s de la Facultad de <a href=\"https:\/\/www.facebook.com\/facderuaslpoficial\" target=\"_blank\" rel=\"noopener\" title=\"\">Derecho<\/a>, la Facultad de <a href=\"https:\/\/www.facebook.com\/UASLPFCA\" target=\"_blank\" rel=\"noopener\" title=\"\">Contadur\u00eda y Administraci\u00f3n<\/a>, y la <a href=\"https:\/\/www.facebook.com\/profile.php?id=100036646666291\" target=\"_blank\" rel=\"noopener\" title=\"\">Facultad de Econom\u00eda<\/a>, lanz\u00f3 la convocatoria para el proceso de selecci\u00f3n de ingreso a la cuarta generaci\u00f3n (2024-2026) de la Maestr\u00eda en Gobierno y Pol\u00edticas P\u00fablicas.<br>\u00a0<br>El programa de posgrado busca adquirir un dominio conceptual y metodol\u00f3gico en el \u00e1mbito de la disciplina, as\u00ed como desarrollar habilidades anal\u00edticas y aptitudes creativas para el estudio del gobierno, los asuntos pol\u00edticos, las pol\u00edticas p\u00fablicas y su relaci\u00f3n con la sociedad. A trav\u00e9s de enfoques docentes innovadores y la participaci\u00f3n de acad\u00e9micos y profesionales del servicio p\u00fablico, se proporcionar\u00e1n herramientas y habilidades a los estudiantes basadas en su experiencia en el campo.<br>\u00a0<br>En entrevista el doctor Juan Mario Sol\u00eds Delgadillo, coordinador del posgrado en la Facultad de Derecho, se\u00f1al\u00f3 que la convocatoria se abri\u00f3 el 12 de junio y estar\u00e1 vigente hasta el 16 de octubre. Este amplio periodo permite a los interesados preparar su documentaci\u00f3n, enviar la informaci\u00f3n correspondiente y completar las siguientes etapas del proceso de admisi\u00f3n, que incluyen un examen de admisi\u00f3n y una entrevista con los aspirantes.<\/p>\n\n\n\n<p>Los resultados de la selecci\u00f3n se dar\u00e1n a conocer a finales de noviembre, para que los estudiantes aceptados puedan comenzar sus estudios en enero.<br>&nbsp;<br>La Maestr\u00eda en Gobierno y Pol\u00edticas P\u00fablicas es de car\u00e1cter interdisciplinario, lo que la hace atractiva para egresados de diferentes carreras que tienen un inter\u00e9s en esta \u00e1rea o que trabajan en campos relacionados. Con una duraci\u00f3n de cuatro semestres, las clases se inician en enero y la carga acad\u00e9mica consta de aproximadamente cuatro materias al mes, destac\u00f3.<br>&nbsp;<br>El programa se desarrolla bajo un enfoque semipresencial, lo que significa que algunas clases se imparten de manera virtual y otras de forma presencial. Esto permite superar las limitaciones espaciales del aula y facilita la participaci\u00f3n de estudiantes de otros municipios del estado y de la Rep\u00fablica, sin que sea necesario radicar en San Luis Potos\u00ed capital. Un ejemplo destacado es la participaci\u00f3n de una estudiante proveniente de la sierra de Oaxaca, quien tambi\u00e9n es becaria.<br>&nbsp;<br>La Maestr\u00eda en Gobierno y Pol\u00edticas P\u00fablicas cuenta con tres L\u00edneas de Generaci\u00f3n y Aplicaci\u00f3n del Conocimiento: Ciudadan\u00eda y acceso a derechos, Instituciones e inclusi\u00f3n social, y Pol\u00edticas p\u00fablicas y desigualdades estructurales. Estas l\u00edneas orientan los cuatro ejes del plan de estudios: Derecho, Ciencia Pol\u00edtica, Administraci\u00f3n P\u00fablica y Econom\u00eda.<br>&nbsp;<br>Los requisitos acad\u00e9micos para los aspirantes incluyen tener un t\u00edtulo universitario de licenciatura, acreditar un manejo b\u00e1sico del idioma ingl\u00e9s, presentar un dise\u00f1o de investigaci\u00f3n y someterse a un examen de admisi\u00f3n y a una entrevista con el Comit\u00e9 Acad\u00e9mico de la maestr\u00eda.<\/p>\n\n\n\n<p>El Comit\u00e9 Acad\u00e9mico podr\u00e1 ajustar los requisitos en funci\u00f3n de promover la igualdad de oportunidades y la inclusi\u00f3n de personas con discapacidad o pertenecientes a pueblos ind\u00edgenas, siempre y cuando se presenten las razones pertinentes por escrito.<br>\u00a0<br>Esta convocatoria representa una oportunidad \u00fanica para aquellos interesados en fortalecer sus conocimientos en el \u00e1mbito del gobierno y las pol\u00edticas p\u00fablicas. La UASLP, a trav\u00e9s de su compromiso con la formaci\u00f3n de profesionales altamente capacitados, invita a los aspirantes a participar en este proceso de selecci\u00f3n y a formar parte de la cuarta generaci\u00f3n de la Maestr\u00eda en Gobierno y Pol\u00edticas P\u00fablicas.<br>\u00a0<br>Para obtener m\u00e1s informaci\u00f3n sobre los requisitos y el proceso de selecci\u00f3n, se puede acceder a la convocatoria completa en el sitio <a href=\"https:\/\/www.derecho.uaslp.mx\/posgrado\/Paginas\/Maestrias\/3300#gsc.tab=0\" target=\"_blank\" rel=\"noopener\" title=\"\">web http:\/\/a.uaslp.mx\/MAGOPP <\/a>de la UASLP, o redes sociales o comunicarse con la Facultad de Derecho, la Facultad de Contadur\u00eda y Administraci\u00f3n o la Facultad de Econom\u00eda.<\/p>\n\n\n\n<figure class=\"wp-block-gallery has-nested-images columns-default is-cropped wp-block-gallery-1 is-layout-flex wp-block-gallery-is-layout-flex\">\n<figure class=\"wp-block-image size-large\"><a href=\"https:\/\/wp.uaslp.mx\/noticias\/wp-content\/uploads\/sites\/5\/2023\/07\/WhatsApp-Image-2023-07-09-at-2.31.48-PM-1.jpeg\"><img loading=\"lazy\" decoding=\"async\" width=\"1236\" height=\"1600\" data-id=\"9947\" src=\"https:\/\/wp.uaslp.mx\/noticias\/wp-content\/uploads\/sites\/5\/2023\/07\/WhatsApp-Image-2023-07-09-at-2.31.48-PM-1.jpeg\" alt=\"\" class=\"wp-image-9947\" srcset=\"https:\/\/wp.uaslp.mx\/noticias\/wp-content\/uploads\/sites\/5\/2023\/07\/WhatsApp-Image-2023-07-09-at-2.31.48-PM-1.jpeg 1236w, https:\/\/wp.uaslp.mx\/noticias\/wp-content\/uploads\/sites\/5\/2023\/07\/WhatsApp-Image-2023-07-09-at-2.31.48-PM-1-791x1024.jpeg 791w, https:\/\/wp.uaslp.mx\/noticias\/wp-content\/uploads\/sites\/5\/2023\/07\/WhatsApp-Image-2023-07-09-at-2.31.48-PM-1-768x994.jpeg 768w, https:\/\/wp.uaslp.mx\/noticias\/wp-content\/uploads\/sites\/5\/2023\/07\/WhatsApp-Image-2023-07-09-at-2.31.48-PM-1-1187x1536.jpeg 1187w, https:\/\/wp.uaslp.mx\/noticias\/wp-content\/uploads\/sites\/5\/2023\/07\/WhatsApp-Image-2023-07-09-at-2.31.48-PM-1-1024x1326.jpeg 1024w\" sizes=\"auto, (max-width: 1236px) 100vw, 1236px\" \/><\/a><\/figure>\n<\/figure>\n","protected":false},"excerpt":{"rendered":"<p>La Universidad Aut\u00f3noma de San Luis Potos\u00ed (UASLP), a trav\u00e9s de la Facultad de Derecho,&#8230;<\/p>\n","protected":false},"author":12,"featured_media":9946,"comment_status":"closed","ping_status":"closed","sticky":false,"template":"","format":"standard","meta":{"pgc_sgb_lightbox_settings":"","footnotes":""},"categories":[2],"tags":[1488],"class_list":["post-9945","post","type-post","status-publish","format-standard","has-post-thumbnail","hentry","category-academica","tag-maestria-en-gobierno-y-politicas-publicas"],"featured_image_urls":{"full":["https:\/\/wp.uaslp.mx\/noticias\/wp-content\/uploads\/sites\/5\/2023\/07\/WhatsApp-Image-2023-07-09-at-2.31.48-PM.jpeg",1280,853,false],"thumbnail":["https:\/\/wp.uaslp.mx\/noticias\/wp-content\/uploads\/sites\/5\/2023\/07\/WhatsApp-Image-2023-07-09-at-2.31.48-PM-150x150.jpeg",150,150,true],"medium":["https:\/\/wp.uaslp.mx\/noticias\/wp-content\/uploads\/sites\/5\/2023\/07\/WhatsApp-Image-2023-07-09-at-2.31.48-PM-1024x682.jpeg",1024,682,true],"medium_large":["https:\/\/wp.uaslp.mx\/noticias\/wp-content\/uploads\/sites\/5\/2023\/07\/WhatsApp-Image-2023-07-09-at-2.31.48-PM-768x512.jpeg",640,427,true],"large":["https:\/\/wp.uaslp.mx\/noticias\/wp-content\/uploads\/sites\/5\/2023\/07\/WhatsApp-Image-2023-07-09-at-2.31.48-PM.jpeg",1280,853,false],"1536x1536":["https:\/\/wp.uaslp.mx\/noticias\/wp-content\/uploads\/sites\/5\/2023\/07\/WhatsApp-Image-2023-07-09-at-2.31.48-PM.jpeg",1280,853,false],"2048x2048":["https:\/\/wp.uaslp.mx\/noticias\/wp-content\/uploads\/sites\/5\/2023\/07\/WhatsApp-Image-2023-07-09-at-2.31.48-PM.jpeg",1280,853,false],"newsever-slider-full":["https:\/\/wp.uaslp.mx\/noticias\/wp-content\/uploads\/sites\/5\/2023\/07\/WhatsApp-Image-2023-07-09-at-2.31.48-PM-1280x845.jpeg",1280,845,true],"newsever-featured":["https:\/\/wp.uaslp.mx\/noticias\/wp-content\/uploads\/sites\/5\/2023\/07\/WhatsApp-Image-2023-07-09-at-2.31.48-PM-1024x682.jpeg",1024,682,true],"newsever-medium":["https:\/\/wp.uaslp.mx\/noticias\/wp-content\/uploads\/sites\/5\/2023\/07\/WhatsApp-Image-2023-07-09-at-2.31.48-PM-720x475.jpeg",720,475,true],"mailpoet_newsletter_max":["https:\/\/wp.uaslp.mx\/noticias\/wp-content\/uploads\/sites\/5\/2023\/07\/WhatsApp-Image-2023-07-09-at-2.31.48-PM.jpeg",1280,853,false]},"author_info":{"display_name":"Prensa y difusi\u00f3n","author_link":"https:\/\/wp.uaslp.mx\/noticias\/author\/giovannamorales\/"},"category_info":"<a href=\"https:\/\/wp.uaslp.mx\/noticias\/category\/academica\/\" rel=\"category tag\">Acad\u00e9mica<\/a>","tag_info":"Acad\u00e9mica","comment_count":"0","_links":{"self":[{"href":"https:\/\/wp.uaslp.mx\/noticias\/wp-json\/wp\/v2\/posts\/9945","targetHints":{"allow":["GET"]}}],"collection":[{"href":"https:\/\/wp.uaslp.mx\/noticias\/wp-json\/wp\/v2\/posts"}],"about":[{"href":"https:\/\/wp.uaslp.mx\/noticias\/wp-json\/wp\/v2\/types\/post"}],"author":[{"embeddable":true,"href":"https:\/\/wp.uaslp.mx\/noticias\/wp-json\/wp\/v2\/users\/12"}],"replies":[{"embeddable":true,"href":"https:\/\/wp.uaslp.mx\/noticias\/wp-json\/wp\/v2\/comments?post=9945"}],"version-history":[{"count":1,"href":"https:\/\/wp.uaslp.mx\/noticias\/wp-json\/wp\/v2\/posts\/9945\/revisions"}],"predecessor-version":[{"id":9948,"href":"https:\/\/wp.uaslp.mx\/noticias\/wp-json\/wp\/v2\/posts\/9945\/revisions\/9948"}],"wp:featuredmedia":[{"embeddable":true,"href":"https:\/\/wp.uaslp.mx\/noticias\/wp-json\/wp\/v2\/media\/9946"}],"wp:attachment":[{"href":"https:\/\/wp.uaslp.mx\/noticias\/wp-json\/wp\/v2\/media?parent=9945"}],"wp:term":[{"taxonomy":"category","embeddable":true,"href":"https:\/\/wp.uaslp.mx\/noticias\/wp-json\/wp\/v2\/categories?post=9945"},{"taxonomy":"post_tag","embeddable":true,"href":"https:\/\/wp.uaslp.mx\/noticias\/wp-json\/wp\/v2\/tags?post=9945"}],"curies":[{"name":"wp","href":"https:\/\/api.w.org\/{rel}","templated":true}]}}