{"id":9937,"date":"2023-07-07T15:58:32","date_gmt":"2023-07-07T20:58:32","guid":{"rendered":"http:\/\/wp.uaslp.mx\/noticias\/?p=9937"},"modified":"2023-07-07T15:58:33","modified_gmt":"2023-07-07T20:58:33","slug":"generacion-2019-2023-de-la-coordinacion-academica-region-altiplano-recibe-carta-de-pasante","status":"publish","type":"post","link":"https:\/\/wp.uaslp.mx\/noticias\/academica\/generacion-2019-2023-de-la-coordinacion-academica-region-altiplano-recibe-carta-de-pasante\/","title":{"rendered":"Generaci\u00f3n 2019-2023 de la Coordinaci\u00f3n Acad\u00e9mica Regi\u00f3n Altiplano recibe carta de pasante"},"content":{"rendered":"\n<p>En ceremonia efectuada en el Teatro de las Artes de Salinas, autoridades de la <a href=\"https:\/\/www.facebook.com\/UASLPSALINAS\" target=\"_blank\" rel=\"noopener\" title=\"\">Coordinaci\u00f3n Acad\u00e9mica Regi\u00f3n Altiplano Oeste<\/a> (CARAO) de la Universidad Aut\u00f3noma de San Luis Potos\u00ed (UASLP), se realiz\u00f3 la entrega de cartas de pasante de los tres programas educativos: Ingenier\u00eda en Sistemas Computacionales, Ingenier\u00eda Agroindustrial, y Licenciatura en Administraci\u00f3n, generaci\u00f3n 2019-2023.<\/p>\n\n\n\n<p>Las y los egresados recibieron de manos del secretario acad\u00e9mico, Mtro. Jorge Alberto P\u00e9rez Gonz\u00e1lez, y del director de la Coordinaci\u00f3n Acad\u00e9mica Regi\u00f3n Altiplano Oeste, campus Salinas, Dr. Armando S\u00e1nchez Mac\u00edas, y otras autoridades del plantel, el documento que acredita su terminaci\u00f3n de estudios.<\/p>\n\n\n\n<p>En su mensaje, el maestro Jorge Alberto P\u00e9rez Gonz\u00e1lez, felicit\u00f3 a los 45 egresados de la generaci\u00f3n 2019-2023, el esfuerzo y dedicaci\u00f3n a sus estudios profesionales. Ante padres de familia y amigos, invit\u00f3 a los nuevos profesionistas enorgullecerse de su Universidad, y continuar su trayecto, sabedores de que tienen la capacidad de lograr lo que se propongan. &nbsp;<\/p>\n\n\n\n<p>A su vez, el Dr. Armando S\u00e1nchez Mac\u00edas, reconoci\u00f3 en la universidad un proceso de transformaci\u00f3n y evoluci\u00f3n para ser capaz de entender, enfatizar y actuar en favor de la sociedad. Destac\u00f3 que la misi\u00f3n y raz\u00f3n de ser de la Universidad se alcanza a trav\u00e9s de las acciones y obras de sus egresadas y egresados.<\/p>\n\n\n\n<p>\u201cHoy celebramos el cierre de un exitoso ciclo escolar, en el cual participaron los profesores, administrativos y personal de apoyo, avales de ustedes para que lograr\u00e1n su objetivo, tambi\u00e9n de familiares y amigos\u201d.<\/p>\n\n\n\n<p>A\u00f1adi\u00f3 que, en el pa\u00eds, hace falta que estas oportunidades lleguen a m\u00e1s j\u00f3venes talentosos para transitar hacia una sociedad igualitaria. Los 45 egresados fueron emprendedores y han demostrado que son capaces de asumir retos y superarlos.<\/p>\n\n\n\n<p class=\"has-text-align-right\"><em>Noelia Mart\u00ednez\/MR<\/em><\/p>\n\n\n\n<figure class=\"wp-block-gallery has-nested-images columns-default is-cropped wp-block-gallery-1 is-layout-flex wp-block-gallery-is-layout-flex\">\n<figure class=\"wp-block-image size-large\"><a href=\"https:\/\/wp.uaslp.mx\/noticias\/wp-content\/uploads\/sites\/5\/2023\/07\/thumbnail_Entrega-de-cartas-CARAO-2.jpg\"><img loading=\"lazy\" decoding=\"async\" width=\"1024\" height=\"576\" data-id=\"9942\" src=\"https:\/\/wp.uaslp.mx\/noticias\/wp-content\/uploads\/sites\/5\/2023\/07\/thumbnail_Entrega-de-cartas-CARAO-2.jpg\" alt=\"\" class=\"wp-image-9942\" srcset=\"https:\/\/wp.uaslp.mx\/noticias\/wp-content\/uploads\/sites\/5\/2023\/07\/thumbnail_Entrega-de-cartas-CARAO-2.jpg 1024w, https:\/\/wp.uaslp.mx\/noticias\/wp-content\/uploads\/sites\/5\/2023\/07\/thumbnail_Entrega-de-cartas-CARAO-2-768x432.jpg 768w\" sizes=\"auto, (max-width: 1024px) 100vw, 1024px\" \/><\/a><\/figure>\n\n\n\n<figure class=\"wp-block-image size-large\"><a href=\"https:\/\/wp.uaslp.mx\/noticias\/wp-content\/uploads\/sites\/5\/2023\/07\/thumbnail_Entrega-de-cartas-CARAO-3.jpg\"><img loading=\"lazy\" decoding=\"async\" width=\"1024\" height=\"576\" data-id=\"9943\" src=\"https:\/\/wp.uaslp.mx\/noticias\/wp-content\/uploads\/sites\/5\/2023\/07\/thumbnail_Entrega-de-cartas-CARAO-3.jpg\" alt=\"\" class=\"wp-image-9943\" srcset=\"https:\/\/wp.uaslp.mx\/noticias\/wp-content\/uploads\/sites\/5\/2023\/07\/thumbnail_Entrega-de-cartas-CARAO-3.jpg 1024w, https:\/\/wp.uaslp.mx\/noticias\/wp-content\/uploads\/sites\/5\/2023\/07\/thumbnail_Entrega-de-cartas-CARAO-3-768x432.jpg 768w\" sizes=\"auto, (max-width: 1024px) 100vw, 1024px\" \/><\/a><\/figure>\n<\/figure>\n","protected":false},"excerpt":{"rendered":"<p>En ceremonia efectuada en el Teatro de las Artes de Salinas, autoridades de la Coordinaci\u00f3n&#8230;<\/p>\n","protected":false},"author":12,"featured_media":9938,"comment_status":"closed","ping_status":"closed","sticky":false,"template":"","format":"standard","meta":{"pgc_sgb_lightbox_settings":"","footnotes":""},"categories":[2],"tags":[108,1487],"class_list":["post-9937","post","type-post","status-publish","format-standard","has-post-thumbnail","hentry","category-academica","tag-carao","tag-egresados-uaslp"],"featured_image_urls":{"full":["https:\/\/wp.uaslp.mx\/noticias\/wp-content\/uploads\/sites\/5\/2023\/07\/thumbnail_Entrega-de-cartas-CARAO-1.jpg",1024,576,false],"thumbnail":["https:\/\/wp.uaslp.mx\/noticias\/wp-content\/uploads\/sites\/5\/2023\/07\/thumbnail_Entrega-de-cartas-CARAO-1-150x150.jpg",150,150,true],"medium":["https:\/\/wp.uaslp.mx\/noticias\/wp-content\/uploads\/sites\/5\/2023\/07\/thumbnail_Entrega-de-cartas-CARAO-1.jpg",1024,576,false],"medium_large":["https:\/\/wp.uaslp.mx\/noticias\/wp-content\/uploads\/sites\/5\/2023\/07\/thumbnail_Entrega-de-cartas-CARAO-1-768x432.jpg",640,360,true],"large":["https:\/\/wp.uaslp.mx\/noticias\/wp-content\/uploads\/sites\/5\/2023\/07\/thumbnail_Entrega-de-cartas-CARAO-1.jpg",1024,576,false],"1536x1536":["https:\/\/wp.uaslp.mx\/noticias\/wp-content\/uploads\/sites\/5\/2023\/07\/thumbnail_Entrega-de-cartas-CARAO-1.jpg",1024,576,false],"2048x2048":["https:\/\/wp.uaslp.mx\/noticias\/wp-content\/uploads\/sites\/5\/2023\/07\/thumbnail_Entrega-de-cartas-CARAO-1.jpg",1024,576,false],"newsever-slider-full":["https:\/\/wp.uaslp.mx\/noticias\/wp-content\/uploads\/sites\/5\/2023\/07\/thumbnail_Entrega-de-cartas-CARAO-1.jpg",1024,576,false],"newsever-featured":["https:\/\/wp.uaslp.mx\/noticias\/wp-content\/uploads\/sites\/5\/2023\/07\/thumbnail_Entrega-de-cartas-CARAO-1.jpg",1024,576,false],"newsever-medium":["https:\/\/wp.uaslp.mx\/noticias\/wp-content\/uploads\/sites\/5\/2023\/07\/thumbnail_Entrega-de-cartas-CARAO-1-720x475.jpg",720,475,true],"mailpoet_newsletter_max":["https:\/\/wp.uaslp.mx\/noticias\/wp-content\/uploads\/sites\/5\/2023\/07\/thumbnail_Entrega-de-cartas-CARAO-1.jpg",1024,576,false]},"author_info":{"display_name":"Prensa y difusi\u00f3n","author_link":"https:\/\/wp.uaslp.mx\/noticias\/author\/giovannamorales\/"},"category_info":"<a href=\"https:\/\/wp.uaslp.mx\/noticias\/category\/academica\/\" rel=\"category tag\">Acad\u00e9mica<\/a>","tag_info":"Acad\u00e9mica","comment_count":"0","_links":{"self":[{"href":"https:\/\/wp.uaslp.mx\/noticias\/wp-json\/wp\/v2\/posts\/9937","targetHints":{"allow":["GET"]}}],"collection":[{"href":"https:\/\/wp.uaslp.mx\/noticias\/wp-json\/wp\/v2\/posts"}],"about":[{"href":"https:\/\/wp.uaslp.mx\/noticias\/wp-json\/wp\/v2\/types\/post"}],"author":[{"embeddable":true,"href":"https:\/\/wp.uaslp.mx\/noticias\/wp-json\/wp\/v2\/users\/12"}],"replies":[{"embeddable":true,"href":"https:\/\/wp.uaslp.mx\/noticias\/wp-json\/wp\/v2\/comments?post=9937"}],"version-history":[{"count":1,"href":"https:\/\/wp.uaslp.mx\/noticias\/wp-json\/wp\/v2\/posts\/9937\/revisions"}],"predecessor-version":[{"id":9944,"href":"https:\/\/wp.uaslp.mx\/noticias\/wp-json\/wp\/v2\/posts\/9937\/revisions\/9944"}],"wp:featuredmedia":[{"embeddable":true,"href":"https:\/\/wp.uaslp.mx\/noticias\/wp-json\/wp\/v2\/media\/9938"}],"wp:attachment":[{"href":"https:\/\/wp.uaslp.mx\/noticias\/wp-json\/wp\/v2\/media?parent=9937"}],"wp:term":[{"taxonomy":"category","embeddable":true,"href":"https:\/\/wp.uaslp.mx\/noticias\/wp-json\/wp\/v2\/categories?post=9937"},{"taxonomy":"post_tag","embeddable":true,"href":"https:\/\/wp.uaslp.mx\/noticias\/wp-json\/wp\/v2\/tags?post=9937"}],"curies":[{"name":"wp","href":"https:\/\/api.w.org\/{rel}","templated":true}]}}