{"id":9934,"date":"2023-07-07T15:34:47","date_gmt":"2023-07-07T20:34:47","guid":{"rendered":"http:\/\/wp.uaslp.mx\/noticias\/?p=9934"},"modified":"2023-07-07T15:34:50","modified_gmt":"2023-07-07T20:34:50","slug":"con-diversas-actividades-se-festejaran-85-anos-de-radio-universidad","status":"publish","type":"post","link":"https:\/\/wp.uaslp.mx\/noticias\/arteycultura\/con-diversas-actividades-se-festejaran-85-anos-de-radio-universidad\/","title":{"rendered":"Con diversas actividades se festejar\u00e1n 85 a\u00f1os de Radio Universidad &nbsp;"},"content":{"rendered":"\n<p>En el marco de los 100 a\u00f1os de Autonom\u00eda de la Universidad Aut\u00f3noma de San Luis Potos\u00ed, <a href=\"https:\/\/www.facebook.com\/radiotvuaslp\" target=\"_blank\" rel=\"noopener\" title=\"\">Radio Universidad<\/a>, celebra 85 a\u00f1os como medio de extensi\u00f3n en la difusi\u00f3n de la cultura, divulgaci\u00f3n de la ciencia, apreciaci\u00f3n de las artes y el an\u00e1lisis del entorno. \u00a0<\/p>\n\n\n\n<p>Desde su arranque en amplitud modulada en el 28 de julio de 1938, el proyecto ciudadano se ha construido por promotores culturales, artistas, estudiantes, asociaciones, docentes, activistas, personajes, colectivos, entre muchos otros actores que integran el tejido social de San Luis.&nbsp;<\/p>\n\n\n\n<p>Para conmemorar la fecha se realizaran reflexiones y acciones entre las que destacan el Marat\u00f3n Radiof\u00f3nico Crono-Radio con m\u00e1s de 30 productores, ex productores y exdirectores de diversas \u00e9pocas quienes compartir\u00e1n mesas de di\u00e1logo en torno a los hechos m\u00e1s importantes que han marcado la historia en la dimensi\u00f3n internacional, nacional, local y universitaria a trav\u00e9s de la divulgaci\u00f3n en un tono din\u00e1mico, did\u00e1ctico y emotivo. &nbsp;<\/p>\n\n\n\n<p>Una l\u00ednea del tiempo desde los 30 a la actualidad a trav\u00e9s de un marat\u00f3n radiof\u00f3nico de 10 horas ininterrumpidas. El evento ser\u00e1 el martes 18 de julio de las 10:00 a 20:00 hrs. en la Plaza de Armas.&nbsp;<\/p>\n\n\n\n<p>Por otra parte, el mi\u00e9rcoles 19 de julio a las 20:00 hrs. se realizar\u00e1 en el patio del Edificio Central, el Concierto: Por la cultura y por el arte. <a href=\"http:\/\/radioytelevision.uaslp.mx\/?fbclid=IwAR1evq-zPnZcaQ5WX66Fi0N9svcVnNPYZ2DK7LR4DNc7_tbQPz5Z8Z25uG8\" target=\"_blank\" rel=\"noopener\" title=\"\">1190 AM<\/a> celebra con sus audiencias el origen, la historia y el gusto por la m\u00fasica cl\u00e1sica con el grupo Tempus Cualli que interpretar\u00e1 m\u00fasica de la \u00e9poca Virreinal con un programa con la m\u00fasica Novohispana contenida en los m\u00e1s representativos C\u00f3dices de Sudam\u00e9rica y de la riqueza po\u00e9tico-musical resultado del sincretismo o hibridaci\u00f3n de dos o m\u00e1s tradiciones musicales provenientes de las diversas regiones de nuestro M\u00e9xico.\u00a0<\/p>\n\n\n\n<p>El jueves 20 de julio a las 18:30 horas tambi\u00e9n en el Patio del Edificio Central y con entrada libre se realizar\u00e1 el Concierto: Voces libres y diversas.&nbsp;<\/p>\n\n\n\n<p>Las frecuencias <a href=\"http:\/\/radioytelevision.uaslp.mx\/?fbclid=IwAR1evq-zPnZcaQ5WX66Fi0N9svcVnNPYZ2DK7LR4DNc7_tbQPz5Z8Z25uG8\" target=\"_blank\" rel=\"noopener\" title=\"\">88.5 FM y 91.9 FM <\/a>festejan a su audiencia con un concierto de rock, se presentar\u00e1n dos propuestas potosinas que se construyen desde lo local e independiente. Esta ser\u00e1 una oportunidad de tomar los espacios institucionales para apreciarlos desde una nueva visi\u00f3n, con m\u00fasica dedicada a los \u00e1vidos de encontrar las nuevas voces.\u00a0<\/p>\n\n\n\n<p>Azul Radio, una novel banda que experimenta con las posibilidades del rock en espa\u00f1ol tiene la oportunidad de abrir el evento. Una propuesta que comienza a construirse pero que ha logrado posicionarse en el gusto del p\u00fablico. &nbsp;<\/p>\n\n\n\n<p>Onyricats cerrada la tarde con una combinaci\u00f3n de guitarra, bajo y bater\u00eda que hace despertar de golpe al escuchar sus canciones. Ellas logran que una idea cl\u00e1sica se escuche nueva, como regresar a la adolescencia escuchando guitarrazos por primera vez.&nbsp;<\/p>\n","protected":false},"excerpt":{"rendered":"<p>En el marco de los 100 a\u00f1os de Autonom\u00eda de la Universidad Aut\u00f3noma de San&#8230;<\/p>\n","protected":false},"author":12,"featured_media":9935,"comment_status":"closed","ping_status":"closed","sticky":false,"template":"","format":"standard","meta":{"pgc_sgb_lightbox_settings":"","footnotes":""},"categories":[3],"tags":[42,904],"class_list":["post-9934","post","type-post","status-publish","format-standard","has-post-thumbnail","hentry","category-arteycultura","tag-aniversario","tag-radio-universidad"],"featured_image_urls":{"full":["https:\/\/wp.uaslp.mx\/noticias\/wp-content\/uploads\/sites\/5\/2023\/07\/CabinaGris.png",1520,964,false],"thumbnail":["https:\/\/wp.uaslp.mx\/noticias\/wp-content\/uploads\/sites\/5\/2023\/07\/CabinaGris-150x150.png",150,150,true],"medium":["https:\/\/wp.uaslp.mx\/noticias\/wp-content\/uploads\/sites\/5\/2023\/07\/CabinaGris-1024x649.png",1024,649,true],"medium_large":["https:\/\/wp.uaslp.mx\/noticias\/wp-content\/uploads\/sites\/5\/2023\/07\/CabinaGris-768x487.png",640,406,true],"large":["https:\/\/wp.uaslp.mx\/noticias\/wp-content\/uploads\/sites\/5\/2023\/07\/CabinaGris.png",1520,964,false],"1536x1536":["https:\/\/wp.uaslp.mx\/noticias\/wp-content\/uploads\/sites\/5\/2023\/07\/CabinaGris.png",1520,964,false],"2048x2048":["https:\/\/wp.uaslp.mx\/noticias\/wp-content\/uploads\/sites\/5\/2023\/07\/CabinaGris.png",1520,964,false],"newsever-slider-full":["https:\/\/wp.uaslp.mx\/noticias\/wp-content\/uploads\/sites\/5\/2023\/07\/CabinaGris-1280x845.png",1280,845,true],"newsever-featured":["https:\/\/wp.uaslp.mx\/noticias\/wp-content\/uploads\/sites\/5\/2023\/07\/CabinaGris-1024x649.png",1024,649,true],"newsever-medium":["https:\/\/wp.uaslp.mx\/noticias\/wp-content\/uploads\/sites\/5\/2023\/07\/CabinaGris-720x475.png",720,475,true],"mailpoet_newsletter_max":["https:\/\/wp.uaslp.mx\/noticias\/wp-content\/uploads\/sites\/5\/2023\/07\/CabinaGris-1320x837.png",1320,837,true]},"author_info":{"display_name":"Prensa y difusi\u00f3n","author_link":"https:\/\/wp.uaslp.mx\/noticias\/author\/giovannamorales\/"},"category_info":"<a href=\"https:\/\/wp.uaslp.mx\/noticias\/category\/arteycultura\/\" rel=\"category tag\">Arte y cultura<\/a>","tag_info":"Arte y cultura","comment_count":"0","_links":{"self":[{"href":"https:\/\/wp.uaslp.mx\/noticias\/wp-json\/wp\/v2\/posts\/9934","targetHints":{"allow":["GET"]}}],"collection":[{"href":"https:\/\/wp.uaslp.mx\/noticias\/wp-json\/wp\/v2\/posts"}],"about":[{"href":"https:\/\/wp.uaslp.mx\/noticias\/wp-json\/wp\/v2\/types\/post"}],"author":[{"embeddable":true,"href":"https:\/\/wp.uaslp.mx\/noticias\/wp-json\/wp\/v2\/users\/12"}],"replies":[{"embeddable":true,"href":"https:\/\/wp.uaslp.mx\/noticias\/wp-json\/wp\/v2\/comments?post=9934"}],"version-history":[{"count":1,"href":"https:\/\/wp.uaslp.mx\/noticias\/wp-json\/wp\/v2\/posts\/9934\/revisions"}],"predecessor-version":[{"id":9936,"href":"https:\/\/wp.uaslp.mx\/noticias\/wp-json\/wp\/v2\/posts\/9934\/revisions\/9936"}],"wp:featuredmedia":[{"embeddable":true,"href":"https:\/\/wp.uaslp.mx\/noticias\/wp-json\/wp\/v2\/media\/9935"}],"wp:attachment":[{"href":"https:\/\/wp.uaslp.mx\/noticias\/wp-json\/wp\/v2\/media?parent=9934"}],"wp:term":[{"taxonomy":"category","embeddable":true,"href":"https:\/\/wp.uaslp.mx\/noticias\/wp-json\/wp\/v2\/categories?post=9934"},{"taxonomy":"post_tag","embeddable":true,"href":"https:\/\/wp.uaslp.mx\/noticias\/wp-json\/wp\/v2\/tags?post=9934"}],"curies":[{"name":"wp","href":"https:\/\/api.w.org\/{rel}","templated":true}]}}