{"id":9063,"date":"2023-05-12T15:35:11","date_gmt":"2023-05-12T20:35:11","guid":{"rendered":"http:\/\/wp.uaslp.mx\/noticias\/?p=9063"},"modified":"2023-05-12T15:35:13","modified_gmt":"2023-05-12T20:35:13","slug":"con-diversas-actividades-la-uaslp-se-une-a-los-festejos-por-el-dia-mundial-de-los-museos","status":"publish","type":"post","link":"https:\/\/wp.uaslp.mx\/noticias\/arteycultura\/con-diversas-actividades-la-uaslp-se-une-a-los-festejos-por-el-dia-mundial-de-los-museos\/","title":{"rendered":"Con diversas actividades la UASLP se une a los festejos por el D\u00eda Mundial de los Museos"},"content":{"rendered":"\n<p>La Universidad Aut\u00f3noma de San Luis Potos\u00ed a trav\u00e9s de la <a href=\"https:\/\/www.facebook.com\/profile.php?id=100068619993470\" target=\"_blank\" rel=\"noopener\" title=\"\">Secretar\u00eda de Difusi\u00f3n Cultural <\/a>en colaboraci\u00f3n con Secretar\u00eda de Cultura de San Luis Potos\u00ed se une a la celebraci\u00f3n por el D\u00eda Internacional de los Museos (DIM) 2023, que se festeja el pr\u00f3ximo 18 de mayo, iniciando las actividades desde el 16 del mismo mes.<\/p>\n\n\n\n<p>Ante dicha celebraci\u00f3n la Caja Real Centro Cultural Universitario y el Museo de Sitio del Edificio Central ser\u00e1n los espacios destinados a la celebraci\u00f3n, la cual, resalta la relaci\u00f3n que existe entre los \u201cmuseos, sostenibilidad y bienestar\u201d, por tal motivo, se ha desarrollado un programa completo de actividades a las que puede asistir el p\u00fablico en general.<\/p>\n\n\n\n<p>En Caja Real UASLP se tendr\u00e1n visitas guiadas por la exposici\u00f3n Somos UASLP, la cual, conmemora los primeros 100 a\u00f1os de autonom\u00eda universitaria. As\u00ed mismo, en la sala audiovisual de la muestra, se presenta Sostenibilidad en corto, cortometrajes realizados en las convocatorias de Cineminuto, que abordan en sus tem\u00e1ticas los ODS.<\/p>\n\n\n\n<p>Los visitantes al Centro Cultural podr\u00e1n realizar una actividad para decorar mini macetas, que pueden contener cactus o suculentas, del martes 16 al viernes 19 en un horario de 12:00 a 14:00 y de 15:00 a 17:00 hrs., adem\u00e1s de ofrecer\u00e1 la charla Cactus y suculentas, sus tipos y cuidados, impartida por el Ing. Alberto Ortiz, el mi\u00e9rcoles 17 a las 17:00 hrs.<\/p>\n\n\n\n<p>El jueves 18 a las 19:00 hrs., en Caja Real, se llevar\u00e1 a cabo la presentaci\u00f3n Stand up por la ciencia con Axel Tejada, quien se caracteriza por ser divulgador de la ciencia a trav\u00e9s de la comedia.<\/p>\n\n\n\n<p>De manera conjunta con Agenda Ambiental de la UASLP, el viernes 19 a las 19:00 hrs., se llevar\u00e1 a cabo en el patio de Caja Real, la premiaci\u00f3n del Segundo Concurso de fotograf\u00eda, Responsabilidad universitaria en el desarrollo sostenible.<\/p>\n\n\n\n<p>El s\u00e1bado 20 a las 10:00 hrs., tendr\u00e1 lugar en Caja Real la Bici escuela, actividad en la que se da a conocer las reglas de circulaci\u00f3n y tr\u00e1nsito para los ciclistas, as\u00ed como los arreglos b\u00e1sicos de la bicicleta.<\/p>\n\n\n\n<p>A partir del martes 16 y hasta el viernes 19 se podr\u00e1 apreciar en la entrada del Museo de Sitio ubicado en el Edificio Central de la UASLP, la exposici\u00f3n fotogr\u00e1fica, A la uni caminando, en bici o en cami\u00f3n, la cual tiene el objetivo de mostrar las acciones que se pueden realizar para combatir el cambio clim\u00e1tico adoptando pr\u00e1cticas bajas en carbono.<\/p>\n\n\n\n<p>Adem\u00e1s, el Centro Cultural Caja Real participar\u00e1 en el Rally dentro del circuito de Arte Contempor\u00e1neo en conjunto con el Instituto Potosino de Bellas Artes, Museo Federico Silva, Centro de Difusi\u00f3n Cultural \u201cRa\u00fal Gamboa\u201d, Museo de Arte Contempor\u00e1neo.<\/p>\n\n\n\n<p>Se podr\u00e1 participar del 18 al 21 de mayo, tiempo en el cual se debe llenar una papeleta con los sellos que se pondr\u00e1n despu\u00e9s de responder algunas preguntas o encontrar las pistas de todos los espacios del circuito.<\/p>\n\n\n\n<p>Las actividades no tienen costo, sin embargo, en algunas de ellas existe cupo limitado, por lo que recomendamos estar pendiente de las redes sociales de la Secretar\u00eda de Difusi\u00f3n Cultural de la UASLP, as\u00ed como de Caja Real UASLP, el Museo de Sitio UASLP, y los perfiles oficiales del DIM SLP 2023, en donde se dar\u00e1n m\u00e1s detalles de la programaci\u00f3n y participaci\u00f3n del p\u00fablico.<\/p>\n","protected":false},"excerpt":{"rendered":"<p>La Universidad Aut\u00f3noma de San Luis Potos\u00ed a trav\u00e9s de la Secretar\u00eda de Difusi\u00f3n Cultural&#8230;<\/p>\n","protected":false},"author":12,"featured_media":9064,"comment_status":"closed","ping_status":"closed","sticky":false,"template":"","format":"standard","meta":{"pgc_sgb_lightbox_settings":"","footnotes":""},"categories":[3],"tags":[1409],"class_list":["post-9063","post","type-post","status-publish","format-standard","has-post-thumbnail","hentry","category-arteycultura","tag-dia-internacional-de-los-museos"],"featured_image_urls":{"full":["https:\/\/wp.uaslp.mx\/noticias\/wp-content\/uploads\/sites\/5\/2023\/05\/alex-tejeda.jpg",1200,1200,false],"thumbnail":["https:\/\/wp.uaslp.mx\/noticias\/wp-content\/uploads\/sites\/5\/2023\/05\/alex-tejeda-150x150.jpg",150,150,true],"medium":["https:\/\/wp.uaslp.mx\/noticias\/wp-content\/uploads\/sites\/5\/2023\/05\/alex-tejeda-1024x1024.jpg",1024,1024,true],"medium_large":["https:\/\/wp.uaslp.mx\/noticias\/wp-content\/uploads\/sites\/5\/2023\/05\/alex-tejeda-768x768.jpg",640,640,true],"large":["https:\/\/wp.uaslp.mx\/noticias\/wp-content\/uploads\/sites\/5\/2023\/05\/alex-tejeda.jpg",1200,1200,false],"1536x1536":["https:\/\/wp.uaslp.mx\/noticias\/wp-content\/uploads\/sites\/5\/2023\/05\/alex-tejeda.jpg",1200,1200,false],"2048x2048":["https:\/\/wp.uaslp.mx\/noticias\/wp-content\/uploads\/sites\/5\/2023\/05\/alex-tejeda.jpg",1200,1200,false],"newsever-slider-full":["https:\/\/wp.uaslp.mx\/noticias\/wp-content\/uploads\/sites\/5\/2023\/05\/alex-tejeda-1200x845.jpg",1200,845,true],"newsever-featured":["https:\/\/wp.uaslp.mx\/noticias\/wp-content\/uploads\/sites\/5\/2023\/05\/alex-tejeda-1024x1024.jpg",1024,1024,true],"newsever-medium":["https:\/\/wp.uaslp.mx\/noticias\/wp-content\/uploads\/sites\/5\/2023\/05\/alex-tejeda-720x475.jpg",720,475,true],"mailpoet_newsletter_max":["https:\/\/wp.uaslp.mx\/noticias\/wp-content\/uploads\/sites\/5\/2023\/05\/alex-tejeda.jpg",1200,1200,false]},"author_info":{"display_name":"Prensa y difusi\u00f3n","author_link":"https:\/\/wp.uaslp.mx\/noticias\/author\/giovannamorales\/"},"category_info":"<a href=\"https:\/\/wp.uaslp.mx\/noticias\/category\/arteycultura\/\" rel=\"category tag\">Arte y cultura<\/a>","tag_info":"Arte y cultura","comment_count":"0","_links":{"self":[{"href":"https:\/\/wp.uaslp.mx\/noticias\/wp-json\/wp\/v2\/posts\/9063","targetHints":{"allow":["GET"]}}],"collection":[{"href":"https:\/\/wp.uaslp.mx\/noticias\/wp-json\/wp\/v2\/posts"}],"about":[{"href":"https:\/\/wp.uaslp.mx\/noticias\/wp-json\/wp\/v2\/types\/post"}],"author":[{"embeddable":true,"href":"https:\/\/wp.uaslp.mx\/noticias\/wp-json\/wp\/v2\/users\/12"}],"replies":[{"embeddable":true,"href":"https:\/\/wp.uaslp.mx\/noticias\/wp-json\/wp\/v2\/comments?post=9063"}],"version-history":[{"count":1,"href":"https:\/\/wp.uaslp.mx\/noticias\/wp-json\/wp\/v2\/posts\/9063\/revisions"}],"predecessor-version":[{"id":9065,"href":"https:\/\/wp.uaslp.mx\/noticias\/wp-json\/wp\/v2\/posts\/9063\/revisions\/9065"}],"wp:featuredmedia":[{"embeddable":true,"href":"https:\/\/wp.uaslp.mx\/noticias\/wp-json\/wp\/v2\/media\/9064"}],"wp:attachment":[{"href":"https:\/\/wp.uaslp.mx\/noticias\/wp-json\/wp\/v2\/media?parent=9063"}],"wp:term":[{"taxonomy":"category","embeddable":true,"href":"https:\/\/wp.uaslp.mx\/noticias\/wp-json\/wp\/v2\/categories?post=9063"},{"taxonomy":"post_tag","embeddable":true,"href":"https:\/\/wp.uaslp.mx\/noticias\/wp-json\/wp\/v2\/tags?post=9063"}],"curies":[{"name":"wp","href":"https:\/\/api.w.org\/{rel}","templated":true}]}}