{"id":8869,"date":"2023-04-25T16:31:20","date_gmt":"2023-04-25T21:31:20","guid":{"rendered":"http:\/\/wp.uaslp.mx\/noticias\/?p=8869"},"modified":"2023-04-25T16:31:22","modified_gmt":"2023-04-25T21:31:22","slug":"mejoramiento-en-la-ensenanza-y-formacion-de-estudiantes-objetivo-de-convenio-entre-la-uaslp-y-la-asociacion-potosina-de-abogados","status":"publish","type":"post","link":"https:\/\/wp.uaslp.mx\/noticias\/academica\/mejoramiento-en-la-ensenanza-y-formacion-de-estudiantes-objetivo-de-convenio-entre-la-uaslp-y-la-asociacion-potosina-de-abogados\/","title":{"rendered":"Mejoramiento en la ense\u00f1anza y formaci\u00f3n de estudiantes, objetivo de convenio entre la UASLP y la Asociaci\u00f3n Potosina de Abogados"},"content":{"rendered":"\n<p>La Universidad Aut\u00f3noma de San Luis Potos\u00ed (UASLP) a trav\u00e9s de la <a href=\"https:\/\/www.facebook.com\/facderuaslpoficial\" target=\"_blank\" rel=\"noopener\" title=\"\">Facultad de Derecho \u201cAbogado Ponciano Arriaga Leija\u201d <\/a>celebr\u00f3 acuerdo de colaboraci\u00f3n con la Asociaci\u00f3n Potosina de Abogados (APA), con la finalidad de formalizar y llevar a cabo acciones para crear un mayor v\u00ednculo entre las instituciones.<\/p>\n\n\n\n<p>Firmaron, por parte de la UASLP, el doctor Alejandro Javier Zerme\u00f1o Guerra en su calidad de rector de la Instituci\u00f3n, mientras que por parte de la APA hizo lo propio su presidente, el licenciado Marco Polo M\u00e9ndez Alonso. El acto tuvo lugar en las oficinas de Rector\u00eda del Edificio Central.<\/p>\n\n\n\n<p>Sobre este tema, el licenciado Federico Germ\u00e1n Pedroza Gait\u00e1n, director de la Facultad de Derecho \u201cAbogado Ponciano Arriaga Leija\u201d, destac\u00f3 la contribuci\u00f3n de la Asociaci\u00f3n de Abogados a la formaci\u00f3n acad\u00e9mica de las y los alumnos de la Facultad, \u201cy que hoy por hoy, participen en el mejoramiento de la calidad de la formaci\u00f3n de nuestros estudiantes, pero fundamentalmente lo que es la ense\u00f1anza del Derecho\u201d.<\/p>\n\n\n\n<p>Por su parte, el doctor Alejandro Javier Zerme\u00f1o celebr\u00f3 este acuerdo de colaboraci\u00f3n y expres\u00f3 que el Derecho es uno de los pilares de la Universidad, al ser uno de los primeros programas en el Instituto Cient\u00edfico y Literario.<\/p>\n\n\n\n<p>\u201cLas C\u00e1tedras en Derecho son el pilar de nuestra actual Facultad, y ahora ustedes son receptores de nuestros alumnos al aceptarlos en las diferentes \u00e1reas y con ello retribuir lo que la Instituci\u00f3n les ha brindado, en beneficio de su formaci\u00f3n\u201d.<\/p>\n\n\n\n<p>Por su parte el licenciado Marco Polo M\u00e9ndez dijo estar contento por este convenio, \u201cya que la principal caracter\u00edstica de la Asociaci\u00f3n es la capacitaci\u00f3n y nosotros deseamos con este convenio, no solo con todo lo que pueda aportar la Universidad, sino tambi\u00e9n el de retribuir a nuestra Alma Mater, porque queremos seguir en esa modernizaci\u00f3n de nuestras instituciones\u201d.<\/p>\n\n\n\n<p>En la firma de convenio se cont\u00f3 tambi\u00e9n con la presencia del maestro Joel Mart\u00ednez de Anda, secretario general de la UASLP. Por parte de la APA, licenciada Erika Betzab\u00e9 Mart\u00ednez Ledezma, secretaria general; licenciada Sof\u00eda Hern\u00e1ndez V\u00e1zquez, tesorera; Francisco Javier Leyva Carrizales, consejero; licenciado Sergio Alfredo Montoya Sierra, de la Comisi\u00f3n de Educaci\u00f3n y DDHH, entre otros.<\/p>\n\n\n\n<p class=\"has-text-align-right\"><em>Hugo Lauss\u00edn\/MR<\/em><\/p>\n\n\n\n<figure class=\"wp-block-gallery has-nested-images columns-default is-cropped wp-block-gallery-1 is-layout-flex wp-block-gallery-is-layout-flex\">\n<figure class=\"wp-block-image size-large is-style-default\"><a href=\"https:\/\/wp.uaslp.mx\/noticias\/wp-content\/uploads\/sites\/5\/2023\/04\/ABOGADOS.jpg\"><img loading=\"lazy\" decoding=\"async\" width=\"1280\" height=\"853\" data-id=\"8872\" src=\"https:\/\/wp.uaslp.mx\/noticias\/wp-content\/uploads\/sites\/5\/2023\/04\/ABOGADOS.jpg\" alt=\"\" class=\"wp-image-8872\" srcset=\"https:\/\/wp.uaslp.mx\/noticias\/wp-content\/uploads\/sites\/5\/2023\/04\/ABOGADOS.jpg 1280w, https:\/\/wp.uaslp.mx\/noticias\/wp-content\/uploads\/sites\/5\/2023\/04\/ABOGADOS-1024x682.jpg 1024w, https:\/\/wp.uaslp.mx\/noticias\/wp-content\/uploads\/sites\/5\/2023\/04\/ABOGADOS-768x512.jpg 768w\" sizes=\"auto, (max-width: 1280px) 100vw, 1280px\" \/><\/a><\/figure>\n\n\n\n<figure class=\"wp-block-image size-large is-style-default\"><a href=\"https:\/\/wp.uaslp.mx\/noticias\/wp-content\/uploads\/sites\/5\/2023\/04\/potosinasABOGADOS.jpg\"><img loading=\"lazy\" decoding=\"async\" width=\"1280\" height=\"527\" data-id=\"8871\" src=\"https:\/\/wp.uaslp.mx\/noticias\/wp-content\/uploads\/sites\/5\/2023\/04\/potosinasABOGADOS.jpg\" alt=\"\" class=\"wp-image-8871\" srcset=\"https:\/\/wp.uaslp.mx\/noticias\/wp-content\/uploads\/sites\/5\/2023\/04\/potosinasABOGADOS.jpg 1280w, https:\/\/wp.uaslp.mx\/noticias\/wp-content\/uploads\/sites\/5\/2023\/04\/potosinasABOGADOS-1024x422.jpg 1024w, https:\/\/wp.uaslp.mx\/noticias\/wp-content\/uploads\/sites\/5\/2023\/04\/potosinasABOGADOS-768x316.jpg 768w\" sizes=\"auto, (max-width: 1280px) 100vw, 1280px\" \/><\/a><\/figure>\n<\/figure>\n","protected":false},"excerpt":{"rendered":"<p>La Universidad Aut\u00f3noma de San Luis Potos\u00ed (UASLP) a trav\u00e9s de la Facultad de Derecho&#8230;<\/p>\n","protected":false},"author":12,"featured_media":8870,"comment_status":"closed","ping_status":"closed","sticky":false,"template":"","format":"standard","meta":{"pgc_sgb_lightbox_settings":"","footnotes":""},"categories":[2],"tags":[1393,195],"class_list":["post-8869","post","type-post","status-publish","format-standard","has-post-thumbnail","hentry","category-academica","tag-asociacion-potosina-de-abogados","tag-convenio"],"featured_image_urls":{"full":["https:\/\/wp.uaslp.mx\/noticias\/wp-content\/uploads\/sites\/5\/2023\/04\/ABOGADOSSI.jpg",1280,853,false],"thumbnail":["https:\/\/wp.uaslp.mx\/noticias\/wp-content\/uploads\/sites\/5\/2023\/04\/ABOGADOSSI-150x150.jpg",150,150,true],"medium":["https:\/\/wp.uaslp.mx\/noticias\/wp-content\/uploads\/sites\/5\/2023\/04\/ABOGADOSSI-1024x682.jpg",1024,682,true],"medium_large":["https:\/\/wp.uaslp.mx\/noticias\/wp-content\/uploads\/sites\/5\/2023\/04\/ABOGADOSSI-768x512.jpg",640,427,true],"large":["https:\/\/wp.uaslp.mx\/noticias\/wp-content\/uploads\/sites\/5\/2023\/04\/ABOGADOSSI.jpg",1280,853,false],"1536x1536":["https:\/\/wp.uaslp.mx\/noticias\/wp-content\/uploads\/sites\/5\/2023\/04\/ABOGADOSSI.jpg",1280,853,false],"2048x2048":["https:\/\/wp.uaslp.mx\/noticias\/wp-content\/uploads\/sites\/5\/2023\/04\/ABOGADOSSI.jpg",1280,853,false],"newsever-slider-full":["https:\/\/wp.uaslp.mx\/noticias\/wp-content\/uploads\/sites\/5\/2023\/04\/ABOGADOSSI-1280x845.jpg",1280,845,true],"newsever-featured":["https:\/\/wp.uaslp.mx\/noticias\/wp-content\/uploads\/sites\/5\/2023\/04\/ABOGADOSSI-1024x682.jpg",1024,682,true],"newsever-medium":["https:\/\/wp.uaslp.mx\/noticias\/wp-content\/uploads\/sites\/5\/2023\/04\/ABOGADOSSI-720x475.jpg",720,475,true],"mailpoet_newsletter_max":["https:\/\/wp.uaslp.mx\/noticias\/wp-content\/uploads\/sites\/5\/2023\/04\/ABOGADOSSI.jpg",1280,853,false]},"author_info":{"display_name":"Prensa y difusi\u00f3n","author_link":"https:\/\/wp.uaslp.mx\/noticias\/author\/giovannamorales\/"},"category_info":"<a href=\"https:\/\/wp.uaslp.mx\/noticias\/category\/academica\/\" rel=\"category tag\">Acad\u00e9mica<\/a>","tag_info":"Acad\u00e9mica","comment_count":"0","_links":{"self":[{"href":"https:\/\/wp.uaslp.mx\/noticias\/wp-json\/wp\/v2\/posts\/8869","targetHints":{"allow":["GET"]}}],"collection":[{"href":"https:\/\/wp.uaslp.mx\/noticias\/wp-json\/wp\/v2\/posts"}],"about":[{"href":"https:\/\/wp.uaslp.mx\/noticias\/wp-json\/wp\/v2\/types\/post"}],"author":[{"embeddable":true,"href":"https:\/\/wp.uaslp.mx\/noticias\/wp-json\/wp\/v2\/users\/12"}],"replies":[{"embeddable":true,"href":"https:\/\/wp.uaslp.mx\/noticias\/wp-json\/wp\/v2\/comments?post=8869"}],"version-history":[{"count":1,"href":"https:\/\/wp.uaslp.mx\/noticias\/wp-json\/wp\/v2\/posts\/8869\/revisions"}],"predecessor-version":[{"id":8873,"href":"https:\/\/wp.uaslp.mx\/noticias\/wp-json\/wp\/v2\/posts\/8869\/revisions\/8873"}],"wp:featuredmedia":[{"embeddable":true,"href":"https:\/\/wp.uaslp.mx\/noticias\/wp-json\/wp\/v2\/media\/8870"}],"wp:attachment":[{"href":"https:\/\/wp.uaslp.mx\/noticias\/wp-json\/wp\/v2\/media?parent=8869"}],"wp:term":[{"taxonomy":"category","embeddable":true,"href":"https:\/\/wp.uaslp.mx\/noticias\/wp-json\/wp\/v2\/categories?post=8869"},{"taxonomy":"post_tag","embeddable":true,"href":"https:\/\/wp.uaslp.mx\/noticias\/wp-json\/wp\/v2\/tags?post=8869"}],"curies":[{"name":"wp","href":"https:\/\/api.w.org\/{rel}","templated":true}]}}