{"id":8857,"date":"2023-04-25T15:17:33","date_gmt":"2023-04-25T20:17:33","guid":{"rendered":"http:\/\/wp.uaslp.mx\/noticias\/?p=8857"},"modified":"2023-04-25T15:55:40","modified_gmt":"2023-04-25T20:55:40","slug":"licenciatura-en-psicopedagogia-de-la-uaslp-recibe-visita-externa-de-evaluacion","status":"publish","type":"post","link":"https:\/\/wp.uaslp.mx\/noticias\/academica\/licenciatura-en-psicopedagogia-de-la-uaslp-recibe-visita-externa-de-evaluacion\/","title":{"rendered":"Licenciatura en Psicopedagog\u00eda de la UASLP recibe visita externa de evaluaci\u00f3n"},"content":{"rendered":"\n<p>La <a href=\"https:\/\/www.facebook.com\/profile.php?id=100063578171912\" target=\"_blank\" rel=\"noopener\" title=\"\">Facultad de Psicolog\u00eda <\/a>de la Universidad Aut\u00f3noma de San Luis Potos\u00ed (UASLP) recibi\u00f3 la visita de pares externos que evaluar\u00e1n el programa acad\u00e9mico de la Licenciatura en Psicopedagog\u00eda. Encabez\u00f3 el inicio de actividades, el rector, Dr. Alejandro Zerme\u00f1o Guerra.<\/p>\n\n\n\n<p>Cabe destacar que la visi\u00f3n externa es una herramienta valiosa que permite fortalecer el programa educativo y mejorar la calidad de formaci\u00f3n de los psicopedagogos, y as\u00ed responder las necesidades de la sociedad a nivel nacional.<\/p>\n\n\n\n<p>El arranque de la evaluaci\u00f3n tuvo lugar en el plantel anfitri\u00f3n; cont\u00f3 con la presencia del director, Dr. Omar S\u00e1nchez- Arm\u00e1ss Capello, acompa\u00f1ado de la secretaria general, Dra. Silvia Romero Contreras; la Dra. Rosalba Badillo Vega, secretaria acad\u00e9mica; el Dr. Sebasti\u00e1n Gal\u00e1n Jim\u00e9nez, jefe de Investigaci\u00f3n y Posgrado y consejero maestro; y la Lic. Paola Anah\u00ed Pedraza Barbosa, coordinadora de la Licenciatura en Psicopedagog\u00eda.<\/p>\n\n\n\n<p>Por parte del comit\u00e9 evaluador, acudi\u00f3 la Dra. Mar\u00eda Teresa de Le\u00f3n Gallo, coordinadora de la comisi\u00f3n de pares externos y catedr\u00e1tica de la Universidad Aut\u00f3noma de Aguascalientes; la Mtra. Lourdes Centeno de la Universidad Popular Aut\u00f3noma de Puebla (UPAEP), y la Lic. Sandra Presa \u00c1vila, evaluadora externa y consultora independiente<\/p>\n\n\n\n<p>El Dr. Alejandro Zerme\u00f1o Guerra, sostuvo que la evaluaci\u00f3n ha sido fundamental en la instituci\u00f3n. Reconoci\u00f3 en la acreditaci\u00f3n por entes externos una de las formas de mejorar y un gran aliciente para fortalecer las debilidades.<\/p>\n\n\n\n<p>\u201cLas acreditaciones vienen a se\u00f1alar la pauta del conocimiento, hacia d\u00f3nde dirigirnos; vemos la acreditaci\u00f3n como un grupo de personas que acuden en un plan propositivo para lograr una licenciatura fortalecida con la idea de seguir ofreciendo a los j\u00f3venes una mejor preparaci\u00f3n profesional\u201d.<\/p>\n\n\n\n<p>En el 2014, inicio actividades la Licenciatura en Psicopedagog\u00eda con una sola \u00e1rea de \u00e9nfasis en la ense\u00f1anza del lenguaje oral y escrito; dos a\u00f1os despu\u00e9s se empez\u00f3 a impartir el \u00e9nfasis en matem\u00e1ticas, y se prev\u00e9 a corto plazo abrir un tercer \u00e9nfasis en la ense\u00f1anza de las ciencias.<\/p>\n\n\n\n<p class=\"has-text-align-right\"><em>Noelia Mart\u00ednez\/MR<\/em><\/p>\n\n\n\n<figure class=\"wp-block-gallery has-nested-images columns-default is-cropped wp-block-gallery-1 is-layout-flex wp-block-gallery-is-layout-flex\">\n<figure class=\"wp-block-image size-large is-style-default\"><a href=\"https:\/\/wp.uaslp.mx\/noticias\/wp-content\/uploads\/sites\/5\/2023\/04\/psico03-1.jpg\"><img loading=\"lazy\" decoding=\"async\" width=\"1280\" height=\"853\" data-id=\"8862\" src=\"https:\/\/wp.uaslp.mx\/noticias\/wp-content\/uploads\/sites\/5\/2023\/04\/psico03-1.jpg\" alt=\"\" class=\"wp-image-8862\" srcset=\"https:\/\/wp.uaslp.mx\/noticias\/wp-content\/uploads\/sites\/5\/2023\/04\/psico03-1.jpg 1280w, https:\/\/wp.uaslp.mx\/noticias\/wp-content\/uploads\/sites\/5\/2023\/04\/psico03-1-1024x682.jpg 1024w, https:\/\/wp.uaslp.mx\/noticias\/wp-content\/uploads\/sites\/5\/2023\/04\/psico03-1-768x512.jpg 768w\" sizes=\"auto, (max-width: 1280px) 100vw, 1280px\" \/><\/a><\/figure>\n<\/figure>\n","protected":false},"excerpt":{"rendered":"<p>La Facultad de Psicolog\u00eda de la Universidad Aut\u00f3noma de San Luis Potos\u00ed (UASLP) recibi\u00f3 la&#8230;<\/p>\n","protected":false},"author":12,"featured_media":8861,"comment_status":"closed","ping_status":"closed","sticky":false,"template":"","format":"standard","meta":{"pgc_sgb_lightbox_settings":"","footnotes":""},"categories":[2],"tags":[1392],"class_list":["post-8857","post","type-post","status-publish","format-standard","has-post-thumbnail","hentry","category-academica","tag-licenciatura-en-psicopedagogia"],"featured_image_urls":{"full":["https:\/\/wp.uaslp.mx\/noticias\/wp-content\/uploads\/sites\/5\/2023\/04\/psico01-1.jpg",1280,853,false],"thumbnail":["https:\/\/wp.uaslp.mx\/noticias\/wp-content\/uploads\/sites\/5\/2023\/04\/psico01-1-150x150.jpg",150,150,true],"medium":["https:\/\/wp.uaslp.mx\/noticias\/wp-content\/uploads\/sites\/5\/2023\/04\/psico01-1-1024x682.jpg",1024,682,true],"medium_large":["https:\/\/wp.uaslp.mx\/noticias\/wp-content\/uploads\/sites\/5\/2023\/04\/psico01-1-768x512.jpg",640,427,true],"large":["https:\/\/wp.uaslp.mx\/noticias\/wp-content\/uploads\/sites\/5\/2023\/04\/psico01-1.jpg",1280,853,false],"1536x1536":["https:\/\/wp.uaslp.mx\/noticias\/wp-content\/uploads\/sites\/5\/2023\/04\/psico01-1.jpg",1280,853,false],"2048x2048":["https:\/\/wp.uaslp.mx\/noticias\/wp-content\/uploads\/sites\/5\/2023\/04\/psico01-1.jpg",1280,853,false],"newsever-slider-full":["https:\/\/wp.uaslp.mx\/noticias\/wp-content\/uploads\/sites\/5\/2023\/04\/psico01-1-1280x845.jpg",1280,845,true],"newsever-featured":["https:\/\/wp.uaslp.mx\/noticias\/wp-content\/uploads\/sites\/5\/2023\/04\/psico01-1-1024x682.jpg",1024,682,true],"newsever-medium":["https:\/\/wp.uaslp.mx\/noticias\/wp-content\/uploads\/sites\/5\/2023\/04\/psico01-1-720x475.jpg",720,475,true],"mailpoet_newsletter_max":["https:\/\/wp.uaslp.mx\/noticias\/wp-content\/uploads\/sites\/5\/2023\/04\/psico01-1.jpg",1280,853,false]},"author_info":{"display_name":"Prensa y difusi\u00f3n","author_link":"https:\/\/wp.uaslp.mx\/noticias\/author\/giovannamorales\/"},"category_info":"<a href=\"https:\/\/wp.uaslp.mx\/noticias\/category\/academica\/\" rel=\"category tag\">Acad\u00e9mica<\/a>","tag_info":"Acad\u00e9mica","comment_count":"0","_links":{"self":[{"href":"https:\/\/wp.uaslp.mx\/noticias\/wp-json\/wp\/v2\/posts\/8857","targetHints":{"allow":["GET"]}}],"collection":[{"href":"https:\/\/wp.uaslp.mx\/noticias\/wp-json\/wp\/v2\/posts"}],"about":[{"href":"https:\/\/wp.uaslp.mx\/noticias\/wp-json\/wp\/v2\/types\/post"}],"author":[{"embeddable":true,"href":"https:\/\/wp.uaslp.mx\/noticias\/wp-json\/wp\/v2\/users\/12"}],"replies":[{"embeddable":true,"href":"https:\/\/wp.uaslp.mx\/noticias\/wp-json\/wp\/v2\/comments?post=8857"}],"version-history":[{"count":2,"href":"https:\/\/wp.uaslp.mx\/noticias\/wp-json\/wp\/v2\/posts\/8857\/revisions"}],"predecessor-version":[{"id":8864,"href":"https:\/\/wp.uaslp.mx\/noticias\/wp-json\/wp\/v2\/posts\/8857\/revisions\/8864"}],"wp:featuredmedia":[{"embeddable":true,"href":"https:\/\/wp.uaslp.mx\/noticias\/wp-json\/wp\/v2\/media\/8861"}],"wp:attachment":[{"href":"https:\/\/wp.uaslp.mx\/noticias\/wp-json\/wp\/v2\/media?parent=8857"}],"wp:term":[{"taxonomy":"category","embeddable":true,"href":"https:\/\/wp.uaslp.mx\/noticias\/wp-json\/wp\/v2\/categories?post=8857"},{"taxonomy":"post_tag","embeddable":true,"href":"https:\/\/wp.uaslp.mx\/noticias\/wp-json\/wp\/v2\/tags?post=8857"}],"curies":[{"name":"wp","href":"https:\/\/api.w.org\/{rel}","templated":true}]}}