{"id":8763,"date":"2023-04-19T15:15:22","date_gmt":"2023-04-19T20:15:22","guid":{"rendered":"http:\/\/wp.uaslp.mx\/noticias\/?p=8763"},"modified":"2023-04-19T15:15:24","modified_gmt":"2023-04-19T20:15:24","slug":"participa-uaslp-en-seminario-de-lo-privado-a-lo-publico-las-personas-cuidadoras-como-sujetas-de-derecho","status":"publish","type":"post","link":"https:\/\/wp.uaslp.mx\/noticias\/academica\/participa-uaslp-en-seminario-de-lo-privado-a-lo-publico-las-personas-cuidadoras-como-sujetas-de-derecho\/","title":{"rendered":"Participa UASLP en seminario \u201cDe lo privado a lo p\u00fablico: las personas cuidadoras como sujetas de derecho\u201d"},"content":{"rendered":"\n<p>La <a href=\"https:\/\/www.facebook.com\/enfermeriaynutricionUASLP\" target=\"_blank\" rel=\"noopener\" title=\"\">Facultad de Enfermer\u00eda y Nutrici\u00f3n<\/a> de la UASLP, fue sede del <a href=\"https:\/\/fb.watch\/k00P_7eopB\/\" target=\"_blank\" rel=\"noopener\" title=\"\">Seminario \u201cDe lo privado a lo p\u00fablico: las personas cuidadoras como sujetas de derecho\u201d<\/a>, organizado por la Comisi\u00f3n Estatal de Derechos Humanos y el colectivo \u201cCuidadoras Potosinas\u201d, que cont\u00f3 con la participaci\u00f3n del <a href=\"https:\/\/dif.slp.gob.mx\/\" target=\"_blank\" rel=\"noopener\" title=\"\">DIF Estatal<\/a>, encabezado por su presidenta, Lic. Ruth Gonz\u00e1lez Silva, diputadas y funcionarios p\u00fablicos.\u00a0<\/p>\n\n\n\n<p>En su mensaje, la licenciada Ruth Gonz\u00e1lez, reconoci\u00f3 que el apoyo debe ser integral y en conjunto con las personas a las que compete el tema. Desde el DIF Estatal, dijo que se procurar\u00e1n y atender\u00e1n las necesidades requeridas.&nbsp;<\/p>\n\n\n\n<p>\u201cAl ser la dependencia invitada al seminario, se impulsar\u00e1 la participaci\u00f3n de las y los cuidadores para que su opini\u00f3n sea escuchada y tomada en cuenta a fin de iniciar decisiones sobre los asuntos que involucran e interesan, y garantizar que los derechos humanos sean protegidos y respetados\u201d, asever\u00f3.&nbsp;<\/p>\n\n\n\n<p>Por su parte, el director de la Facultad de Enfermer\u00eda y Nutrici\u00f3n, Mtro. Luis Antonio Mart\u00ednez Gurri\u00f3n, record\u00f3 que el plantel est\u00e1 formando cuidadores, a trav\u00e9s de la Licenciatura en Enfermer\u00eda. Mencion\u00f3 que el cuidado proporcionado de un familiar a otro es un acto de amor que no genera costo, pero s\u00ed un desgaste. Reconoci\u00f3 en el seminario permite que esa voz se escuche y manifieste que cuidar no es una tarea f\u00e1cil, no es algo que no tenga que remunerarse.<\/p>\n\n\n\n<p>Finalmente, agradeci\u00f3 a los cuerpos acad\u00e9micos que se sumaron a la actividad, protagonistas para hacer visible este cuidado.<\/p>\n\n\n\n<p>Por parte del colectivo \u201cCuidadoras Potosinas\u201d se dio a conocer que el seminario \u201cDe lo privado a lo p\u00fablico: las personas cuidadoras como sujetas de derecho\u201d, es una estrategia de capacitaci\u00f3n y sensibilizaci\u00f3n para impulsar legislaciones y pol\u00edticas integrales de cuidados en el Estado, organizando una serie de cursos y un evento conmemorativo sobre los cuidados como un trabajo, derecho humano y pol\u00edtica p\u00fablica.<\/p>\n\n\n\n<p>El objetivo es que las y los servidores p\u00fablicos, as\u00ed como la sociedad en general puedan capacitarse, comprender e implementar acciones reales para reconocer y proteger de los cuidadores.<\/p>\n\n\n\n<p class=\"has-text-align-right\"><em>Noelia Mart\u00ednez\/TC<\/em><\/p>\n\n\n\n<figure class=\"wp-block-gallery has-nested-images columns-default is-cropped wp-block-gallery-1 is-layout-flex wp-block-gallery-is-layout-flex\">\n<figure class=\"wp-block-image size-large is-style-default\"><a href=\"https:\/\/wp.uaslp.mx\/noticias\/wp-content\/uploads\/sites\/5\/2023\/04\/thumbnail_04-19-2023-INAUGURACION-SEMINARIO-DE-LO-PRIVADO-A-LO-PUBLICO-LAS-PERSONAS-CUIDADORAS-COMO-SUJETAS-DE-DERECHOS-DSC_2240.jpg\"><img loading=\"lazy\" decoding=\"async\" width=\"1280\" height=\"853\" data-id=\"8765\" src=\"https:\/\/wp.uaslp.mx\/noticias\/wp-content\/uploads\/sites\/5\/2023\/04\/thumbnail_04-19-2023-INAUGURACION-SEMINARIO-DE-LO-PRIVADO-A-LO-PUBLICO-LAS-PERSONAS-CUIDADORAS-COMO-SUJETAS-DE-DERECHOS-DSC_2240.jpg\" alt=\"\" class=\"wp-image-8765\" srcset=\"https:\/\/wp.uaslp.mx\/noticias\/wp-content\/uploads\/sites\/5\/2023\/04\/thumbnail_04-19-2023-INAUGURACION-SEMINARIO-DE-LO-PRIVADO-A-LO-PUBLICO-LAS-PERSONAS-CUIDADORAS-COMO-SUJETAS-DE-DERECHOS-DSC_2240.jpg 1280w, https:\/\/wp.uaslp.mx\/noticias\/wp-content\/uploads\/sites\/5\/2023\/04\/thumbnail_04-19-2023-INAUGURACION-SEMINARIO-DE-LO-PRIVADO-A-LO-PUBLICO-LAS-PERSONAS-CUIDADORAS-COMO-SUJETAS-DE-DERECHOS-DSC_2240-1024x682.jpg 1024w, https:\/\/wp.uaslp.mx\/noticias\/wp-content\/uploads\/sites\/5\/2023\/04\/thumbnail_04-19-2023-INAUGURACION-SEMINARIO-DE-LO-PRIVADO-A-LO-PUBLICO-LAS-PERSONAS-CUIDADORAS-COMO-SUJETAS-DE-DERECHOS-DSC_2240-768x512.jpg 768w\" sizes=\"auto, (max-width: 1280px) 100vw, 1280px\" \/><\/a><\/figure>\n\n\n\n<figure class=\"wp-block-image size-large is-style-default\"><a href=\"https:\/\/wp.uaslp.mx\/noticias\/wp-content\/uploads\/sites\/5\/2023\/04\/thumbnail_04-19-2023-INAUGURACION-SEMINARIO-DE-LO-PRIVADO-A-LO-PUBLICO-LAS-PERSONAS-CUIDADORAS-COMO-SUJETAS-DE-DERECHOS-DSC_2242.jpg\"><img loading=\"lazy\" decoding=\"async\" width=\"1280\" height=\"853\" data-id=\"8766\" src=\"https:\/\/wp.uaslp.mx\/noticias\/wp-content\/uploads\/sites\/5\/2023\/04\/thumbnail_04-19-2023-INAUGURACION-SEMINARIO-DE-LO-PRIVADO-A-LO-PUBLICO-LAS-PERSONAS-CUIDADORAS-COMO-SUJETAS-DE-DERECHOS-DSC_2242.jpg\" alt=\"\" class=\"wp-image-8766\" srcset=\"https:\/\/wp.uaslp.mx\/noticias\/wp-content\/uploads\/sites\/5\/2023\/04\/thumbnail_04-19-2023-INAUGURACION-SEMINARIO-DE-LO-PRIVADO-A-LO-PUBLICO-LAS-PERSONAS-CUIDADORAS-COMO-SUJETAS-DE-DERECHOS-DSC_2242.jpg 1280w, https:\/\/wp.uaslp.mx\/noticias\/wp-content\/uploads\/sites\/5\/2023\/04\/thumbnail_04-19-2023-INAUGURACION-SEMINARIO-DE-LO-PRIVADO-A-LO-PUBLICO-LAS-PERSONAS-CUIDADORAS-COMO-SUJETAS-DE-DERECHOS-DSC_2242-1024x682.jpg 1024w, https:\/\/wp.uaslp.mx\/noticias\/wp-content\/uploads\/sites\/5\/2023\/04\/thumbnail_04-19-2023-INAUGURACION-SEMINARIO-DE-LO-PRIVADO-A-LO-PUBLICO-LAS-PERSONAS-CUIDADORAS-COMO-SUJETAS-DE-DERECHOS-DSC_2242-768x512.jpg 768w\" sizes=\"auto, (max-width: 1280px) 100vw, 1280px\" \/><\/a><\/figure>\n\n\n\n<figure class=\"wp-block-image size-large is-style-default\"><a href=\"https:\/\/wp.uaslp.mx\/noticias\/wp-content\/uploads\/sites\/5\/2023\/04\/thumbnail_04-19-2023-INAUGURACION-SEMINARIO-DE-LO-PRIVADO-A-LO-PUBLICO-LAS-PERSONAS-CUIDADORAS-COMO-SUJETAS-DE-DERECHOS-DSC_2251.jpg\"><img loading=\"lazy\" decoding=\"async\" width=\"1280\" height=\"853\" data-id=\"8764\" src=\"https:\/\/wp.uaslp.mx\/noticias\/wp-content\/uploads\/sites\/5\/2023\/04\/thumbnail_04-19-2023-INAUGURACION-SEMINARIO-DE-LO-PRIVADO-A-LO-PUBLICO-LAS-PERSONAS-CUIDADORAS-COMO-SUJETAS-DE-DERECHOS-DSC_2251.jpg\" alt=\"\" class=\"wp-image-8764\" srcset=\"https:\/\/wp.uaslp.mx\/noticias\/wp-content\/uploads\/sites\/5\/2023\/04\/thumbnail_04-19-2023-INAUGURACION-SEMINARIO-DE-LO-PRIVADO-A-LO-PUBLICO-LAS-PERSONAS-CUIDADORAS-COMO-SUJETAS-DE-DERECHOS-DSC_2251.jpg 1280w, https:\/\/wp.uaslp.mx\/noticias\/wp-content\/uploads\/sites\/5\/2023\/04\/thumbnail_04-19-2023-INAUGURACION-SEMINARIO-DE-LO-PRIVADO-A-LO-PUBLICO-LAS-PERSONAS-CUIDADORAS-COMO-SUJETAS-DE-DERECHOS-DSC_2251-1024x682.jpg 1024w, https:\/\/wp.uaslp.mx\/noticias\/wp-content\/uploads\/sites\/5\/2023\/04\/thumbnail_04-19-2023-INAUGURACION-SEMINARIO-DE-LO-PRIVADO-A-LO-PUBLICO-LAS-PERSONAS-CUIDADORAS-COMO-SUJETAS-DE-DERECHOS-DSC_2251-768x512.jpg 768w\" sizes=\"auto, (max-width: 1280px) 100vw, 1280px\" \/><\/a><\/figure>\n\n\n\n<figure class=\"wp-block-image size-large is-style-default\"><a href=\"https:\/\/wp.uaslp.mx\/noticias\/wp-content\/uploads\/sites\/5\/2023\/04\/thumbnail_04-19-2023-INAUGURACION-SEMINARIO-DE-LO-PRIVADO-A-LO-PUBLICO-LAS-PERSONAS-CUIDADORAS-COMO-SUJETAS-DE-DERECHOS-DSC_2263.jpg\"><img loading=\"lazy\" decoding=\"async\" width=\"1280\" height=\"853\" data-id=\"8768\" src=\"https:\/\/wp.uaslp.mx\/noticias\/wp-content\/uploads\/sites\/5\/2023\/04\/thumbnail_04-19-2023-INAUGURACION-SEMINARIO-DE-LO-PRIVADO-A-LO-PUBLICO-LAS-PERSONAS-CUIDADORAS-COMO-SUJETAS-DE-DERECHOS-DSC_2263.jpg\" alt=\"\" class=\"wp-image-8768\" srcset=\"https:\/\/wp.uaslp.mx\/noticias\/wp-content\/uploads\/sites\/5\/2023\/04\/thumbnail_04-19-2023-INAUGURACION-SEMINARIO-DE-LO-PRIVADO-A-LO-PUBLICO-LAS-PERSONAS-CUIDADORAS-COMO-SUJETAS-DE-DERECHOS-DSC_2263.jpg 1280w, https:\/\/wp.uaslp.mx\/noticias\/wp-content\/uploads\/sites\/5\/2023\/04\/thumbnail_04-19-2023-INAUGURACION-SEMINARIO-DE-LO-PRIVADO-A-LO-PUBLICO-LAS-PERSONAS-CUIDADORAS-COMO-SUJETAS-DE-DERECHOS-DSC_2263-1024x682.jpg 1024w, https:\/\/wp.uaslp.mx\/noticias\/wp-content\/uploads\/sites\/5\/2023\/04\/thumbnail_04-19-2023-INAUGURACION-SEMINARIO-DE-LO-PRIVADO-A-LO-PUBLICO-LAS-PERSONAS-CUIDADORAS-COMO-SUJETAS-DE-DERECHOS-DSC_2263-768x512.jpg 768w\" sizes=\"auto, (max-width: 1280px) 100vw, 1280px\" \/><\/a><\/figure>\n<\/figure>\n","protected":false},"excerpt":{"rendered":"<p>La Facultad de Enfermer\u00eda y Nutrici\u00f3n de la UASLP, fue sede del Seminario \u201cDe lo&#8230;<\/p>\n","protected":false},"author":12,"featured_media":8769,"comment_status":"closed","ping_status":"closed","sticky":false,"template":"","format":"standard","meta":{"pgc_sgb_lightbox_settings":"","footnotes":""},"categories":[2],"tags":[1002,638],"class_list":["post-8763","post","type-post","status-publish","format-standard","has-post-thumbnail","hentry","category-academica","tag-facultad-de-enfermeria","tag-seminario"],"featured_image_urls":{"full":["https:\/\/wp.uaslp.mx\/noticias\/wp-content\/uploads\/sites\/5\/2023\/04\/04-19-2023-INAUGURACION-SEMINARIO-DE-LO-PRIVADO-A-LO-PUBLICO-LAS-PERSONAS-CUIDADORAS-COMO-SUJETAS-DE-DERECHOS-DSC_2212-1.jpg",1800,1200,false],"thumbnail":["https:\/\/wp.uaslp.mx\/noticias\/wp-content\/uploads\/sites\/5\/2023\/04\/04-19-2023-INAUGURACION-SEMINARIO-DE-LO-PRIVADO-A-LO-PUBLICO-LAS-PERSONAS-CUIDADORAS-COMO-SUJETAS-DE-DERECHOS-DSC_2212-1-150x150.jpg",150,150,true],"medium":["https:\/\/wp.uaslp.mx\/noticias\/wp-content\/uploads\/sites\/5\/2023\/04\/04-19-2023-INAUGURACION-SEMINARIO-DE-LO-PRIVADO-A-LO-PUBLICO-LAS-PERSONAS-CUIDADORAS-COMO-SUJETAS-DE-DERECHOS-DSC_2212-1-1024x683.jpg",1024,683,true],"medium_large":["https:\/\/wp.uaslp.mx\/noticias\/wp-content\/uploads\/sites\/5\/2023\/04\/04-19-2023-INAUGURACION-SEMINARIO-DE-LO-PRIVADO-A-LO-PUBLICO-LAS-PERSONAS-CUIDADORAS-COMO-SUJETAS-DE-DERECHOS-DSC_2212-1-768x512.jpg",640,427,true],"large":["https:\/\/wp.uaslp.mx\/noticias\/wp-content\/uploads\/sites\/5\/2023\/04\/04-19-2023-INAUGURACION-SEMINARIO-DE-LO-PRIVADO-A-LO-PUBLICO-LAS-PERSONAS-CUIDADORAS-COMO-SUJETAS-DE-DERECHOS-DSC_2212-1.jpg",1800,1200,false],"1536x1536":["https:\/\/wp.uaslp.mx\/noticias\/wp-content\/uploads\/sites\/5\/2023\/04\/04-19-2023-INAUGURACION-SEMINARIO-DE-LO-PRIVADO-A-LO-PUBLICO-LAS-PERSONAS-CUIDADORAS-COMO-SUJETAS-DE-DERECHOS-DSC_2212-1-1536x1024.jpg",1536,1024,true],"2048x2048":["https:\/\/wp.uaslp.mx\/noticias\/wp-content\/uploads\/sites\/5\/2023\/04\/04-19-2023-INAUGURACION-SEMINARIO-DE-LO-PRIVADO-A-LO-PUBLICO-LAS-PERSONAS-CUIDADORAS-COMO-SUJETAS-DE-DERECHOS-DSC_2212-1.jpg",1800,1200,false],"newsever-slider-full":["https:\/\/wp.uaslp.mx\/noticias\/wp-content\/uploads\/sites\/5\/2023\/04\/04-19-2023-INAUGURACION-SEMINARIO-DE-LO-PRIVADO-A-LO-PUBLICO-LAS-PERSONAS-CUIDADORAS-COMO-SUJETAS-DE-DERECHOS-DSC_2212-1-1280x845.jpg",1280,845,true],"newsever-featured":["https:\/\/wp.uaslp.mx\/noticias\/wp-content\/uploads\/sites\/5\/2023\/04\/04-19-2023-INAUGURACION-SEMINARIO-DE-LO-PRIVADO-A-LO-PUBLICO-LAS-PERSONAS-CUIDADORAS-COMO-SUJETAS-DE-DERECHOS-DSC_2212-1-1024x683.jpg",1024,683,true],"newsever-medium":["https:\/\/wp.uaslp.mx\/noticias\/wp-content\/uploads\/sites\/5\/2023\/04\/04-19-2023-INAUGURACION-SEMINARIO-DE-LO-PRIVADO-A-LO-PUBLICO-LAS-PERSONAS-CUIDADORAS-COMO-SUJETAS-DE-DERECHOS-DSC_2212-1-720x475.jpg",720,475,true],"mailpoet_newsletter_max":["https:\/\/wp.uaslp.mx\/noticias\/wp-content\/uploads\/sites\/5\/2023\/04\/04-19-2023-INAUGURACION-SEMINARIO-DE-LO-PRIVADO-A-LO-PUBLICO-LAS-PERSONAS-CUIDADORAS-COMO-SUJETAS-DE-DERECHOS-DSC_2212-1-1320x880.jpg",1320,880,true]},"author_info":{"display_name":"Prensa y difusi\u00f3n","author_link":"https:\/\/wp.uaslp.mx\/noticias\/author\/giovannamorales\/"},"category_info":"<a href=\"https:\/\/wp.uaslp.mx\/noticias\/category\/academica\/\" rel=\"category tag\">Acad\u00e9mica<\/a>","tag_info":"Acad\u00e9mica","comment_count":"0","_links":{"self":[{"href":"https:\/\/wp.uaslp.mx\/noticias\/wp-json\/wp\/v2\/posts\/8763","targetHints":{"allow":["GET"]}}],"collection":[{"href":"https:\/\/wp.uaslp.mx\/noticias\/wp-json\/wp\/v2\/posts"}],"about":[{"href":"https:\/\/wp.uaslp.mx\/noticias\/wp-json\/wp\/v2\/types\/post"}],"author":[{"embeddable":true,"href":"https:\/\/wp.uaslp.mx\/noticias\/wp-json\/wp\/v2\/users\/12"}],"replies":[{"embeddable":true,"href":"https:\/\/wp.uaslp.mx\/noticias\/wp-json\/wp\/v2\/comments?post=8763"}],"version-history":[{"count":1,"href":"https:\/\/wp.uaslp.mx\/noticias\/wp-json\/wp\/v2\/posts\/8763\/revisions"}],"predecessor-version":[{"id":8770,"href":"https:\/\/wp.uaslp.mx\/noticias\/wp-json\/wp\/v2\/posts\/8763\/revisions\/8770"}],"wp:featuredmedia":[{"embeddable":true,"href":"https:\/\/wp.uaslp.mx\/noticias\/wp-json\/wp\/v2\/media\/8769"}],"wp:attachment":[{"href":"https:\/\/wp.uaslp.mx\/noticias\/wp-json\/wp\/v2\/media?parent=8763"}],"wp:term":[{"taxonomy":"category","embeddable":true,"href":"https:\/\/wp.uaslp.mx\/noticias\/wp-json\/wp\/v2\/categories?post=8763"},{"taxonomy":"post_tag","embeddable":true,"href":"https:\/\/wp.uaslp.mx\/noticias\/wp-json\/wp\/v2\/tags?post=8763"}],"curies":[{"name":"wp","href":"https:\/\/api.w.org\/{rel}","templated":true}]}}