{"id":8582,"date":"2023-03-30T14:07:10","date_gmt":"2023-03-30T19:07:10","guid":{"rendered":"http:\/\/wp.uaslp.mx\/noticias\/?p=8582"},"modified":"2023-03-30T14:07:11","modified_gmt":"2023-03-30T19:07:11","slug":"acercar-a-infantes-a-conocer-servicios-de-salud-dental-objetivo-de-la-feria-dental-infantil-de-la-facultad-de-estomatologia","status":"publish","type":"post","link":"https:\/\/wp.uaslp.mx\/noticias\/servicios\/acercar-a-infantes-a-conocer-servicios-de-salud-dental-objetivo-de-la-feria-dental-infantil-de-la-facultad-de-estomatologia\/","title":{"rendered":"Acercar a infantes a conocer servicios de salud dental, objetivo de la &#8220;Feria Dental Infantil&#8221; de la Facultad de Estomatolog\u00eda"},"content":{"rendered":"\n<p>Con el objetivo de acercar a ni\u00f1as y ni\u00f1os en edad preescolar y de primero de primaria a los servicios de salud dental, la Universidad Aut\u00f3noma de San Luis Potos\u00ed a trav\u00e9s de la <a href=\"https:\/\/www.facebook.com\/estomaoficial\" target=\"_blank\" rel=\"noopener\" title=\"\">Facultad de Estomatolog\u00eda<\/a> llev\u00f3 a cabo la Feria Dental Infantil.\u00a0<\/p>\n\n\n\n<p>Con una tem\u00e1tica que gir\u00f3 en torno a los circos, los d\u00edas 29 y 30 de marzo del presente a\u00f1o, se llev\u00f3 a cabo el evento que cont\u00f3 con la presencia de alrededor de 750 estudiantes.&nbsp;<\/p>\n\n\n\n<p>El doctor Ricardo Mart\u00ednez Rider, director de esta identidad, explic\u00f3 que el evento se realiz\u00f3 en las instalaciones de la Facultad, \u201cenfoc\u00e1ndonos en realizar revisiones a las y los ni\u00f1os que son invitados, adem\u00e1s de que pueden acceder a una serie de stands o estaciones, en donde a trav\u00e9s de actividades l\u00fadicas, conocen las diferentes enfermedades bucales, su nutrici\u00f3n y atenci\u00f3n.\u00a0<\/p>\n\n\n\n<p>Y agreg\u00f3: \u201cFinalmente, tienen un contacto con los propios profesionales para que se familiaricen con muchos de los tratamientos, el equipo que se utiliza; los sensibilizamos para que puedan ser mejores pacientes y puedan perder todo ese miedo que caracteriza a las y los ni\u00f1os, en relaci\u00f3n con los profesionales de la salud bucal\u201d.&nbsp;<\/p>\n\n\n\n<p>Se\u00f1al\u00f3 que estas actividades son una forma de mantener esa responsabilidad social que tiene la Universidad Aut\u00f3noma de San Luis Potos\u00ed, \u201cen espec\u00edfico, la Facultad de Estomatolog\u00eda, con los diferentes sectores del sistema educativo, donde se invita a participar a diferentes escuelas, tanto del nivel p\u00fablico como del sector privado\u201d.&nbsp;<\/p>\n\n\n\n<p>De igual manera, el doctor Ricardo Mart\u00ednez explic\u00f3 que esta Feria Dental Infantil se organiza desde la Facultad de Estomatolog\u00eda desde hace aproximadamente 20 a\u00f1os, y en la cual se tuvo una excelente respuesta por parte de las y los ni\u00f1os. En esta ocasi\u00f3n, completamente de manera presencial, que se hab\u00eda dejado de lado un poco con motivo de la pandemia por Covid 19.\u00a0<\/p>\n\n\n\n<p class=\"has-text-align-right\"><em>Am\u00e9rica Reyes\/MR<\/em><\/p>\n\n\n\n<figure class=\"wp-block-gallery has-nested-images columns-default is-cropped wp-block-gallery-1 is-layout-flex wp-block-gallery-is-layout-flex\">\n<figure class=\"wp-block-image size-large\"><a href=\"https:\/\/wp.uaslp.mx\/noticias\/wp-content\/uploads\/sites\/5\/2023\/03\/Acercar-a-ninas-y-ninos-a-conocer-los-servicios-de-salud-dental-objetivo-de-la-Feria-Dental-Infantil-en-la-Facultad-de-Estomatologia-de-la-UASLP-1.jpeg\"><img loading=\"lazy\" decoding=\"async\" width=\"1200\" height=\"1600\" data-id=\"8586\" src=\"https:\/\/wp.uaslp.mx\/noticias\/wp-content\/uploads\/sites\/5\/2023\/03\/Acercar-a-ninas-y-ninos-a-conocer-los-servicios-de-salud-dental-objetivo-de-la-Feria-Dental-Infantil-en-la-Facultad-de-Estomatologia-de-la-UASLP-1.jpeg\" alt=\"\" class=\"wp-image-8586\" srcset=\"https:\/\/wp.uaslp.mx\/noticias\/wp-content\/uploads\/sites\/5\/2023\/03\/Acercar-a-ninas-y-ninos-a-conocer-los-servicios-de-salud-dental-objetivo-de-la-Feria-Dental-Infantil-en-la-Facultad-de-Estomatologia-de-la-UASLP-1.jpeg 1200w, https:\/\/wp.uaslp.mx\/noticias\/wp-content\/uploads\/sites\/5\/2023\/03\/Acercar-a-ninas-y-ninos-a-conocer-los-servicios-de-salud-dental-objetivo-de-la-Feria-Dental-Infantil-en-la-Facultad-de-Estomatologia-de-la-UASLP-1-768x1024.jpeg 768w, https:\/\/wp.uaslp.mx\/noticias\/wp-content\/uploads\/sites\/5\/2023\/03\/Acercar-a-ninas-y-ninos-a-conocer-los-servicios-de-salud-dental-objetivo-de-la-Feria-Dental-Infantil-en-la-Facultad-de-Estomatologia-de-la-UASLP-1-1152x1536.jpeg 1152w, https:\/\/wp.uaslp.mx\/noticias\/wp-content\/uploads\/sites\/5\/2023\/03\/Acercar-a-ninas-y-ninos-a-conocer-los-servicios-de-salud-dental-objetivo-de-la-Feria-Dental-Infantil-en-la-Facultad-de-Estomatologia-de-la-UASLP-1-1024x1365.jpeg 1024w\" sizes=\"auto, (max-width: 1200px) 100vw, 1200px\" \/><\/a><\/figure>\n\n\n\n<figure class=\"wp-block-image size-large\"><a href=\"https:\/\/wp.uaslp.mx\/noticias\/wp-content\/uploads\/sites\/5\/2023\/03\/Acercar-a-ninas-y-ninos-a-conocer-los-servicios-de-salud-dental-objetivo-de-la-Feria-Dental-Infantil-en-la-Facultad-de-Estomatologia-de-la-UASLP-2.jpeg\"><img loading=\"lazy\" decoding=\"async\" width=\"1600\" height=\"1200\" data-id=\"8584\" src=\"https:\/\/wp.uaslp.mx\/noticias\/wp-content\/uploads\/sites\/5\/2023\/03\/Acercar-a-ninas-y-ninos-a-conocer-los-servicios-de-salud-dental-objetivo-de-la-Feria-Dental-Infantil-en-la-Facultad-de-Estomatologia-de-la-UASLP-2.jpeg\" alt=\"\" class=\"wp-image-8584\" srcset=\"https:\/\/wp.uaslp.mx\/noticias\/wp-content\/uploads\/sites\/5\/2023\/03\/Acercar-a-ninas-y-ninos-a-conocer-los-servicios-de-salud-dental-objetivo-de-la-Feria-Dental-Infantil-en-la-Facultad-de-Estomatologia-de-la-UASLP-2.jpeg 1600w, https:\/\/wp.uaslp.mx\/noticias\/wp-content\/uploads\/sites\/5\/2023\/03\/Acercar-a-ninas-y-ninos-a-conocer-los-servicios-de-salud-dental-objetivo-de-la-Feria-Dental-Infantil-en-la-Facultad-de-Estomatologia-de-la-UASLP-2-1024x768.jpeg 1024w, https:\/\/wp.uaslp.mx\/noticias\/wp-content\/uploads\/sites\/5\/2023\/03\/Acercar-a-ninas-y-ninos-a-conocer-los-servicios-de-salud-dental-objetivo-de-la-Feria-Dental-Infantil-en-la-Facultad-de-Estomatologia-de-la-UASLP-2-768x576.jpeg 768w, https:\/\/wp.uaslp.mx\/noticias\/wp-content\/uploads\/sites\/5\/2023\/03\/Acercar-a-ninas-y-ninos-a-conocer-los-servicios-de-salud-dental-objetivo-de-la-Feria-Dental-Infantil-en-la-Facultad-de-Estomatologia-de-la-UASLP-2-1536x1152.jpeg 1536w, https:\/\/wp.uaslp.mx\/noticias\/wp-content\/uploads\/sites\/5\/2023\/03\/Acercar-a-ninas-y-ninos-a-conocer-los-servicios-de-salud-dental-objetivo-de-la-Feria-Dental-Infantil-en-la-Facultad-de-Estomatologia-de-la-UASLP-2-1320x990.jpeg 1320w\" sizes=\"auto, (max-width: 1600px) 100vw, 1600px\" \/><\/a><\/figure>\n\n\n\n<figure class=\"wp-block-image size-large\"><a href=\"https:\/\/wp.uaslp.mx\/noticias\/wp-content\/uploads\/sites\/5\/2023\/03\/thumbnail_Acercar-a-ninas-y-ninos-a-conocer-los-servicios-de-salud-dental-objetivo-de-la-Feria-Dental-Infantil-en-la-Facultad-de-Estomatologia-de-la-UASLP-3.jpg\"><img loading=\"lazy\" decoding=\"async\" width=\"960\" height=\"1280\" data-id=\"8585\" src=\"https:\/\/wp.uaslp.mx\/noticias\/wp-content\/uploads\/sites\/5\/2023\/03\/thumbnail_Acercar-a-ninas-y-ninos-a-conocer-los-servicios-de-salud-dental-objetivo-de-la-Feria-Dental-Infantil-en-la-Facultad-de-Estomatologia-de-la-UASLP-3.jpg\" alt=\"\" class=\"wp-image-8585\" srcset=\"https:\/\/wp.uaslp.mx\/noticias\/wp-content\/uploads\/sites\/5\/2023\/03\/thumbnail_Acercar-a-ninas-y-ninos-a-conocer-los-servicios-de-salud-dental-objetivo-de-la-Feria-Dental-Infantil-en-la-Facultad-de-Estomatologia-de-la-UASLP-3.jpg 960w, https:\/\/wp.uaslp.mx\/noticias\/wp-content\/uploads\/sites\/5\/2023\/03\/thumbnail_Acercar-a-ninas-y-ninos-a-conocer-los-servicios-de-salud-dental-objetivo-de-la-Feria-Dental-Infantil-en-la-Facultad-de-Estomatologia-de-la-UASLP-3-768x1024.jpg 768w\" sizes=\"auto, (max-width: 960px) 100vw, 960px\" \/><\/a><\/figure>\n<\/figure>\n","protected":false},"excerpt":{"rendered":"<p>Con el objetivo de acercar a ni\u00f1as y ni\u00f1os en edad preescolar y de primero&#8230;<\/p>\n","protected":false},"author":12,"featured_media":8583,"comment_status":"closed","ping_status":"closed","sticky":false,"template":"","format":"standard","meta":{"pgc_sgb_lightbox_settings":"","footnotes":""},"categories":[855],"tags":[1364,1365],"class_list":["post-8582","post","type-post","status-publish","format-standard","has-post-thumbnail","hentry","category-servicios","tag-feria-dental-infantil","tag-odontopediatria"],"featured_image_urls":{"full":["https:\/\/wp.uaslp.mx\/noticias\/wp-content\/uploads\/sites\/5\/2023\/03\/WhatsApp-Image-2023-03-29-at-10.07.30.jpeg",1280,960,false],"thumbnail":["https:\/\/wp.uaslp.mx\/noticias\/wp-content\/uploads\/sites\/5\/2023\/03\/WhatsApp-Image-2023-03-29-at-10.07.30-150x150.jpeg",150,150,true],"medium":["https:\/\/wp.uaslp.mx\/noticias\/wp-content\/uploads\/sites\/5\/2023\/03\/WhatsApp-Image-2023-03-29-at-10.07.30-1024x768.jpeg",1024,768,true],"medium_large":["https:\/\/wp.uaslp.mx\/noticias\/wp-content\/uploads\/sites\/5\/2023\/03\/WhatsApp-Image-2023-03-29-at-10.07.30-768x576.jpeg",640,480,true],"large":["https:\/\/wp.uaslp.mx\/noticias\/wp-content\/uploads\/sites\/5\/2023\/03\/WhatsApp-Image-2023-03-29-at-10.07.30.jpeg",1280,960,false],"1536x1536":["https:\/\/wp.uaslp.mx\/noticias\/wp-content\/uploads\/sites\/5\/2023\/03\/WhatsApp-Image-2023-03-29-at-10.07.30.jpeg",1280,960,false],"2048x2048":["https:\/\/wp.uaslp.mx\/noticias\/wp-content\/uploads\/sites\/5\/2023\/03\/WhatsApp-Image-2023-03-29-at-10.07.30.jpeg",1280,960,false],"newsever-slider-full":["https:\/\/wp.uaslp.mx\/noticias\/wp-content\/uploads\/sites\/5\/2023\/03\/WhatsApp-Image-2023-03-29-at-10.07.30-1280x845.jpeg",1280,845,true],"newsever-featured":["https:\/\/wp.uaslp.mx\/noticias\/wp-content\/uploads\/sites\/5\/2023\/03\/WhatsApp-Image-2023-03-29-at-10.07.30-1024x768.jpeg",1024,768,true],"newsever-medium":["https:\/\/wp.uaslp.mx\/noticias\/wp-content\/uploads\/sites\/5\/2023\/03\/WhatsApp-Image-2023-03-29-at-10.07.30-720x475.jpeg",720,475,true],"mailpoet_newsletter_max":["https:\/\/wp.uaslp.mx\/noticias\/wp-content\/uploads\/sites\/5\/2023\/03\/WhatsApp-Image-2023-03-29-at-10.07.30.jpeg",1280,960,false]},"author_info":{"display_name":"Prensa y difusi\u00f3n","author_link":"https:\/\/wp.uaslp.mx\/noticias\/author\/giovannamorales\/"},"category_info":"<a href=\"https:\/\/wp.uaslp.mx\/noticias\/category\/servicios\/\" rel=\"category tag\">Servicios<\/a>","tag_info":"Servicios","comment_count":"0","_links":{"self":[{"href":"https:\/\/wp.uaslp.mx\/noticias\/wp-json\/wp\/v2\/posts\/8582","targetHints":{"allow":["GET"]}}],"collection":[{"href":"https:\/\/wp.uaslp.mx\/noticias\/wp-json\/wp\/v2\/posts"}],"about":[{"href":"https:\/\/wp.uaslp.mx\/noticias\/wp-json\/wp\/v2\/types\/post"}],"author":[{"embeddable":true,"href":"https:\/\/wp.uaslp.mx\/noticias\/wp-json\/wp\/v2\/users\/12"}],"replies":[{"embeddable":true,"href":"https:\/\/wp.uaslp.mx\/noticias\/wp-json\/wp\/v2\/comments?post=8582"}],"version-history":[{"count":1,"href":"https:\/\/wp.uaslp.mx\/noticias\/wp-json\/wp\/v2\/posts\/8582\/revisions"}],"predecessor-version":[{"id":8587,"href":"https:\/\/wp.uaslp.mx\/noticias\/wp-json\/wp\/v2\/posts\/8582\/revisions\/8587"}],"wp:featuredmedia":[{"embeddable":true,"href":"https:\/\/wp.uaslp.mx\/noticias\/wp-json\/wp\/v2\/media\/8583"}],"wp:attachment":[{"href":"https:\/\/wp.uaslp.mx\/noticias\/wp-json\/wp\/v2\/media?parent=8582"}],"wp:term":[{"taxonomy":"category","embeddable":true,"href":"https:\/\/wp.uaslp.mx\/noticias\/wp-json\/wp\/v2\/categories?post=8582"},{"taxonomy":"post_tag","embeddable":true,"href":"https:\/\/wp.uaslp.mx\/noticias\/wp-json\/wp\/v2\/tags?post=8582"}],"curies":[{"name":"wp","href":"https:\/\/api.w.org\/{rel}","templated":true}]}}