{"id":7076,"date":"2022-12-21T16:21:50","date_gmt":"2022-12-21T21:21:50","guid":{"rendered":"http:\/\/wp.uaslp.mx\/noticias\/?p=7076"},"modified":"2022-12-21T16:21:54","modified_gmt":"2022-12-21T21:21:54","slug":"historia-de-mexico-nuevo-curso-en-el-departamento-de-arte-y-cultura","status":"publish","type":"post","link":"https:\/\/wp.uaslp.mx\/noticias\/arteycultura\/historia-de-mexico-nuevo-curso-en-el-departamento-de-arte-y-cultura\/","title":{"rendered":"\u201cHistoria de M\u00e9xico\u201d, nuevo curso en el Departamento de Arte y Cultura"},"content":{"rendered":"\n<p>Como parte de la nueva oferta en materia de cursos y talleres, el <a href=\"https:\/\/www.facebook.com\/ArteyCulturaUASLP\" target=\"_blank\" rel=\"noopener\" title=\"\">Departamento de Arte y Cultura <\/a>de la Universidad Aut\u00f3noma de San Luis Potos\u00ed, invita a la sociedad en general al curso \u201cHistoria de M\u00e9xico\u201d, el cual ser\u00e1 impartido por el historiador Gerardo Vela de la Rosa, durante el semestre febrero-junio 2023.<\/p>\n\n\n\n<p>Sobre la intenci\u00f3n de este curso, el maestro Gerardo Vela explic\u00f3 que se trata de no apegarse a la historia cargada de temas pol\u00edticos o solamente de fechas y acontecimientos.<\/p>\n\n\n\n<p>\u201cEl objetivo de este curso es no apegarnos a los grandes acontecimientos, sino con un enfoque m\u00e1s social y cultural. Meternos en la gastronom\u00eda, tradiciones, educaci\u00f3n, la participaci\u00f3n de las mujeres en la historia, incluso en la parte m\u00e1s oscura de la sociedad\u201d.<\/p>\n\n\n\n<p>Se\u00f1al\u00f3 que el curso est\u00e1 dividido en m\u00f3dulos que corresponden a bloques hist\u00f3ricos; \u201ces decir, uno de ellos abarca la \u00e9poca prehisp\u00e1nica y la colonia, uno m\u00e1s de M\u00e9xico independiente y otro de historia moderna contempor\u00e1nea\u201d.<\/p>\n\n\n\n<p>Dijo que se busca analizar la historia con la que nos podamos identificar un poco m\u00e1s como mexicanos; \u201cla gente de a pie, no solamente ver a estos grandes personajes y acontecimientos. Lo cotidiano a trav\u00e9s de personas comunes. Obviamente, apeg\u00e1ndonos a los acontecimientos que han definido la historia y el rumbo del pa\u00eds, pero no viendo a los personajes, sino como viv\u00eda la poblaci\u00f3n de aquella \u00e9poca\u201d.<\/p>\n\n\n\n<p>De igual manera, el maestro Gerardo Vela expres\u00f3 que se abordar\u00e1n aspectos como el impacto que tuvo la guerra de Independencia, \u201clas transformaciones culturales que hubo tambi\u00e9n y como se han conformado ciertas identidades m\u00e1s all\u00e1 del acto heroico, todo lo que se deriv\u00f3 de ello\u201d.<\/p>\n\n\n\n<p>\u201cHistoria de M\u00e9xico\u201d, es un curso que se impartir\u00e1 de manera presencial los d\u00edas viernes, en un horario de 10:00 a 12:00 horas y va dirigido a todo p\u00fablico a partir de los 15 a\u00f1os de edad.<\/p>\n\n\n\n<p>\u201cTrata de ser m\u00e1s de divulgaci\u00f3n, no va para p\u00fablico especializado, pero tambi\u00e9n podr\u00edan inscribirse estudiantes de historia y poder complementar sus estudios, incluso para poder aportar\u201d.<\/p>\n\n\n\n<p>Para mayores informes e inscripciones, favor de comunicarse al tel\u00e9fono 4448261300 extensi\u00f3n 1269, o bien consultar la <a href=\"https:\/\/www.uaslp.mx\/DifusionCultural\/Paginas\/Semestrales\/4308#gsc.tab=0\">https:\/\/www.uaslp.mx\/DifusionCultural\/Paginas\/Semestrales\/4308#gsc.tab=0<\/a><\/p>\n","protected":false},"excerpt":{"rendered":"<p>Como parte de la nueva oferta en materia de cursos y talleres, el Departamento de&#8230;<\/p>\n","protected":false},"author":12,"featured_media":7077,"comment_status":"closed","ping_status":"closed","sticky":false,"template":"","format":"standard","meta":{"pgc_sgb_lightbox_settings":"","footnotes":""},"categories":[3],"tags":[853,1233],"class_list":["post-7076","post","type-post","status-publish","format-standard","has-post-thumbnail","hentry","category-arteycultura","tag-curso","tag-historia-de-mexico"],"featured_image_urls":{"full":["https:\/\/wp.uaslp.mx\/noticias\/wp-content\/uploads\/sites\/5\/2022\/12\/Historia-de-Me\u0301xico.png",1800,1200,false],"thumbnail":["https:\/\/wp.uaslp.mx\/noticias\/wp-content\/uploads\/sites\/5\/2022\/12\/Historia-de-Me\u0301xico-150x150.png",150,150,true],"medium":["https:\/\/wp.uaslp.mx\/noticias\/wp-content\/uploads\/sites\/5\/2022\/12\/Historia-de-Me\u0301xico-1024x683.png",1024,683,true],"medium_large":["https:\/\/wp.uaslp.mx\/noticias\/wp-content\/uploads\/sites\/5\/2022\/12\/Historia-de-Me\u0301xico-768x512.png",640,427,true],"large":["https:\/\/wp.uaslp.mx\/noticias\/wp-content\/uploads\/sites\/5\/2022\/12\/Historia-de-Me\u0301xico.png",1800,1200,false],"1536x1536":["https:\/\/wp.uaslp.mx\/noticias\/wp-content\/uploads\/sites\/5\/2022\/12\/Historia-de-Me\u0301xico-1536x1024.png",1536,1024,true],"2048x2048":["https:\/\/wp.uaslp.mx\/noticias\/wp-content\/uploads\/sites\/5\/2022\/12\/Historia-de-Me\u0301xico.png",1800,1200,false],"newsever-slider-full":["https:\/\/wp.uaslp.mx\/noticias\/wp-content\/uploads\/sites\/5\/2022\/12\/Historia-de-Me\u0301xico-1280x845.png",1280,845,true],"newsever-featured":["https:\/\/wp.uaslp.mx\/noticias\/wp-content\/uploads\/sites\/5\/2022\/12\/Historia-de-Me\u0301xico-1024x683.png",1024,683,true],"newsever-medium":["https:\/\/wp.uaslp.mx\/noticias\/wp-content\/uploads\/sites\/5\/2022\/12\/Historia-de-Me\u0301xico-720x475.png",720,475,true],"mailpoet_newsletter_max":["https:\/\/wp.uaslp.mx\/noticias\/wp-content\/uploads\/sites\/5\/2022\/12\/Historia-de-Me\u0301xico-1320x880.png",1320,880,true]},"author_info":{"display_name":"Prensa y difusi\u00f3n","author_link":"https:\/\/wp.uaslp.mx\/noticias\/author\/giovannamorales\/"},"category_info":"<a href=\"https:\/\/wp.uaslp.mx\/noticias\/category\/arteycultura\/\" rel=\"category tag\">Arte y cultura<\/a>","tag_info":"Arte y cultura","comment_count":"0","_links":{"self":[{"href":"https:\/\/wp.uaslp.mx\/noticias\/wp-json\/wp\/v2\/posts\/7076","targetHints":{"allow":["GET"]}}],"collection":[{"href":"https:\/\/wp.uaslp.mx\/noticias\/wp-json\/wp\/v2\/posts"}],"about":[{"href":"https:\/\/wp.uaslp.mx\/noticias\/wp-json\/wp\/v2\/types\/post"}],"author":[{"embeddable":true,"href":"https:\/\/wp.uaslp.mx\/noticias\/wp-json\/wp\/v2\/users\/12"}],"replies":[{"embeddable":true,"href":"https:\/\/wp.uaslp.mx\/noticias\/wp-json\/wp\/v2\/comments?post=7076"}],"version-history":[{"count":1,"href":"https:\/\/wp.uaslp.mx\/noticias\/wp-json\/wp\/v2\/posts\/7076\/revisions"}],"predecessor-version":[{"id":7078,"href":"https:\/\/wp.uaslp.mx\/noticias\/wp-json\/wp\/v2\/posts\/7076\/revisions\/7078"}],"wp:featuredmedia":[{"embeddable":true,"href":"https:\/\/wp.uaslp.mx\/noticias\/wp-json\/wp\/v2\/media\/7077"}],"wp:attachment":[{"href":"https:\/\/wp.uaslp.mx\/noticias\/wp-json\/wp\/v2\/media?parent=7076"}],"wp:term":[{"taxonomy":"category","embeddable":true,"href":"https:\/\/wp.uaslp.mx\/noticias\/wp-json\/wp\/v2\/categories?post=7076"},{"taxonomy":"post_tag","embeddable":true,"href":"https:\/\/wp.uaslp.mx\/noticias\/wp-json\/wp\/v2\/tags?post=7076"}],"curies":[{"name":"wp","href":"https:\/\/api.w.org\/{rel}","templated":true}]}}