{"id":6770,"date":"2022-11-25T16:08:34","date_gmt":"2022-11-25T21:08:34","guid":{"rendered":"http:\/\/wp.uaslp.mx\/noticias\/?p=6770"},"modified":"2022-11-25T16:08:35","modified_gmt":"2022-11-25T21:08:35","slug":"rector-dr-alejandro-zermeno-guerra-presente-en-el-congreso-internacional-amereiaf-2022","status":"publish","type":"post","link":"https:\/\/wp.uaslp.mx\/noticias\/gobierno\/rector-dr-alejandro-zermeno-guerra-presente-en-el-congreso-internacional-amereiaf-2022\/","title":{"rendered":"Rector Dr. Alejandro Zerme\u00f1o Guerra, presente en el Congreso internacional AMEREIAF 2022"},"content":{"rendered":"\n<p>Con el objetivo de implementar procesos de gesti\u00f3n en las instituciones de educaci\u00f3n superior, el doctor Alejandro Javier Zerme\u00f1o Guerra, rector de la Universidad Aut\u00f3noma de San Luis Potos\u00ed (UASLP) se encuentra participando en el Congreso Internacional 2022 de la<a href=\"https:\/\/www.facebook.com\/AMEREIAF\" target=\"_blank\" rel=\"noopener\" title=\"\"> Asociaci\u00f3n Mexicana de Responsables de la Estandarizaci\u00f3n de la Informaci\u00f3n Administrativa y Financiera en las Instituciones de Educaci\u00f3n Superior A.C.<\/a> (AMEREIAF), que este a\u00f1o se celebra en La Paz, Baja California Sur.<\/p>\n\n\n\n<p>El congreso, que busca implementar proceso de gesti\u00f3n que generen valor a las instituciones de educaci\u00f3n superior mediante la ejecuci\u00f3n de conocimientos que se reflejen en excelentes resultados, cuenta con la participaci\u00f3n del rector de la UASLP en el Panel de Rectores \u201cInnovaci\u00f3n acad\u00e9mica y gesti\u00f3n financiera\u201d, con la presencia de la doctora Carmen Enedina Rodr\u00edguez Armenta, directora general de Educaci\u00f3n Superior Universitaria e Intercultural de la Secretar\u00eda de Educaci\u00f3n P\u00fablica; el doctor Dante Arturo Salgado Gonz\u00e1lez, rector de la Universidad Aut\u00f3noma de Baja California Sur; el doctor Jos\u00e9 Alfredo Romero Olea, rector de la Universidad Aut\u00f3noma de Guerrero y el maestro Luis Alfonso Rivera Campos, rector de la Universidad Aut\u00f3noma de Chihuahua.<\/p>\n\n\n\n<p>El congreso, que tiene duraci\u00f3n de tres d\u00edas, durante los que se realizar\u00e1n conferencias magistrales, paneles, eventos culturales, entrega de reconocimientos y la presentaci\u00f3n del Nuevo Consejo Directivo 2023-2024 de la AMEREIAF A.C.<\/p>\n\n\n\n<p>Se cuenta adem\u00e1s con ponentes como Francesc Pedr\u00f3, director del Instituto Internacional de la UNESCO para la Educaci\u00f3n Superior en Am\u00e9rica Latina y El Caribe, entre otros especialistas en fiscalizaci\u00f3n de gastos federalizados, estatales y propios.<\/p>\n\n\n\n<p>En el encuentro participan poco m\u00e1s de 500 representantes de instituciones educativas, tanto de manera virtual como f\u00edsica, destacando personalidades como la Dra. Carmen Enedina Rodr\u00edguez Armenta, directora de Educaci\u00f3n Superior Universitaria e Intercultural; Mtro. Emilio Barriga Delgado, Auditor Especial de Gasto Federalizado de la ASF; y Mtra. Bertha Monta\u00f1o Cota, secretaria de Finanzas de Gobierno del Estado, en representaci\u00f3n del gobernador V\u00edctor Castro Cos\u00edo.<\/p>\n\n\n\n<p class=\"has-text-align-right\"><em>Hugo Lauss\u00edn\/TC<\/em>.<\/p>\n","protected":false},"excerpt":{"rendered":"<p>Con el objetivo de implementar procesos de gesti\u00f3n en las instituciones de educaci\u00f3n superior, el&#8230;<\/p>\n","protected":false},"author":12,"featured_media":6771,"comment_status":"closed","ping_status":"closed","sticky":false,"template":"","format":"standard","meta":{"pgc_sgb_lightbox_settings":"","footnotes":""},"categories":[9],"tags":[38,182,435],"class_list":["post-6770","post","type-post","status-publish","format-standard","has-post-thumbnail","hentry","category-gobierno","tag-amereiaf","tag-congreso","tag-internacional"],"featured_image_urls":{"full":["https:\/\/wp.uaslp.mx\/noticias\/wp-content\/uploads\/sites\/5\/2022\/11\/Congreso-internacional-AMEREIAF-2022-1.jpeg",1600,1200,false],"thumbnail":["https:\/\/wp.uaslp.mx\/noticias\/wp-content\/uploads\/sites\/5\/2022\/11\/Congreso-internacional-AMEREIAF-2022-1-150x150.jpeg",150,150,true],"medium":["https:\/\/wp.uaslp.mx\/noticias\/wp-content\/uploads\/sites\/5\/2022\/11\/Congreso-internacional-AMEREIAF-2022-1-1024x768.jpeg",1024,768,true],"medium_large":["https:\/\/wp.uaslp.mx\/noticias\/wp-content\/uploads\/sites\/5\/2022\/11\/Congreso-internacional-AMEREIAF-2022-1-768x576.jpeg",640,480,true],"large":["https:\/\/wp.uaslp.mx\/noticias\/wp-content\/uploads\/sites\/5\/2022\/11\/Congreso-internacional-AMEREIAF-2022-1.jpeg",1600,1200,false],"1536x1536":["https:\/\/wp.uaslp.mx\/noticias\/wp-content\/uploads\/sites\/5\/2022\/11\/Congreso-internacional-AMEREIAF-2022-1-1536x1152.jpeg",1536,1152,true],"2048x2048":["https:\/\/wp.uaslp.mx\/noticias\/wp-content\/uploads\/sites\/5\/2022\/11\/Congreso-internacional-AMEREIAF-2022-1.jpeg",1600,1200,false],"newsever-slider-full":["https:\/\/wp.uaslp.mx\/noticias\/wp-content\/uploads\/sites\/5\/2022\/11\/Congreso-internacional-AMEREIAF-2022-1-1280x845.jpeg",1280,845,true],"newsever-featured":["https:\/\/wp.uaslp.mx\/noticias\/wp-content\/uploads\/sites\/5\/2022\/11\/Congreso-internacional-AMEREIAF-2022-1-1024x768.jpeg",1024,768,true],"newsever-medium":["https:\/\/wp.uaslp.mx\/noticias\/wp-content\/uploads\/sites\/5\/2022\/11\/Congreso-internacional-AMEREIAF-2022-1-720x475.jpeg",720,475,true],"mailpoet_newsletter_max":["https:\/\/wp.uaslp.mx\/noticias\/wp-content\/uploads\/sites\/5\/2022\/11\/Congreso-internacional-AMEREIAF-2022-1-1320x990.jpeg",1320,990,true]},"author_info":{"display_name":"Prensa y difusi\u00f3n","author_link":"https:\/\/wp.uaslp.mx\/noticias\/author\/giovannamorales\/"},"category_info":"<a href=\"https:\/\/wp.uaslp.mx\/noticias\/category\/gobierno\/\" rel=\"category tag\">Gobierno<\/a>","tag_info":"Gobierno","comment_count":"0","_links":{"self":[{"href":"https:\/\/wp.uaslp.mx\/noticias\/wp-json\/wp\/v2\/posts\/6770","targetHints":{"allow":["GET"]}}],"collection":[{"href":"https:\/\/wp.uaslp.mx\/noticias\/wp-json\/wp\/v2\/posts"}],"about":[{"href":"https:\/\/wp.uaslp.mx\/noticias\/wp-json\/wp\/v2\/types\/post"}],"author":[{"embeddable":true,"href":"https:\/\/wp.uaslp.mx\/noticias\/wp-json\/wp\/v2\/users\/12"}],"replies":[{"embeddable":true,"href":"https:\/\/wp.uaslp.mx\/noticias\/wp-json\/wp\/v2\/comments?post=6770"}],"version-history":[{"count":1,"href":"https:\/\/wp.uaslp.mx\/noticias\/wp-json\/wp\/v2\/posts\/6770\/revisions"}],"predecessor-version":[{"id":6772,"href":"https:\/\/wp.uaslp.mx\/noticias\/wp-json\/wp\/v2\/posts\/6770\/revisions\/6772"}],"wp:featuredmedia":[{"embeddable":true,"href":"https:\/\/wp.uaslp.mx\/noticias\/wp-json\/wp\/v2\/media\/6771"}],"wp:attachment":[{"href":"https:\/\/wp.uaslp.mx\/noticias\/wp-json\/wp\/v2\/media?parent=6770"}],"wp:term":[{"taxonomy":"category","embeddable":true,"href":"https:\/\/wp.uaslp.mx\/noticias\/wp-json\/wp\/v2\/categories?post=6770"},{"taxonomy":"post_tag","embeddable":true,"href":"https:\/\/wp.uaslp.mx\/noticias\/wp-json\/wp\/v2\/tags?post=6770"}],"curies":[{"name":"wp","href":"https:\/\/api.w.org\/{rel}","templated":true}]}}