{"id":6595,"date":"2022-10-01T14:44:49","date_gmt":"2022-10-01T19:44:49","guid":{"rendered":"http:\/\/wp.uaslp.mx\/noticias\/?p=6595"},"modified":"2023-06-05T10:37:28","modified_gmt":"2023-06-05T15:37:28","slug":"catedratico-de-fcsyh-obtiene-galardon-a-la-excelencia-educativa-y-doctorado-honoris-causa-de-oiice","status":"publish","type":"post","link":"https:\/\/wp.uaslp.mx\/noticias\/orgullouaslp\/catedratico-de-fcsyh-obtiene-galardon-a-la-excelencia-educativa-y-doctorado-honoris-causa-de-oiice\/","title":{"rendered":"Catedr\u00e1tico de FCSyH obtiene \u201cGalard\u00f3n a la Excelencia Educativa\u201d y Doctorado Honoris Causa de OIICE"},"content":{"rendered":"\n<p>El doctor Stefano Santasilia, jefe de posgrado de la <a href=\"https:\/\/www.facebook.com\/csyhUASLP\" target=\"_blank\" rel=\"noopener\" title=\"\">Facultad de Ciencias Sociales y Humanidades <\/a>(FCSyH) de la UASLP, ser\u00e1 reconocido con el Galard\u00f3n a la Excelencia Educativa Edici\u00f3n M\u00e9xico y con un Doctorado Honoris Causa, ambos le ser\u00e1n otorgados por la Organizaci\u00f3n Internacional para la Inclusi\u00f3n y Calidad Educativa (OIICE).<\/p>\n\n\n\n<p>El tambi\u00e9n catedr\u00e1tico e investigador inform\u00f3 que dicha determinaci\u00f3n le fue notificada el pasado 24 de octubre, luego de que as\u00ed lo decidiera la Comisi\u00f3n de Evaluaci\u00f3n de la OIICE conformada por prestigiosos catedr\u00e1ticos universitarios de diferentes pa\u00edses latinoamericanos.<\/p>\n\n\n\n<p>En el caso del Honoris Causa, le fue otorgado por \u201csu perseverancia y constancia en el camino a la excelencia, por ser un profesional que viene promoviendo el crecimiento acad\u00e9mico, inculcando valores durante su trayectoria\u201d, seg\u00fan se\u00f1ala el documento.<\/p>\n\n\n\n<p>Ante ello, el Dr. Santasilia comparti\u00f3 en entrevista su agradecimiento a la OIICE, pues son galardones v\u00e1lidos para toda Am\u00e9rica Latina. A su vez, record\u00f3 que est\u00e1 por cumplir seis a\u00f1os de haber iniciado labores en la Universidad Aut\u00f3noma de San Luis Potos\u00ed, luego de arribar desde su natal Italia y haber hecho colaboraciones con la <a href=\"https:\/\/www.unam.mx\/\" target=\"_blank\" rel=\"noopener\" title=\"\">Universidad Nacional Aut\u00f3noma de M\u00e9xico<\/a> (UNAM), la<a href=\"https:\/\/www.uam.mx\/\" target=\"_blank\" rel=\"noopener\" title=\"\"> Universidad Aut\u00f3noma Metropolitana<\/a> (UAM), la <a href=\"https:\/\/www.buap.mx\/\" target=\"_blank\" rel=\"noopener\" title=\"\">Benem\u00e9rita Universidad Aut\u00f3noma de Puebla<\/a> (BUAP) y la Universidad de Morelia.<\/p>\n\n\n\n<p>Destac\u00f3 que desde su arribo fue bien recibido en la m\u00e1xima casa de estudios y durante su labor, ha tratado de compartir su experiencia y conocimiento en la FCSyH, donde ha sido tambi\u00e9n docente y coordinador de la Licenciatura en Filosof\u00eda, as\u00ed como catedr\u00e1tico del Posgrado en Estudios Latinoamericanos. Stefano Santasilia es Doctor en Estudios Latinoamericanos por la Universidad de N\u00e1poles \u201cL\u2019Orientale\u201d (Italia) y Doctor en Filosof\u00eda por la Universidad Pontificia de Comillas (Espa\u00f1a).<\/p>\n\n\n\n<p>Sobre el reconocimiento, se\u00f1al\u00f3 que es un aliciente para su carrera. \u201cMe empuja a trabajar siempre mejor y a la vez me da mucha felicidad pues se siente el reconocimiento adem\u00e1s del trabajo de cada d\u00eda con respecto a la academia y los diferentes representantes de los pa\u00edses latinoamericanos\u201d, comparti\u00f3.<\/p>\n\n\n\n<p>Se\u00f1al\u00f3 que apenas este a\u00f1o se afili\u00f3 a la OIICE y que le propusieron participar en el concurso por el galard\u00f3n, para la cual tuvo que pasar diferentes selecciones y finalmente result\u00f3 ganador. La ceremonia de entrega se realizar\u00e1 este fin de semana el 19 de noviembre en la Ciudad de M\u00e9xico, por lo que consider\u00f3 afortunado que el premio sea para un catedr\u00e1tico mexicano y el evento sea en el mismo pa\u00eds.<\/p>\n\n\n\n<p>Aunque el reconocimiento de Honoris Causa no tiene obligaciones oficiales, implica ahora una participaci\u00f3n m\u00e1s responsable no s\u00f3lo en la organizaci\u00f3n sino al exterior, para mantener el nivel alto del trabajo y ense\u00f1anza, sobre todo en la UASLP. Al respecto, adelant\u00f3 que la Facultad de Ciencias Sociales y Humanidades est\u00e1 trabajando en varias reestructuraciones, incluyendo la posibilidad de un nuevo posgrado para el \u00e1rea de humanidades que beneficiar\u00eda a estudiantes de licenciaturas de filosof\u00eda, historia y literatura.<\/p>\n\n\n\n<p>El doctor Santasilia ha publicado tres monograf\u00edas: Tra Metafisica e Storia. L&#8217;idea dell&#8217;uomo in Eduardo Nicol (Firenze, 2010) y Simbolo e corpo. A partire da Eduardo Nicol (Napoli, 2013), Introduzione alla filosofia latinoamericana (Milano, 2017) y varios cap\u00edtulos de libro y art\u00edculos en revistas nacionales e internacionales. Sus campos de investigaci\u00f3n son: filosof\u00eda de la religi\u00f3n, fenomenolog\u00eda y hermen\u00e9utica. Dentro de estos desarrolla estas l\u00edneas espec\u00edficas: an\u00e1lisis y hermen\u00e9utica del fen\u00f3meno religioso, fenomenolog\u00eda y hermen\u00e9utica de la corporalidad y del espacio, filosof\u00eda de la interculturalidad. Es miembro de la Asociaci\u00f3n de Hispanismo Filos\u00f3fico, del C\u00edrculo Latinoamericano de Fenomenolog\u00eda, de la European Society for the Philosophy of Religion y del grupo de investigaci\u00f3n internacional \u201cFenomenolog\u00eda del Cuerpo y An\u00e1lisis del Dolor\u201d (dirigido por Agust\u00edn Serrano de Haro).<\/p>\n\n\n\n<p class=\"has-text-align-right\"><em>Hugo Lauss\u00edn\/TC<\/em><\/p>\n","protected":false},"excerpt":{"rendered":"<p>El doctor Stefano Santasilia, jefe de posgrado de la Facultad de Ciencias Sociales y Humanidades&#8230;<\/p>\n","protected":false},"author":12,"featured_media":9428,"comment_status":"closed","ping_status":"closed","sticky":false,"template":"","format":"standard","meta":{"pgc_sgb_lightbox_settings":"","footnotes":""},"categories":[11],"tags":[325,357,437],"class_list":["post-6595","post","type-post","status-publish","format-standard","has-post-thumbnail","hentry","category-orgullouaslp","tag-fcsyh","tag-galardonado","tag-investigacion"],"featured_image_urls":{"full":["https:\/\/wp.uaslp.mx\/noticias\/wp-content\/uploads\/sites\/5\/2023\/06\/foto-1800-x-1200.png",1800,1200,false],"thumbnail":["https:\/\/wp.uaslp.mx\/noticias\/wp-content\/uploads\/sites\/5\/2023\/06\/foto-1800-x-1200-150x150.png",150,150,true],"medium":["https:\/\/wp.uaslp.mx\/noticias\/wp-content\/uploads\/sites\/5\/2023\/06\/foto-1800-x-1200-1024x683.png",1024,683,true],"medium_large":["https:\/\/wp.uaslp.mx\/noticias\/wp-content\/uploads\/sites\/5\/2023\/06\/foto-1800-x-1200-768x512.png",640,427,true],"large":["https:\/\/wp.uaslp.mx\/noticias\/wp-content\/uploads\/sites\/5\/2023\/06\/foto-1800-x-1200.png",1800,1200,false],"1536x1536":["https:\/\/wp.uaslp.mx\/noticias\/wp-content\/uploads\/sites\/5\/2023\/06\/foto-1800-x-1200-1536x1024.png",1536,1024,true],"2048x2048":["https:\/\/wp.uaslp.mx\/noticias\/wp-content\/uploads\/sites\/5\/2023\/06\/foto-1800-x-1200.png",1800,1200,false],"newsever-slider-full":["https:\/\/wp.uaslp.mx\/noticias\/wp-content\/uploads\/sites\/5\/2023\/06\/foto-1800-x-1200-1280x845.png",1280,845,true],"newsever-featured":["https:\/\/wp.uaslp.mx\/noticias\/wp-content\/uploads\/sites\/5\/2023\/06\/foto-1800-x-1200-1024x683.png",1024,683,true],"newsever-medium":["https:\/\/wp.uaslp.mx\/noticias\/wp-content\/uploads\/sites\/5\/2023\/06\/foto-1800-x-1200-720x475.png",720,475,true],"mailpoet_newsletter_max":["https:\/\/wp.uaslp.mx\/noticias\/wp-content\/uploads\/sites\/5\/2023\/06\/foto-1800-x-1200-1320x880.png",1320,880,true]},"author_info":{"display_name":"Prensa y difusi\u00f3n","author_link":"https:\/\/wp.uaslp.mx\/noticias\/author\/giovannamorales\/"},"category_info":"<a href=\"https:\/\/wp.uaslp.mx\/noticias\/category\/orgullouaslp\/\" rel=\"category tag\">Orgullo UASLP<\/a>","tag_info":"Orgullo UASLP","comment_count":"0","_links":{"self":[{"href":"https:\/\/wp.uaslp.mx\/noticias\/wp-json\/wp\/v2\/posts\/6595","targetHints":{"allow":["GET"]}}],"collection":[{"href":"https:\/\/wp.uaslp.mx\/noticias\/wp-json\/wp\/v2\/posts"}],"about":[{"href":"https:\/\/wp.uaslp.mx\/noticias\/wp-json\/wp\/v2\/types\/post"}],"author":[{"embeddable":true,"href":"https:\/\/wp.uaslp.mx\/noticias\/wp-json\/wp\/v2\/users\/12"}],"replies":[{"embeddable":true,"href":"https:\/\/wp.uaslp.mx\/noticias\/wp-json\/wp\/v2\/comments?post=6595"}],"version-history":[{"count":1,"href":"https:\/\/wp.uaslp.mx\/noticias\/wp-json\/wp\/v2\/posts\/6595\/revisions"}],"predecessor-version":[{"id":6597,"href":"https:\/\/wp.uaslp.mx\/noticias\/wp-json\/wp\/v2\/posts\/6595\/revisions\/6597"}],"wp:featuredmedia":[{"embeddable":true,"href":"https:\/\/wp.uaslp.mx\/noticias\/wp-json\/wp\/v2\/media\/9428"}],"wp:attachment":[{"href":"https:\/\/wp.uaslp.mx\/noticias\/wp-json\/wp\/v2\/media?parent=6595"}],"wp:term":[{"taxonomy":"category","embeddable":true,"href":"https:\/\/wp.uaslp.mx\/noticias\/wp-json\/wp\/v2\/categories?post=6595"},{"taxonomy":"post_tag","embeddable":true,"href":"https:\/\/wp.uaslp.mx\/noticias\/wp-json\/wp\/v2\/tags?post=6595"}],"curies":[{"name":"wp","href":"https:\/\/api.w.org\/{rel}","templated":true}]}}