{"id":6198,"date":"2022-10-24T15:53:22","date_gmt":"2022-10-24T20:53:22","guid":{"rendered":"http:\/\/wp.uaslp.mx\/noticias\/?p=6198"},"modified":"2022-10-24T16:11:51","modified_gmt":"2022-10-24T21:11:51","slug":"rafael-nieto-compean-visionario-comprometido-con-su-entorno-doctora-maria-gabriela-torres-montero","status":"publish","type":"post","link":"https:\/\/wp.uaslp.mx\/noticias\/comunidad\/rafael-nieto-compean-visionario-comprometido-con-su-entorno-doctora-maria-gabriela-torres-montero\/","title":{"rendered":"\u201cRafael Nieto Compe\u00e1n, visionario comprometido con su entorno\u201d: Doctora Mar\u00eda Gabriela Torres Montero\u00a0"},"content":{"rendered":"\n<p>En el d\u00eda del natalicio de Rafael Nieto Compe\u00e1n, ocurrido el 24 de octubre de 1884 en Cerritos, San Luis Potos\u00ed, la doctora Mar\u00eda Gabriela Torres Montero, profesora investigadora de la <a href=\"https:\/\/sociales.uaslp.mx\/#gsc.tab=0\" target=\"_blank\" rel=\"noopener\" title=\"\">Facultad de Ciencias Sociales y Humanidades <\/a>de la UASLP, habl\u00f3 sobre la figura de este ilustre potosino y su importancia en la vida pol\u00edtica del Estado.&nbsp;<\/p>\n\n\n\n<p>Sobre la vida de Rafael Nieto, la doctora Torres Montero se\u00f1al\u00f3 que uno de sus principales intereses fue el mejorar la educaci\u00f3n en San Luis Potos\u00ed,&nbsp;y explic\u00f3 que fue un autodidacta, ya que desde temprana edad tuvo acercamiento con personas que le\u00edan mucho y ten\u00edan un mayor conocimiento que el resto de los habitantes de esa \u00e9poca.&nbsp;<\/p>\n\n\n\n<p>\u201cSu paso por las filas carrancistas y una vez llegado a tomar posesi\u00f3n como gobernador del Estado de San Luis Potos\u00ed, tomando en cuenta que la educaci\u00f3n profesional no era tan importante, por el contexto de escasez econ\u00f3mica y la Revoluci\u00f3n, el proyecto de educaci\u00f3n nacional apostaba m\u00e1s hacia la educaci\u00f3n b\u00e1sica, m\u00e1s que la educaci\u00f3n profesional\u201d.&nbsp;<\/p>\n\n\n\n<p>De igual manera, la doctora Torres Montero se\u00f1al\u00f3 que dada la relaci\u00f3n que Rafael Nieto ten\u00eda con estudiantes y profesores, lo anim\u00f3 a dar ese paso, \u201cy a proponer que se mejorara la educaci\u00f3n profesional a trav\u00e9s de establecer una instituci\u00f3n diferente, como Universidad Aut\u00f3noma de San Luis Potos\u00ed\u201d.&nbsp;<\/p>\n\n\n\n<p>\u201cGeneralmente, cuando se habla de la Universidad Aut\u00f3noma, se puede considerar como una aprobaci\u00f3n y ya; pero esto va m\u00e1s all\u00e1, pero hubo varios factores, entre ellos la participaci\u00f3n de alumnos y de profesores que buscaban ese cambio, a la par de la idea de Rafael Nieto de elevar a rango de Universidad Aut\u00f3noma de San Luis Potos\u00ed al Instituto Cient\u00edfico y Literario\u201d. Explic\u00f3.&nbsp;<\/p>\n\n\n\n<p>Dijo tambi\u00e9n que muchos bi\u00f3grafos lo llaman visionario o adelantado a su \u00e9poca, pero tambi\u00e9n hay que considerarlo como una persona comprometida con su entorno. \u201cY creo que sus viajes y el estar fuera del pa\u00eds, ver otros pensamientos y otros contextos, lo que lo hace tener una idea diferente de hac\u00eda donde pod\u00eda ir el pa\u00eds\u201d.&nbsp;<\/p>\n\n\n\n<p>Cabe recordar que fue en 1923 cuando se crea la Universidad Aut\u00f3noma de San Luis Potos\u00ed, \u201cy se crea con la condici\u00f3n de aut\u00f3noma, es decir, que sea la propia instituci\u00f3n quien se haga cargo de ella misma, y el argumento de Rafael Nieto fue para que no estuviera sujeta a las condiciones pol\u00edticas de la \u00e9poca\u201d.&nbsp;<\/p>\n\n\n\n<p>Dentro de las aportaciones de Rafael Nieto Compe\u00e1n, destaca tambi\u00e9n el otorgamiento del voto a la mujer.&nbsp;<\/p>\n","protected":false},"excerpt":{"rendered":"<p>En el d\u00eda del natalicio de Rafael Nieto Compe\u00e1n, ocurrido el 24 de octubre de&#8230;<\/p>\n","protected":false},"author":12,"featured_media":6205,"comment_status":"closed","ping_status":"closed","sticky":false,"template":"","format":"standard","meta":{"pgc_sgb_lightbox_settings":"","footnotes":""},"categories":[5],"tags":[803,1115],"class_list":["post-6198","post","type-post","status-publish","format-standard","has-post-thumbnail","hentry","category-comunidad","tag-charla","tag-rafael-nieto-compean"],"featured_image_urls":{"full":["https:\/\/wp.uaslp.mx\/noticias\/wp-content\/uploads\/sites\/5\/2022\/10\/Dra.-Maria-Gabriela-Torres-Montero.jpg",1800,1200,false],"thumbnail":["https:\/\/wp.uaslp.mx\/noticias\/wp-content\/uploads\/sites\/5\/2022\/10\/Dra.-Maria-Gabriela-Torres-Montero-150x150.jpg",150,150,true],"medium":["https:\/\/wp.uaslp.mx\/noticias\/wp-content\/uploads\/sites\/5\/2022\/10\/Dra.-Maria-Gabriela-Torres-Montero-1024x683.jpg",1024,683,true],"medium_large":["https:\/\/wp.uaslp.mx\/noticias\/wp-content\/uploads\/sites\/5\/2022\/10\/Dra.-Maria-Gabriela-Torres-Montero-768x512.jpg",640,427,true],"large":["https:\/\/wp.uaslp.mx\/noticias\/wp-content\/uploads\/sites\/5\/2022\/10\/Dra.-Maria-Gabriela-Torres-Montero.jpg",1800,1200,false],"1536x1536":["https:\/\/wp.uaslp.mx\/noticias\/wp-content\/uploads\/sites\/5\/2022\/10\/Dra.-Maria-Gabriela-Torres-Montero-1536x1024.jpg",1536,1024,true],"2048x2048":["https:\/\/wp.uaslp.mx\/noticias\/wp-content\/uploads\/sites\/5\/2022\/10\/Dra.-Maria-Gabriela-Torres-Montero.jpg",1800,1200,false],"newsever-slider-full":["https:\/\/wp.uaslp.mx\/noticias\/wp-content\/uploads\/sites\/5\/2022\/10\/Dra.-Maria-Gabriela-Torres-Montero-1280x845.jpg",1280,845,true],"newsever-featured":["https:\/\/wp.uaslp.mx\/noticias\/wp-content\/uploads\/sites\/5\/2022\/10\/Dra.-Maria-Gabriela-Torres-Montero-1024x683.jpg",1024,683,true],"newsever-medium":["https:\/\/wp.uaslp.mx\/noticias\/wp-content\/uploads\/sites\/5\/2022\/10\/Dra.-Maria-Gabriela-Torres-Montero-720x475.jpg",720,475,true],"mailpoet_newsletter_max":["https:\/\/wp.uaslp.mx\/noticias\/wp-content\/uploads\/sites\/5\/2022\/10\/Dra.-Maria-Gabriela-Torres-Montero-1320x880.jpg",1320,880,true]},"author_info":{"display_name":"Prensa y difusi\u00f3n","author_link":"https:\/\/wp.uaslp.mx\/noticias\/author\/giovannamorales\/"},"category_info":"<a href=\"https:\/\/wp.uaslp.mx\/noticias\/category\/comunidad\/\" rel=\"category tag\">Comunidad<\/a>","tag_info":"Comunidad","comment_count":"0","_links":{"self":[{"href":"https:\/\/wp.uaslp.mx\/noticias\/wp-json\/wp\/v2\/posts\/6198","targetHints":{"allow":["GET"]}}],"collection":[{"href":"https:\/\/wp.uaslp.mx\/noticias\/wp-json\/wp\/v2\/posts"}],"about":[{"href":"https:\/\/wp.uaslp.mx\/noticias\/wp-json\/wp\/v2\/types\/post"}],"author":[{"embeddable":true,"href":"https:\/\/wp.uaslp.mx\/noticias\/wp-json\/wp\/v2\/users\/12"}],"replies":[{"embeddable":true,"href":"https:\/\/wp.uaslp.mx\/noticias\/wp-json\/wp\/v2\/comments?post=6198"}],"version-history":[{"count":2,"href":"https:\/\/wp.uaslp.mx\/noticias\/wp-json\/wp\/v2\/posts\/6198\/revisions"}],"predecessor-version":[{"id":6201,"href":"https:\/\/wp.uaslp.mx\/noticias\/wp-json\/wp\/v2\/posts\/6198\/revisions\/6201"}],"wp:featuredmedia":[{"embeddable":true,"href":"https:\/\/wp.uaslp.mx\/noticias\/wp-json\/wp\/v2\/media\/6205"}],"wp:attachment":[{"href":"https:\/\/wp.uaslp.mx\/noticias\/wp-json\/wp\/v2\/media?parent=6198"}],"wp:term":[{"taxonomy":"category","embeddable":true,"href":"https:\/\/wp.uaslp.mx\/noticias\/wp-json\/wp\/v2\/categories?post=6198"},{"taxonomy":"post_tag","embeddable":true,"href":"https:\/\/wp.uaslp.mx\/noticias\/wp-json\/wp\/v2\/tags?post=6198"}],"curies":[{"name":"wp","href":"https:\/\/api.w.org\/{rel}","templated":true}]}}