{"id":5752,"date":"2022-10-10T14:28:35","date_gmt":"2022-10-10T19:28:35","guid":{"rendered":"http:\/\/wp.uaslp.mx\/noticias\/?p=5752"},"modified":"2022-10-10T14:28:37","modified_gmt":"2022-10-10T19:28:37","slug":"en-octubre-uaslp-elabora-su-plan-operativo-anual-2023","status":"publish","type":"post","link":"https:\/\/wp.uaslp.mx\/noticias\/gobierno\/en-octubre-uaslp-elabora-su-plan-operativo-anual-2023\/","title":{"rendered":"En octubre, UASLP elabora su Plan Operativo Anual 2023\u00a0"},"content":{"rendered":"\n<p class=\"wp-block-paragraph\">En reuni\u00f3n con directores de entidades acad\u00e9micas y responsables de dependencias administrativas, la Direcci\u00f3n de Planeaci\u00f3n estableci\u00f3 las agendas de implementaci\u00f3n del Plan Operativo Anual de la Universidad Aut\u00f3noma de San Luis Potos\u00ed (UASLP) que desglosa las actividades a desarrollar en toda la instituci\u00f3n durante 2023.&nbsp;&nbsp;<\/p>\n\n\n\n<p class=\"wp-block-paragraph\">Esto, de cara a la elaboraci\u00f3n del presupuesto del pr\u00f3ximo a\u00f1o donde se detallan las pautas a seguir privilegiando el plan de austeridad establecido por el rector Dr. Alejandro Javier Zerme\u00f1o Guerra.&nbsp;&nbsp;<\/p>\n\n\n\n<p class=\"wp-block-paragraph\">La cita se desarroll\u00f3 este d\u00eda en el Centro Cultural Universitario Bicentenario, donde fueron presentadas las agendas de trabajo de las entidades acad\u00e9micas, administrativas y de servicio de la UASLP; cuyo fin es abonar a la determinaci\u00f3n del presupuesto 2023 mismo que dar\u00e1 continuidad al plan de austeridad y priorizar\u00e1 las necesidades de cada entidad para cumplir con las obligaciones acad\u00e9micas y de servicio. &nbsp;&nbsp;<\/p>\n\n\n\n<p class=\"wp-block-paragraph\">La comunidad universitaria consciente de las necesidades primordiales y de la situaci\u00f3n pospandemia mundial, as\u00ed como de la disponibilidad limitada de recursos, buscar\u00e1 de forma responsable adecuar los trabajos y presentar una agenda real y acorde a las necesidades institucionales. Estas agendas de implementaci\u00f3n establecen el rumbo de lo que ser\u00e1 el Plan Operativo Anual, todo bajo el marco normativo y de responsabilidad financiera que se pretende para dicho presupuesto.<\/p>\n","protected":false},"excerpt":{"rendered":"<p>En reuni\u00f3n con directores de entidades acad\u00e9micas y responsables de dependencias administrativas, la Direcci\u00f3n de&#8230;<\/p>\n","protected":false},"author":12,"featured_media":5753,"comment_status":"closed","ping_status":"closed","sticky":false,"template":"","format":"standard","meta":{"pgc_sgb_lightbox_settings":"","footnotes":"","_members_access_role":[],"_members_access_error":""},"categories":[9],"tags":[1085,1086],"class_list":["post-5752","post","type-post","status-publish","format-standard","has-post-thumbnail","hentry","category-gobierno","tag-direccion-de-planeacion","tag-plan-operativo-anual"],"featured_image_urls":{"full":["https:\/\/wp.uaslp.mx\/noticias\/wp-content\/uploads\/sites\/5\/2022\/10\/EDIFICIO-CENTRAL-IMG_8959-1.jpg",2000,1333,false],"thumbnail":["https:\/\/wp.uaslp.mx\/noticias\/wp-content\/uploads\/sites\/5\/2022\/10\/EDIFICIO-CENTRAL-IMG_8959-1-150x150.jpg",150,150,true],"medium":["https:\/\/wp.uaslp.mx\/noticias\/wp-content\/uploads\/sites\/5\/2022\/10\/EDIFICIO-CENTRAL-IMG_8959-1-1024x682.jpg",1024,682,true],"medium_large":["https:\/\/wp.uaslp.mx\/noticias\/wp-content\/uploads\/sites\/5\/2022\/10\/EDIFICIO-CENTRAL-IMG_8959-1-768x512.jpg",640,427,true],"large":["https:\/\/wp.uaslp.mx\/noticias\/wp-content\/uploads\/sites\/5\/2022\/10\/EDIFICIO-CENTRAL-IMG_8959-1.jpg",2000,1333,false],"1536x1536":["https:\/\/wp.uaslp.mx\/noticias\/wp-content\/uploads\/sites\/5\/2022\/10\/EDIFICIO-CENTRAL-IMG_8959-1-1536x1024.jpg",1536,1024,true],"2048x2048":["https:\/\/wp.uaslp.mx\/noticias\/wp-content\/uploads\/sites\/5\/2022\/10\/EDIFICIO-CENTRAL-IMG_8959-1.jpg",2000,1333,false],"newsever-slider-full":["https:\/\/wp.uaslp.mx\/noticias\/wp-content\/uploads\/sites\/5\/2022\/10\/EDIFICIO-CENTRAL-IMG_8959-1-1280x845.jpg",1280,845,true],"newsever-featured":["https:\/\/wp.uaslp.mx\/noticias\/wp-content\/uploads\/sites\/5\/2022\/10\/EDIFICIO-CENTRAL-IMG_8959-1-1024x682.jpg",1024,682,true],"newsever-medium":["https:\/\/wp.uaslp.mx\/noticias\/wp-content\/uploads\/sites\/5\/2022\/10\/EDIFICIO-CENTRAL-IMG_8959-1-720x475.jpg",720,475,true],"mailpoet_newsletter_max":["https:\/\/wp.uaslp.mx\/noticias\/wp-content\/uploads\/sites\/5\/2022\/10\/EDIFICIO-CENTRAL-IMG_8959-1-1320x880.jpg",1320,880,true]},"author_info":{"display_name":"Prensa y difusi\u00f3n","author_link":"https:\/\/wp.uaslp.mx\/noticias\/author\/giovannamorales\/"},"category_info":"<a href=\"https:\/\/wp.uaslp.mx\/noticias\/category\/gobierno\/\" rel=\"category tag\">Gobierno<\/a>","tag_info":"Gobierno","comment_count":"0","_links":{"self":[{"href":"https:\/\/wp.uaslp.mx\/noticias\/wp-json\/wp\/v2\/posts\/5752","targetHints":{"allow":["GET"]}}],"collection":[{"href":"https:\/\/wp.uaslp.mx\/noticias\/wp-json\/wp\/v2\/posts"}],"about":[{"href":"https:\/\/wp.uaslp.mx\/noticias\/wp-json\/wp\/v2\/types\/post"}],"author":[{"embeddable":true,"href":"https:\/\/wp.uaslp.mx\/noticias\/wp-json\/wp\/v2\/users\/12"}],"replies":[{"embeddable":true,"href":"https:\/\/wp.uaslp.mx\/noticias\/wp-json\/wp\/v2\/comments?post=5752"}],"version-history":[{"count":1,"href":"https:\/\/wp.uaslp.mx\/noticias\/wp-json\/wp\/v2\/posts\/5752\/revisions"}],"predecessor-version":[{"id":5754,"href":"https:\/\/wp.uaslp.mx\/noticias\/wp-json\/wp\/v2\/posts\/5752\/revisions\/5754"}],"wp:featuredmedia":[{"embeddable":true,"href":"https:\/\/wp.uaslp.mx\/noticias\/wp-json\/wp\/v2\/media\/5753"}],"wp:attachment":[{"href":"https:\/\/wp.uaslp.mx\/noticias\/wp-json\/wp\/v2\/media?parent=5752"}],"wp:term":[{"taxonomy":"category","embeddable":true,"href":"https:\/\/wp.uaslp.mx\/noticias\/wp-json\/wp\/v2\/categories?post=5752"},{"taxonomy":"post_tag","embeddable":true,"href":"https:\/\/wp.uaslp.mx\/noticias\/wp-json\/wp\/v2\/tags?post=5752"}],"curies":[{"name":"wp","href":"https:\/\/api.w.org\/{rel}","templated":true}]}}