{"id":5744,"date":"2022-10-09T14:51:00","date_gmt":"2022-10-09T19:51:00","guid":{"rendered":"http:\/\/wp.uaslp.mx\/noticias\/?p=5744"},"modified":"2022-10-10T13:16:52","modified_gmt":"2022-10-10T18:16:52","slug":"lanzan-convocatoria-ser-y-estar-en-el-habitat-para-compilar-memoria-historica-de-la-facultad","status":"publish","type":"post","link":"https:\/\/wp.uaslp.mx\/noticias\/academica\/lanzan-convocatoria-ser-y-estar-en-el-habitat-para-compilar-memoria-historica-de-la-facultad\/","title":{"rendered":"Lanzan convocatoria \u201cSer y Estar en el H\u00e1bitat\u201d para compilar memoria hist\u00f3rica de la facultad"},"content":{"rendered":"\n<p>Saber qu\u00e9 significa para egresados, docentes, trabajadores y estudiantes el haber estado en la <a rel=\"noreferrer noopener\" href=\"https:\/\/habitat.uaslp.mx\/#gsc.tab=0\" target=\"_blank\">Facultad del H\u00e1bitat <\/a>de la UASLP es el objetivo de la convocatoria \u201cSer y Estar en el H\u00e1bitat\u201d, que busca recuperar la memoria de los 50 a\u00f1os de fundaci\u00f3n de dicha entidad acad\u00e9mica por medio de fotograf\u00edas, videos y escritos.<\/p>\n\n\n\n<p>En entrevista, la doctora Ver\u00f3nica Mart\u00ednez Loera, investigadora de la Facultad del H\u00e1bitat, se\u00f1al\u00f3 que se quiere conocer qu\u00e9 han hecho los egresados durante este tiempo y m\u00e1s all\u00e1 de sus logros, saber la experiencia que fue para ellos el haber participado en la facultad y tener ese sello desde el H\u00e1bitat, de interpretar la vida.<\/p>\n\n\n\n<p>Indic\u00f3 que la convocatoria se puede consultar en la p\u00e1gina web<a href=\"http:\/\/a.uaslp.mx\/b4S3Tcr7\" target=\"_blank\" rel=\"noreferrer noopener\"> http:\/\/a.uaslp.mx\/b4S3Tcr7<\/a> o en su p\u00e1gina de Facebook: <a href=\"https:\/\/www.facebook.com\/HabitatUaslpFacultad\" target=\"_blank\" rel=\"noreferrer noopener\">Facultad del H\u00e1bitat-UASLP<\/a> y aunque \u00e9sta cierra el pr\u00f3ximo 21 de octubre se seguir\u00e1 recibiendo material. La idea es que este mismo a\u00f1o inicie la divulgaci\u00f3n de la memoria que se recopile, esto a trav\u00e9s de redes sociales, exposiciones en plazas p\u00fablicas y en la propia facultad. Adem\u00e1s, se tiene planeado que para 2023 se pueda publicar un libro electr\u00f3nico con todo lo recopilado.<\/p>\n\n\n\n<p>En este sentido, detall\u00f3 que se pueden enviar videos, fotograf\u00edas, escritos de la experiencia de haber pasado por el H\u00e1bitat y la convocatoria est\u00e1 abierta a ex estudiantes, estudiantes, docentes, ex profesores, personal administrativo, todos los que de alguna manera tienen relaci\u00f3n con la facultad. Los participantes cuyo material sea seleccionado recibir\u00e1n una constancia.<\/p>\n\n\n\n<p>Record\u00f3 que al fundarse esta entidad de la UASLP hace 50 a\u00f1os, s\u00f3lo se ofrec\u00eda la carrera de Arquitectura. Pero a la par de la nominaci\u00f3n como H\u00e1bitat, se fueron sumando las licenciaturas de Dise\u00f1o Gr\u00e1fico, Dise\u00f1o Industrial, Edificaci\u00f3n y posteriormente Dise\u00f1o Urbano y Restauraci\u00f3n; por lo que la cantidad de estudiantes que han pasado por sus aulas es enorme al igual que las historias.<\/p>\n\n\n\n<p>Finalmente, consider\u00f3 que uno de los pilares de la convocatoria es ir entendiendo todo el impacto que ha tenido la Facultad del H\u00e1bitat en las diferentes \u00e1reas del conocimiento as\u00ed como en la vida de quienes por ah\u00ed han pasado.<\/p>\n\n\n\n<figure class=\"wp-block-gallery has-nested-images columns-default is-cropped wp-block-gallery-1 is-layout-flex wp-block-gallery-is-layout-flex\">\n<figure class=\"wp-block-image size-large\"><img loading=\"lazy\" decoding=\"async\" width=\"1280\" height=\"1280\" data-id=\"5747\" src=\"https:\/\/wp.uaslp.mx\/noticias\/wp-content\/uploads\/sites\/5\/2022\/10\/WhatsApp-Image-2022-10-10-at-9.58.32-AM-3.jpeg\" alt=\"\" class=\"wp-image-5747\" srcset=\"https:\/\/wp.uaslp.mx\/noticias\/wp-content\/uploads\/sites\/5\/2022\/10\/WhatsApp-Image-2022-10-10-at-9.58.32-AM-3.jpeg 1280w, https:\/\/wp.uaslp.mx\/noticias\/wp-content\/uploads\/sites\/5\/2022\/10\/WhatsApp-Image-2022-10-10-at-9.58.32-AM-3-1024x1024.jpeg 1024w, https:\/\/wp.uaslp.mx\/noticias\/wp-content\/uploads\/sites\/5\/2022\/10\/WhatsApp-Image-2022-10-10-at-9.58.32-AM-3-150x150.jpeg 150w, https:\/\/wp.uaslp.mx\/noticias\/wp-content\/uploads\/sites\/5\/2022\/10\/WhatsApp-Image-2022-10-10-at-9.58.32-AM-3-768x768.jpeg 768w\" sizes=\"auto, (max-width: 1280px) 100vw, 1280px\" \/><\/figure>\n<\/figure>\n","protected":false},"excerpt":{"rendered":"<p>Saber qu\u00e9 significa para egresados, docentes, trabajadores y estudiantes el haber estado en la Facultad&#8230;<\/p>\n","protected":false},"author":12,"featured_media":5746,"comment_status":"closed","ping_status":"closed","sticky":false,"template":"","format":"standard","meta":{"pgc_sgb_lightbox_settings":"","footnotes":""},"categories":[2,5],"tags":[42,199],"class_list":["post-5744","post","type-post","status-publish","format-standard","has-post-thumbnail","hentry","category-academica","category-comunidad","tag-aniversario","tag-convocatoria"],"featured_image_urls":{"full":["https:\/\/wp.uaslp.mx\/noticias\/wp-content\/uploads\/sites\/5\/2022\/10\/WhatsApp-Image-2022-10-10-at-9.58.33-AM.jpeg",1280,854,false],"thumbnail":["https:\/\/wp.uaslp.mx\/noticias\/wp-content\/uploads\/sites\/5\/2022\/10\/WhatsApp-Image-2022-10-10-at-9.58.33-AM-150x150.jpeg",150,150,true],"medium":["https:\/\/wp.uaslp.mx\/noticias\/wp-content\/uploads\/sites\/5\/2022\/10\/WhatsApp-Image-2022-10-10-at-9.58.33-AM-1024x683.jpeg",1024,683,true],"medium_large":["https:\/\/wp.uaslp.mx\/noticias\/wp-content\/uploads\/sites\/5\/2022\/10\/WhatsApp-Image-2022-10-10-at-9.58.33-AM-768x512.jpeg",640,427,true],"large":["https:\/\/wp.uaslp.mx\/noticias\/wp-content\/uploads\/sites\/5\/2022\/10\/WhatsApp-Image-2022-10-10-at-9.58.33-AM.jpeg",1280,854,false],"1536x1536":["https:\/\/wp.uaslp.mx\/noticias\/wp-content\/uploads\/sites\/5\/2022\/10\/WhatsApp-Image-2022-10-10-at-9.58.33-AM.jpeg",1280,854,false],"2048x2048":["https:\/\/wp.uaslp.mx\/noticias\/wp-content\/uploads\/sites\/5\/2022\/10\/WhatsApp-Image-2022-10-10-at-9.58.33-AM.jpeg",1280,854,false],"newsever-slider-full":["https:\/\/wp.uaslp.mx\/noticias\/wp-content\/uploads\/sites\/5\/2022\/10\/WhatsApp-Image-2022-10-10-at-9.58.33-AM-1280x845.jpeg",1280,845,true],"newsever-featured":["https:\/\/wp.uaslp.mx\/noticias\/wp-content\/uploads\/sites\/5\/2022\/10\/WhatsApp-Image-2022-10-10-at-9.58.33-AM-1024x683.jpeg",1024,683,true],"newsever-medium":["https:\/\/wp.uaslp.mx\/noticias\/wp-content\/uploads\/sites\/5\/2022\/10\/WhatsApp-Image-2022-10-10-at-9.58.33-AM-720x475.jpeg",720,475,true],"mailpoet_newsletter_max":["https:\/\/wp.uaslp.mx\/noticias\/wp-content\/uploads\/sites\/5\/2022\/10\/WhatsApp-Image-2022-10-10-at-9.58.33-AM.jpeg",1280,854,false]},"author_info":{"display_name":"Prensa y difusi\u00f3n","author_link":"https:\/\/wp.uaslp.mx\/noticias\/author\/giovannamorales\/"},"category_info":"<a href=\"https:\/\/wp.uaslp.mx\/noticias\/category\/academica\/\" rel=\"category tag\">Acad\u00e9mica<\/a> <a href=\"https:\/\/wp.uaslp.mx\/noticias\/category\/comunidad\/\" rel=\"category tag\">Comunidad<\/a>","tag_info":"Comunidad","comment_count":"0","_links":{"self":[{"href":"https:\/\/wp.uaslp.mx\/noticias\/wp-json\/wp\/v2\/posts\/5744","targetHints":{"allow":["GET"]}}],"collection":[{"href":"https:\/\/wp.uaslp.mx\/noticias\/wp-json\/wp\/v2\/posts"}],"about":[{"href":"https:\/\/wp.uaslp.mx\/noticias\/wp-json\/wp\/v2\/types\/post"}],"author":[{"embeddable":true,"href":"https:\/\/wp.uaslp.mx\/noticias\/wp-json\/wp\/v2\/users\/12"}],"replies":[{"embeddable":true,"href":"https:\/\/wp.uaslp.mx\/noticias\/wp-json\/wp\/v2\/comments?post=5744"}],"version-history":[{"count":1,"href":"https:\/\/wp.uaslp.mx\/noticias\/wp-json\/wp\/v2\/posts\/5744\/revisions"}],"predecessor-version":[{"id":5748,"href":"https:\/\/wp.uaslp.mx\/noticias\/wp-json\/wp\/v2\/posts\/5744\/revisions\/5748"}],"wp:featuredmedia":[{"embeddable":true,"href":"https:\/\/wp.uaslp.mx\/noticias\/wp-json\/wp\/v2\/media\/5746"}],"wp:attachment":[{"href":"https:\/\/wp.uaslp.mx\/noticias\/wp-json\/wp\/v2\/media?parent=5744"}],"wp:term":[{"taxonomy":"category","embeddable":true,"href":"https:\/\/wp.uaslp.mx\/noticias\/wp-json\/wp\/v2\/categories?post=5744"},{"taxonomy":"post_tag","embeddable":true,"href":"https:\/\/wp.uaslp.mx\/noticias\/wp-json\/wp\/v2\/tags?post=5744"}],"curies":[{"name":"wp","href":"https:\/\/api.w.org\/{rel}","templated":true}]}}