{"id":5595,"date":"2022-10-01T14:00:00","date_gmt":"2022-10-01T19:00:00","guid":{"rendered":"https:\/\/www.noticiasuaslp.com\/?p=5595"},"modified":"2022-10-01T14:00:00","modified_gmt":"2022-10-01T19:00:00","slug":"investigadora-de-la-facultad-de-derecho-publico-el-libro-justicia-penal-juvenil-aspectos-teoricos-juridicos","status":"publish","type":"post","link":"https:\/\/wp.uaslp.mx\/noticias\/orgullouaslp\/investigadora-de-la-facultad-de-derecho-publico-el-libro-justicia-penal-juvenil-aspectos-teoricos-juridicos\/","title":{"rendered":"Investigadora de la Facultad de Derecho public\u00f3 el libro \u201cJusticia Penal Juvenil. Aspectos Te\u00f3ricos-Jur\u00eddicos\u201d"},"content":{"rendered":"\n<p>Al ser un tema pendiente y urgente de atender en las agendas de cada uno de los estados de M\u00e9xico, la doctora X\u00f3chithl Guadalupe Rangel Romero, investigadora de la<a rel=\"noreferrer noopener\" href=\"https:\/\/www.derecho.uaslp.mx\/#gsc.tab=0\" target=\"_blank\"> Facultad de Derecho Abogado Ponciano Arriaga Leija<\/a> de la Universidad Aut\u00f3noma de San Luis Potos\u00ed (UASLP), escribi\u00f3 el libro digital <a href=\"https:\/\/www.foneia.org\/omp\/index.php\/foneia\/catalog\/view\/justiciapenalju\/justiciapenaljuv\/80\" target=\"_blank\" rel=\"noreferrer noopener\">\u201cJusticia Penal Juvenil. Aspectos Te\u00f3ricos-Jur\u00eddicos\u201d<\/a>, publicado por el <a rel=\"noreferrer noopener\" href=\"https:\/\/www.foneia.org\/omp\/index.php\/foneia\/index\" target=\"_blank\">Fondo Editorial para la Investigaci\u00f3n Acad\u00e9mica <\/a>(Foneia).<\/p>\n\n\n<p>La obra fue lanzada de manera virtual con acceso y descarga gratuitos (a trav\u00e9s de la p\u00e1gina <a href=\"https:\/\/www.foneia.org\/omp\/index.php\/foneia\/catalog\/book\/justiciapenalju\" target=\"_blank\" rel=\"noreferrer noopener\">https:\/\/www.foneia.org\/omp\/index.php\/foneia\/catalog\/book\/justiciapenalju<\/a>) y nace de la l\u00ednea de investigaci\u00f3n que tiene que ver con los procesos de justicia penal juvenil, especialmente en el \u00e1mbito de la criminolog\u00eda juvenil.<\/p>\n\n\n<p>En entrevista, la autora se\u00f1al\u00f3 que en la obra se encuentran aspectos teor\u00e9ticos sobre c\u00f3mo se ha dado la situaci\u00f3n de ni\u00f1as, ni\u00f1os y adolescentes desde el siglo II hasta el XXI. Consider\u00f3 que existe la \u201cnecesidad de seguir debatiendo sobre la justicia penal juvenil, que es un tema inacabado en M\u00e9xico; donde tenemos una reforma del a\u00f1o 2005 a la fecha y quiere decir que tenemos muy poco tiempo del entendimiento de la justicia penal juvenil pero que todos los d\u00edas sigue teniendo avances y que todos los d\u00edas nos sigue dejando el criterio y la reflexi\u00f3n de qu\u00e9 debemos hacer frente a esta justicia\u201d, se\u00f1al\u00f3.<\/p>\n\n\n<p>Sobre la estructura del libro, Rangel Romero explic\u00f3 que fue en cuatro vertientes, siendo la primera de generalidades: c\u00f3mo ha sido visualizada la infancia a trav\u00e9s del tiempo y c\u00f3mo se apertura el t\u00f3pico de la ni\u00f1ez hasta lo que se conoce como la Doctrina de la Protecci\u00f3n Integral de la Infancia (enfoque de derechos), recogida en las posturas que encamina la Convenci\u00f3n de los Derechos del Ni\u00f1o. Lo anterior da como derivaci\u00f3n una medida importante de reconocimiento de derechos en el ni\u00f1o como titular.<\/p>\n\n\n<p>Apunt\u00f3 que en su publicaci\u00f3n \u201cse encuentran los marcos teor\u00e9ticos en los cuales los ni\u00f1os y las ni\u00f1as y su entendimiento sean basados, es algo que se conoce como Doctrina de la Situaci\u00f3n Irregular y de ah\u00ed nace el paradigma del Tutelarismo de Menores y posteriormente ya en 1989 nace un nuevo paradigma con el cual inclusive los aparatos normativos han coincidido, que es la Doctrina de la<\/p>\n\n\n<p>Protecci\u00f3n Integral de la Ni\u00f1ez y esto hace referencia a que los ni\u00f1os y las ni\u00f1as pasan de ser objetos de protecci\u00f3n a ser sujetos de derecho\u201d.<\/p>\n\n\n<p>Para finalizar, la catedr\u00e1tica universitaria consider\u00f3 que la justicia penal juvenil y la justicia penal como tal ha sido un tema que es de inter\u00e9s pero no para este hemisferio. \u201cMayormente en M\u00e9xico encontramos autores importantes que siguen debatiendo la justicia juvenil, pero es una tem\u00e1tica nueva de estudio y mayormente requerimos seguir profundizando sobre los marcos teor\u00e9ticos y seguir viendo y comprendiendo las relaciones de las ni\u00f1as y ni\u00f1os en su tr\u00e1nsito hist\u00f3rico hasta el presente\u201d, consider\u00f3.<\/p>\n\n\n<p>La obra, realizada en un lenguaje sencillo, permite su lectura a cualquier grupo, sin embargo, est\u00e1 sugerido para estudiosos de la materia, servidores p\u00fablicos especializados y estudiantes de especialidad o maestr\u00edas en el tema de criminolog\u00eda.<\/p>\n\n\n<figure class=\"wp-block-gallery has-nested-images columns-default is-cropped wp-block-gallery-1 is-layout-flex wp-block-gallery-is-layout-flex\">\n<figure class=\"wp-block-image size-large\"><img loading=\"lazy\" decoding=\"async\" width=\"780\" height=\"1174\" data-id=\"5597\" src=\"https:\/\/www.noticiasuaslp.com\/wp-content\/uploads\/Captura-de-Pantalla-2022-09-27-a-las-15.47.13.png\" alt=\"\" class=\"wp-image-5597\" \/><\/figure>\n<\/figure>\n","protected":false},"excerpt":{"rendered":"<p>Al ser un tema pendiente y urgente de atender en las agendas de cada uno&#8230;<\/p>\n","protected":false},"author":5,"featured_media":5596,"comment_status":"closed","ping_status":"closed","sticky":false,"template":"","format":"standard","meta":{"pgc_sgb_lightbox_settings":"","footnotes":""},"categories":[11],"tags":[310,467],"class_list":["post-5595","post","type-post","status-publish","format-standard","has-post-thumbnail","hentry","category-orgullouaslp","tag-facultad-de-derecho","tag-libro"],"featured_image_urls":{"full":["https:\/\/wp.uaslp.mx\/noticias\/wp-content\/uploads\/sites\/5\/2022\/10\/XOCHITHL-GUADALUPE-RANGEL-ROMERO-IMG_1801.jpg",1600,1200,false],"thumbnail":["https:\/\/wp.uaslp.mx\/noticias\/wp-content\/uploads\/sites\/5\/2022\/10\/XOCHITHL-GUADALUPE-RANGEL-ROMERO-IMG_1801-150x150.jpg",150,150,true],"medium":["https:\/\/wp.uaslp.mx\/noticias\/wp-content\/uploads\/sites\/5\/2022\/10\/XOCHITHL-GUADALUPE-RANGEL-ROMERO-IMG_1801-1024x768.jpg",1024,768,true],"medium_large":["https:\/\/wp.uaslp.mx\/noticias\/wp-content\/uploads\/sites\/5\/2022\/10\/XOCHITHL-GUADALUPE-RANGEL-ROMERO-IMG_1801-768x576.jpg",640,480,true],"large":["https:\/\/wp.uaslp.mx\/noticias\/wp-content\/uploads\/sites\/5\/2022\/10\/XOCHITHL-GUADALUPE-RANGEL-ROMERO-IMG_1801.jpg",1600,1200,false],"1536x1536":["https:\/\/wp.uaslp.mx\/noticias\/wp-content\/uploads\/sites\/5\/2022\/10\/XOCHITHL-GUADALUPE-RANGEL-ROMERO-IMG_1801-1536x1152.jpg",1536,1152,true],"2048x2048":["https:\/\/wp.uaslp.mx\/noticias\/wp-content\/uploads\/sites\/5\/2022\/10\/XOCHITHL-GUADALUPE-RANGEL-ROMERO-IMG_1801.jpg",1600,1200,false],"newsever-slider-full":["https:\/\/wp.uaslp.mx\/noticias\/wp-content\/uploads\/sites\/5\/2022\/10\/XOCHITHL-GUADALUPE-RANGEL-ROMERO-IMG_1801-1280x845.jpg",1280,845,true],"newsever-featured":["https:\/\/wp.uaslp.mx\/noticias\/wp-content\/uploads\/sites\/5\/2022\/10\/XOCHITHL-GUADALUPE-RANGEL-ROMERO-IMG_1801-1024x768.jpg",1024,768,true],"newsever-medium":["https:\/\/wp.uaslp.mx\/noticias\/wp-content\/uploads\/sites\/5\/2022\/10\/XOCHITHL-GUADALUPE-RANGEL-ROMERO-IMG_1801-720x475.jpg",720,475,true],"mailpoet_newsletter_max":["https:\/\/wp.uaslp.mx\/noticias\/wp-content\/uploads\/sites\/5\/2022\/10\/XOCHITHL-GUADALUPE-RANGEL-ROMERO-IMG_1801-1320x990.jpg",1320,990,true]},"author_info":{"display_name":"Prensa y difusi\u00f3n","author_link":"https:\/\/wp.uaslp.mx\/noticias\/author\/monzy\/"},"category_info":"<a href=\"https:\/\/wp.uaslp.mx\/noticias\/category\/orgullouaslp\/\" rel=\"category tag\">Orgullo UASLP<\/a>","tag_info":"Orgullo UASLP","comment_count":"0","_links":{"self":[{"href":"https:\/\/wp.uaslp.mx\/noticias\/wp-json\/wp\/v2\/posts\/5595","targetHints":{"allow":["GET"]}}],"collection":[{"href":"https:\/\/wp.uaslp.mx\/noticias\/wp-json\/wp\/v2\/posts"}],"about":[{"href":"https:\/\/wp.uaslp.mx\/noticias\/wp-json\/wp\/v2\/types\/post"}],"author":[{"embeddable":true,"href":"https:\/\/wp.uaslp.mx\/noticias\/wp-json\/wp\/v2\/users\/5"}],"replies":[{"embeddable":true,"href":"https:\/\/wp.uaslp.mx\/noticias\/wp-json\/wp\/v2\/comments?post=5595"}],"version-history":[{"count":0,"href":"https:\/\/wp.uaslp.mx\/noticias\/wp-json\/wp\/v2\/posts\/5595\/revisions"}],"wp:featuredmedia":[{"embeddable":true,"href":"https:\/\/wp.uaslp.mx\/noticias\/wp-json\/wp\/v2\/media\/5596"}],"wp:attachment":[{"href":"https:\/\/wp.uaslp.mx\/noticias\/wp-json\/wp\/v2\/media?parent=5595"}],"wp:term":[{"taxonomy":"category","embeddable":true,"href":"https:\/\/wp.uaslp.mx\/noticias\/wp-json\/wp\/v2\/categories?post=5595"},{"taxonomy":"post_tag","embeddable":true,"href":"https:\/\/wp.uaslp.mx\/noticias\/wp-json\/wp\/v2\/tags?post=5595"}],"curies":[{"name":"wp","href":"https:\/\/api.w.org\/{rel}","templated":true}]}}