{"id":5310,"date":"2022-09-12T15:51:14","date_gmt":"2022-09-12T20:51:14","guid":{"rendered":"https:\/\/www.noticiasuaslp.com\/?p=5310"},"modified":"2022-09-12T15:51:14","modified_gmt":"2022-09-12T20:51:14","slug":"arranca-con-exito-la-jornada-de-difusion-de-la-jurisprudencia-en-colaboracion-con-la-scjn","status":"publish","type":"post","link":"https:\/\/wp.uaslp.mx\/noticias\/academica\/arranca-con-exito-la-jornada-de-difusion-de-la-jurisprudencia-en-colaboracion-con-la-scjn\/","title":{"rendered":"Arranca con \u00e9xito la Jornada de Difusi\u00f3n de la Jurisprudencia en colaboraci\u00f3n con la SCJN\u00a0"},"content":{"rendered":"\n<p><a href=\"https:\/\/www.derecho.uaslp.mx\/#gsc.tab=0\" target=\"_blank\" rel=\"noreferrer noopener\">La Facultad de Derecho \u201cAbogado Ponciano Arriaga Leija\u201d<\/a> de la UASLP realiz\u00f3 en el auditorio del plantel, la Jornada de Difusi\u00f3n de la Jurisprudencia con la <a href=\"https:\/\/www.facebook.com\/SCJNMexico\/\" target=\"_blank\" rel=\"noreferrer noopener\">Suprema Corte de Justicia de la Naci\u00f3n<\/a>, actividad que reuni\u00f3 a diversos especialistas en el tema.\u00a0<\/p>\n\n\n<p>Presidi\u00f3 la <a href=\"https:\/\/www.facebook.com\/facderuaslpoficial\/videos\/795990985089598\" target=\"_blank\" rel=\"noreferrer noopener\">ceremonia de inauguraci\u00f3n<\/a>, el rector, Dr. Alejandro Javier Zerme\u00f1o Guerra, acompa\u00f1ado del secretario general, Mtro. Arturo Garza Herrera; el Mtro. Germ\u00e1n Federico Pedroza Gait\u00e1n, director de la <a rel=\"noreferrer noopener\" href=\"https:\/\/www.derecho.uaslp.mx\/#gsc.tab=0\" target=\"_blank\">Facultad<\/a> y el Dr. Ricardo Sep\u00falveda Iguiniz, director general de la Coordinaci\u00f3n de Compilaci\u00f3n y Sistematizaci\u00f3n de Tesis de la Suprema Corte de Justicia de la Naci\u00f3n. \u00a0<\/p>\n\n\n<p>El doctor Alejandro Javier Zerme\u00f1o Guerra, en su mensaje a estudiantes y acad\u00e9micos, manifest\u00f3 que las universidades del pa\u00eds est\u00e1n \u00e1vidas de tener este tipo de relaciones con la Suprema Corte de Justicia de la Naci\u00f3n, sobre todo cuando acuden personalidades como el doctor Ricardo Sep\u00falveda a mostrar sus conocimientos, \u201centusiasma recibirlos\u201d.&nbsp;<\/p>\n\n\n<p>Se\u00f1al\u00f3 que aprender\u00e1n de una persona con una gran experiencia en la justicia, por tal motivo, invit\u00f3 a la comunidad del plantel a interesarse no solo en la aplicaci\u00f3n de la ley, sino m\u00e1s bien en buscar la justicia.&nbsp;<\/p>\n\n\n<p>\u201cEste tipo de pl\u00e1ticas permitan acercarse a gente con experiencia, incluso realizar estancias; estoy seguro que ser\u00e1 una conferencia extraordinaria con la presencia de j\u00f3venes y acad\u00e9micos, y convencido que dar\u00e1 frutos al recibir personas de este nivel\u201d.&nbsp;<\/p>\n\n\n<p>A su vez, el Mtro. Germ\u00e1n Federico Pedroza Gait\u00e1n, agradeci\u00f3 el inter\u00e9s de la Suprema Corte de la Naci\u00f3n para acudir a las instalaciones de la UASLP para compartir un proyecto que resulta del mayor inter\u00e9s para el plantel en la formaci\u00f3n profesional de los estudiantes.&nbsp;<\/p>\n\n\n<p>\u201cVenimos a prepararnos como profesionales del derecho, pero no solo de las formas jur\u00eddicas sino acompasado de la doctrina y de la jurisprudencia. Aprovechemos estas actividades acad\u00e9micas de la Facultad, as\u00ed estamos formando a los profesionistas del derecho\u201d.&nbsp;<\/p>\n\n\n<p><\/p>\n","protected":false},"excerpt":{"rendered":"<p>La Facultad de Derecho \u201cAbogado Ponciano Arriaga Leija\u201d de la UASLP realiz\u00f3 en el auditorio&#8230;<\/p>\n","protected":false},"author":5,"featured_media":5311,"comment_status":"closed","ping_status":"closed","sticky":false,"template":"","format":"standard","meta":{"pgc_sgb_lightbox_settings":"","footnotes":""},"categories":[2],"tags":[127,310,919],"class_list":["post-5310","post","type-post","status-publish","format-standard","has-post-thumbnail","hentry","category-academica","tag-ceremonia","tag-facultad-de-derecho","tag-jurisprudencia"],"featured_image_urls":{"full":["https:\/\/wp.uaslp.mx\/noticias\/wp-content\/uploads\/sites\/5\/2022\/09\/Jornada-de-Difusion-de-la-Jurisprudencia-1.jpeg",1280,853,false],"thumbnail":["https:\/\/wp.uaslp.mx\/noticias\/wp-content\/uploads\/sites\/5\/2022\/09\/Jornada-de-Difusion-de-la-Jurisprudencia-1-150x150.jpeg",150,150,true],"medium":["https:\/\/wp.uaslp.mx\/noticias\/wp-content\/uploads\/sites\/5\/2022\/09\/Jornada-de-Difusion-de-la-Jurisprudencia-1-1024x682.jpeg",1024,682,true],"medium_large":["https:\/\/wp.uaslp.mx\/noticias\/wp-content\/uploads\/sites\/5\/2022\/09\/Jornada-de-Difusion-de-la-Jurisprudencia-1-768x512.jpeg",640,427,true],"large":["https:\/\/wp.uaslp.mx\/noticias\/wp-content\/uploads\/sites\/5\/2022\/09\/Jornada-de-Difusion-de-la-Jurisprudencia-1.jpeg",1280,853,false],"1536x1536":["https:\/\/wp.uaslp.mx\/noticias\/wp-content\/uploads\/sites\/5\/2022\/09\/Jornada-de-Difusion-de-la-Jurisprudencia-1.jpeg",1280,853,false],"2048x2048":["https:\/\/wp.uaslp.mx\/noticias\/wp-content\/uploads\/sites\/5\/2022\/09\/Jornada-de-Difusion-de-la-Jurisprudencia-1.jpeg",1280,853,false],"newsever-slider-full":["https:\/\/wp.uaslp.mx\/noticias\/wp-content\/uploads\/sites\/5\/2022\/09\/Jornada-de-Difusion-de-la-Jurisprudencia-1-1280x845.jpeg",1280,845,true],"newsever-featured":["https:\/\/wp.uaslp.mx\/noticias\/wp-content\/uploads\/sites\/5\/2022\/09\/Jornada-de-Difusion-de-la-Jurisprudencia-1-1024x682.jpeg",1024,682,true],"newsever-medium":["https:\/\/wp.uaslp.mx\/noticias\/wp-content\/uploads\/sites\/5\/2022\/09\/Jornada-de-Difusion-de-la-Jurisprudencia-1-720x475.jpeg",720,475,true],"mailpoet_newsletter_max":["https:\/\/wp.uaslp.mx\/noticias\/wp-content\/uploads\/sites\/5\/2022\/09\/Jornada-de-Difusion-de-la-Jurisprudencia-1.jpeg",1280,853,false]},"author_info":{"display_name":"Prensa y difusi\u00f3n","author_link":"https:\/\/wp.uaslp.mx\/noticias\/author\/monzy\/"},"category_info":"<a href=\"https:\/\/wp.uaslp.mx\/noticias\/category\/academica\/\" rel=\"category tag\">Acad\u00e9mica<\/a>","tag_info":"Acad\u00e9mica","comment_count":"0","_links":{"self":[{"href":"https:\/\/wp.uaslp.mx\/noticias\/wp-json\/wp\/v2\/posts\/5310","targetHints":{"allow":["GET"]}}],"collection":[{"href":"https:\/\/wp.uaslp.mx\/noticias\/wp-json\/wp\/v2\/posts"}],"about":[{"href":"https:\/\/wp.uaslp.mx\/noticias\/wp-json\/wp\/v2\/types\/post"}],"author":[{"embeddable":true,"href":"https:\/\/wp.uaslp.mx\/noticias\/wp-json\/wp\/v2\/users\/5"}],"replies":[{"embeddable":true,"href":"https:\/\/wp.uaslp.mx\/noticias\/wp-json\/wp\/v2\/comments?post=5310"}],"version-history":[{"count":0,"href":"https:\/\/wp.uaslp.mx\/noticias\/wp-json\/wp\/v2\/posts\/5310\/revisions"}],"wp:featuredmedia":[{"embeddable":true,"href":"https:\/\/wp.uaslp.mx\/noticias\/wp-json\/wp\/v2\/media\/5311"}],"wp:attachment":[{"href":"https:\/\/wp.uaslp.mx\/noticias\/wp-json\/wp\/v2\/media?parent=5310"}],"wp:term":[{"taxonomy":"category","embeddable":true,"href":"https:\/\/wp.uaslp.mx\/noticias\/wp-json\/wp\/v2\/categories?post=5310"},{"taxonomy":"post_tag","embeddable":true,"href":"https:\/\/wp.uaslp.mx\/noticias\/wp-json\/wp\/v2\/tags?post=5310"}],"curies":[{"name":"wp","href":"https:\/\/api.w.org\/{rel}","templated":true}]}}