{"id":5260,"date":"2022-09-08T15:30:17","date_gmt":"2022-09-08T20:30:17","guid":{"rendered":"https:\/\/www.noticiasuaslp.com\/?p=5260"},"modified":"2022-09-08T15:30:17","modified_gmt":"2022-09-08T20:30:17","slug":"en-su-10o-aniversario-conacyt-reconoce-logros-de-la-maestria-de-derechos-humanos","status":"publish","type":"post","link":"https:\/\/wp.uaslp.mx\/noticias\/academica\/en-su-10o-aniversario-conacyt-reconoce-logros-de-la-maestria-de-derechos-humanos\/","title":{"rendered":"En su 10\u00ba aniversario, CONACYT reconoce logros de la Maestr\u00eda en Derechos Humanos"},"content":{"rendered":"\n<p>En el marco de la celebraci\u00f3n de su 10\u00ba aniversario, la <a rel=\"noreferrer noopener\" href=\"https:\/\/www.derecho.uaslp.mx\/posgrado\/Paginas\/Maestrias\/3440#gsc.tab=0\" target=\"_blank\">Maestr\u00eda en Derechos Humanos<\/a>  de la UASLP fue reconocida por la titular del <a rel=\"noreferrer noopener\" href=\"https:\/\/conacyt.mx\/\" target=\"_blank\">Consejo Nacional de Ciencia y Tecnolog\u00eda <\/a>, doctora Mar\u00eda Elena \u00c1lvarez-Buylla Roces, por todo el trabajo que ha logrado al formar durante estos a\u00f1os a 330 estudiantes tanto de M\u00e9xico como de otras naciones, lo que le ha convertido en un referente global con una visi\u00f3n renovada de la formaci\u00f3n en esta materia.<\/p>\n\n\n<p>En la ceremonia de aniversario realizada este jueves 8 de septiembre en las instalaciones de la <a rel=\"noreferrer noopener\" href=\"https:\/\/www.derecho.uaslp.mx\/posgrado#gsc.tab=0\" target=\"_blank\">Divisi\u00f3n de Estudios de Posgrado de la Facultad de Derecho<\/a> de la UASLP, fue transmitido el mensaje en <a rel=\"noreferrer noopener\" href=\"https:\/\/www.facebook.com\/MaestriaEnDerechosHumanosUaslp\/videos\/818856422457384\" target=\"_blank\">video<\/a> de la directora de Conacyt, quien consider\u00f3 un honor la oportunidad de reconocer a la <a href=\"https:\/\/www.derecho.uaslp.mx\/posgrado\/Paginas\/Maestrias\/3440#gsc.tab=0\" target=\"_blank\" rel=\"noreferrer noopener\">Maestr\u00eda en Derechos Humanos<\/a> a 10 a\u00f1os de su creaci\u00f3n.<\/p>\n\n\n<p>\u201cHace 10 a\u00f1os este posgrado p\u00fablico apost\u00f3 por ir m\u00e1s all\u00e1 de la generaci\u00f3n del conocimiento y puso el acento en la formaci\u00f3n de una comunidad acad\u00e9mica que busca que la investigaci\u00f3n sirva como una v\u00eda para comprender, enfrentar e intentar resolver los principales problemas del pa\u00eds y la regi\u00f3n Am\u00e9rica Latina, con la que compartimos hermandad cultural identitaria, eso explica por qu\u00e9 un gran n\u00famero de los estudiantes del programa proceden de ah\u00ed\u201d, se\u00f1al\u00f3 la funcionaria federal, al recordar que las y los estudiantes de la MDH provienen de pa\u00edses como como Colombia, El Salvador, Paraguay, Bolivia, Honduras, Guatemala, Estados Unidos, Cuba, Ecuador, Argentina, Brasil, Espa\u00f1a, Per\u00fa y Chile.<\/p>\n\n\n<p>Consider\u00f3, adem\u00e1s, que la maestr\u00eda est\u00e1 comprometida con el entorno y con hacer garante el derecho a la ciencia y sus beneficios, as\u00ed como con el cumplimiento cabal de todos los derechos fundamentales, individuales y colectivos de esta y de futuras generaciones.<\/p>\n\n\n<p>En su mensaje, la funcionaria federal exhort\u00f3 al estudiantado y al cuerpo docente a seguir generando desde la perspectiva de los derechos humanos, procesos de ense\u00f1anza e investigaci\u00f3n que vayan acorde con los grandes problemas nacionales que afectan nuestro pa\u00eds y la visi\u00f3n latinoamericana, entre ellos, los relacionados con la protecci\u00f3n de la salud y el ambiente.<\/p>\n\n\n<p>En el evento estuvieron presentes el Lic. Germ\u00e1n Pedroza Gayt\u00e1n, director de la Facultad de Derecho entidad acad\u00e9mica que oferta el posgrado junto con la Facultad de Psicolog\u00eda y la Facultad de Ciencias Sociales y Humanidades de la UASLP; y que es coordinado por el doctor Guillermo Lu\u00e9vano Bustamante.<\/p>\n\n\n<p>Tambi\u00e9n asistieron el maestro Fernando Robledo Blanco, titular de la Divisi\u00f3n de Estudios de Posgrado de la Facultad de Derecho, la doctora Urenda Queletz\u00fa Navarro, la doctora Mar\u00eda Suhey Trist\u00e1n Rodr\u00edguez, la doctora Laura Saavedra Hern\u00e1ndez, as\u00ed como estudiantes y egresados de la MDH. &nbsp;<\/p>\n\n\n<figure class=\"wp-block-gallery has-nested-images columns-default is-cropped wp-block-gallery-1 is-layout-flex wp-block-gallery-is-layout-flex\">\n<figure class=\"wp-block-image size-large\"><img decoding=\"async\" data-id=\"5266\" src=\"https:\/\/www.noticiasuaslp.com\/wp-content\/uploads\/Maestria-de-Derechos-Humanos-de-la-UASLP-1.png\" alt=\"\" class=\"wp-image-5266\" \/><\/figure>\n\n\n<figure class=\"wp-block-image size-large\"><img decoding=\"async\" data-id=\"5265\" src=\"https:\/\/www.noticiasuaslp.com\/wp-content\/uploads\/Maestria-de-Derechos-Humanos-de-la-UASLP-3.png\" alt=\"\" class=\"wp-image-5265\" \/><\/figure>\n<\/figure>\n","protected":false},"excerpt":{"rendered":"<p>En el marco de la celebraci\u00f3n de su 10\u00ba aniversario, la Maestr\u00eda en Derechos Humanos&#8230;<\/p>\n","protected":false},"author":5,"featured_media":5261,"comment_status":"closed","ping_status":"closed","sticky":false,"template":"","format":"standard","meta":{"pgc_sgb_lightbox_settings":"","footnotes":""},"categories":[2],"tags":[171,482,592],"class_list":["post-5260","post","type-post","status-publish","format-standard","has-post-thumbnail","hentry","category-academica","tag-conacyt","tag-mdh","tag-reconocimiento"],"featured_image_urls":{"full":["https:\/\/wp.uaslp.mx\/noticias\/wp-content\/uploads\/sites\/5\/2022\/09\/Maestria-de-Derechos-Humanos-de-la-UASLP-2.png",1162,830,false],"thumbnail":["https:\/\/wp.uaslp.mx\/noticias\/wp-content\/uploads\/sites\/5\/2022\/09\/Maestria-de-Derechos-Humanos-de-la-UASLP-2-150x150.png",150,150,true],"medium":["https:\/\/wp.uaslp.mx\/noticias\/wp-content\/uploads\/sites\/5\/2022\/09\/Maestria-de-Derechos-Humanos-de-la-UASLP-2-1024x731.png",1024,731,true],"medium_large":["https:\/\/wp.uaslp.mx\/noticias\/wp-content\/uploads\/sites\/5\/2022\/09\/Maestria-de-Derechos-Humanos-de-la-UASLP-2-768x549.png",640,458,true],"large":["https:\/\/wp.uaslp.mx\/noticias\/wp-content\/uploads\/sites\/5\/2022\/09\/Maestria-de-Derechos-Humanos-de-la-UASLP-2.png",1162,830,false],"1536x1536":["https:\/\/wp.uaslp.mx\/noticias\/wp-content\/uploads\/sites\/5\/2022\/09\/Maestria-de-Derechos-Humanos-de-la-UASLP-2.png",1162,830,false],"2048x2048":["https:\/\/wp.uaslp.mx\/noticias\/wp-content\/uploads\/sites\/5\/2022\/09\/Maestria-de-Derechos-Humanos-de-la-UASLP-2.png",1162,830,false],"newsever-slider-full":["https:\/\/wp.uaslp.mx\/noticias\/wp-content\/uploads\/sites\/5\/2022\/09\/Maestria-de-Derechos-Humanos-de-la-UASLP-2.png",1162,830,false],"newsever-featured":["https:\/\/wp.uaslp.mx\/noticias\/wp-content\/uploads\/sites\/5\/2022\/09\/Maestria-de-Derechos-Humanos-de-la-UASLP-2-1024x731.png",1024,731,true],"newsever-medium":["https:\/\/wp.uaslp.mx\/noticias\/wp-content\/uploads\/sites\/5\/2022\/09\/Maestria-de-Derechos-Humanos-de-la-UASLP-2-720x475.png",720,475,true],"mailpoet_newsletter_max":["https:\/\/wp.uaslp.mx\/noticias\/wp-content\/uploads\/sites\/5\/2022\/09\/Maestria-de-Derechos-Humanos-de-la-UASLP-2.png",1162,830,false]},"author_info":{"display_name":"Prensa y difusi\u00f3n","author_link":"https:\/\/wp.uaslp.mx\/noticias\/author\/monzy\/"},"category_info":"<a href=\"https:\/\/wp.uaslp.mx\/noticias\/category\/academica\/\" rel=\"category tag\">Acad\u00e9mica<\/a>","tag_info":"Acad\u00e9mica","comment_count":"0","_links":{"self":[{"href":"https:\/\/wp.uaslp.mx\/noticias\/wp-json\/wp\/v2\/posts\/5260","targetHints":{"allow":["GET"]}}],"collection":[{"href":"https:\/\/wp.uaslp.mx\/noticias\/wp-json\/wp\/v2\/posts"}],"about":[{"href":"https:\/\/wp.uaslp.mx\/noticias\/wp-json\/wp\/v2\/types\/post"}],"author":[{"embeddable":true,"href":"https:\/\/wp.uaslp.mx\/noticias\/wp-json\/wp\/v2\/users\/5"}],"replies":[{"embeddable":true,"href":"https:\/\/wp.uaslp.mx\/noticias\/wp-json\/wp\/v2\/comments?post=5260"}],"version-history":[{"count":0,"href":"https:\/\/wp.uaslp.mx\/noticias\/wp-json\/wp\/v2\/posts\/5260\/revisions"}],"wp:featuredmedia":[{"embeddable":true,"href":"https:\/\/wp.uaslp.mx\/noticias\/wp-json\/wp\/v2\/media\/5261"}],"wp:attachment":[{"href":"https:\/\/wp.uaslp.mx\/noticias\/wp-json\/wp\/v2\/media?parent=5260"}],"wp:term":[{"taxonomy":"category","embeddable":true,"href":"https:\/\/wp.uaslp.mx\/noticias\/wp-json\/wp\/v2\/categories?post=5260"},{"taxonomy":"post_tag","embeddable":true,"href":"https:\/\/wp.uaslp.mx\/noticias\/wp-json\/wp\/v2\/tags?post=5260"}],"curies":[{"name":"wp","href":"https:\/\/api.w.org\/{rel}","templated":true}]}}