{"id":5128,"date":"2022-08-31T08:57:27","date_gmt":"2022-08-31T13:57:27","guid":{"rendered":"https:\/\/www.noticiasuaslp.com\/?p=5128"},"modified":"2022-08-31T08:57:27","modified_gmt":"2022-08-31T13:57:27","slug":"facultad-de-psicologia-realizara-seminario-intensivo-interdisciplinario%ef%bf%bc","status":"publish","type":"post","link":"https:\/\/wp.uaslp.mx\/noticias\/academica\/facultad-de-psicologia-realizara-seminario-intensivo-interdisciplinario%ef%bf%bc\/","title":{"rendered":"Facultad de Psicolog\u00eda realizar\u00e1 Seminario Intensivo Interdisciplinario\ufffc"},"content":{"rendered":"\n<p>Con el lema \u201cTramas de la educaci\u00f3n, desaf\u00edos de la psicolog\u00eda y demandas de la sociedad\u201d, y en el marco de las actividades por el 50 aniversario de la Facultad de Psicolog\u00eda de la Universidad Aut\u00f3noma de San Luis Potos\u00ed, tendr\u00e1 lugar el Seminario Intensivo Interdisciplinario del 01 al 13 de septiembre del presente a\u00f1o.<\/p>\n\n\n<p>Lo anterior fue dado a conocer por la doctora Blanca Susana Vega Mart\u00ednez, catedr\u00e1tica e investigadora de la Facultad de Psicolog\u00eda, quien se\u00f1al\u00f3 que este Seminario Intensivo Interdisciplinario est\u00e1 compuesto por conferencias, mesas especiales, exposiciones fotogr\u00e1ficas, muestra audiovisual y presentaciones de libros, no solo acad\u00e9micos, sino tambi\u00e9n infantiles, mismas que tendr\u00e1n lugar en diversos planteles educativos, tanto de la capital como en el Altiplano.<\/p>\n\n\n<p>Explic\u00f3 que este Seminario va dirigido tanto a alumnos, egresados, profesores, as\u00ed como p\u00fablico en general, y tiene como finalidad el acercamiento a los temas sociales que se trabajan desde la interdisciplinariedad, ya que no es solamente la psicolog\u00eda, sino el pensar la educaci\u00f3n desde una perspectiva m\u00e1s amplia, con otras disciplinas como la historia, antropolog\u00eda, entre otras.<\/p>\n\n\n<p>Detall\u00f3 que esta actividad acad\u00e9mica es auspiciada en su totalidad, a trav\u00e9s de la convocatoria lanzada por el Consejo Potosino de Ciencia y Tecnolog\u00eda (COPOCYT), con recursos provenientes de multas electorales. \u201cPor lo que contaremos con la presencia de profesores y profesoras de diferentes universidades, tanto del pa\u00eds como del extranjero\u201d.<\/p>\n\n\n<p>Y agreg\u00f3: \u201cLos d\u00edas 05 y 06 de septiembre estaremos en el Altiplano potosino, coordin\u00e1ndonos con la zona escolar n\u00famero 11 del SEER, donde trabajaremos en una escuela primaria en Villa de la Paz, as\u00ed como en la Normal Rural de Cedral y en Matehuala, para realizar presentaciones de libros\u201d.<\/p>\n\n\n<p>Finalmente, la doctora Blanca Susana Vega dijo que este evento ser\u00e1 completamente presencial, gratuito y con entrada libre. Para mayores informes sobre las actividades, favor de consultar las redes sociales oficiales @UASLP \u2013 Facultad de Psicolog\u00eda.<\/p>\n","protected":false},"excerpt":{"rendered":"<p>Con el lema \u201cTramas de la educaci\u00f3n, desaf\u00edos de la psicolog\u00eda y demandas de la&#8230;<\/p>\n","protected":false},"author":5,"featured_media":5129,"comment_status":"closed","ping_status":"closed","sticky":false,"template":"","format":"standard","meta":{"pgc_sgb_lightbox_settings":"","footnotes":""},"categories":[2],"tags":[638,706],"class_list":["post-5128","post","type-post","status-publish","format-standard","has-post-thumbnail","hentry","category-academica","tag-seminario","tag-uaslp"],"featured_image_urls":{"full":["https:\/\/wp.uaslp.mx\/noticias\/wp-content\/uploads\/sites\/5\/2022\/08\/FACULTAD-DE-PSICOLOGI\u0301A.jpg",1600,1200,false],"thumbnail":["https:\/\/wp.uaslp.mx\/noticias\/wp-content\/uploads\/sites\/5\/2022\/08\/FACULTAD-DE-PSICOLOGI\u0301A-150x150.jpg",150,150,true],"medium":["https:\/\/wp.uaslp.mx\/noticias\/wp-content\/uploads\/sites\/5\/2022\/08\/FACULTAD-DE-PSICOLOGI\u0301A-1024x768.jpg",1024,768,true],"medium_large":["https:\/\/wp.uaslp.mx\/noticias\/wp-content\/uploads\/sites\/5\/2022\/08\/FACULTAD-DE-PSICOLOGI\u0301A-768x576.jpg",640,480,true],"large":["https:\/\/wp.uaslp.mx\/noticias\/wp-content\/uploads\/sites\/5\/2022\/08\/FACULTAD-DE-PSICOLOGI\u0301A.jpg",1600,1200,false],"1536x1536":["https:\/\/wp.uaslp.mx\/noticias\/wp-content\/uploads\/sites\/5\/2022\/08\/FACULTAD-DE-PSICOLOGI\u0301A-1536x1152.jpg",1536,1152,true],"2048x2048":["https:\/\/wp.uaslp.mx\/noticias\/wp-content\/uploads\/sites\/5\/2022\/08\/FACULTAD-DE-PSICOLOGI\u0301A.jpg",1600,1200,false],"newsever-slider-full":["https:\/\/wp.uaslp.mx\/noticias\/wp-content\/uploads\/sites\/5\/2022\/08\/FACULTAD-DE-PSICOLOGI\u0301A-1280x845.jpg",1280,845,true],"newsever-featured":["https:\/\/wp.uaslp.mx\/noticias\/wp-content\/uploads\/sites\/5\/2022\/08\/FACULTAD-DE-PSICOLOGI\u0301A-1024x768.jpg",1024,768,true],"newsever-medium":["https:\/\/wp.uaslp.mx\/noticias\/wp-content\/uploads\/sites\/5\/2022\/08\/FACULTAD-DE-PSICOLOGI\u0301A-720x475.jpg",720,475,true],"mailpoet_newsletter_max":["https:\/\/wp.uaslp.mx\/noticias\/wp-content\/uploads\/sites\/5\/2022\/08\/FACULTAD-DE-PSICOLOGI\u0301A-1320x990.jpg",1320,990,true]},"author_info":{"display_name":"Prensa y difusi\u00f3n","author_link":"https:\/\/wp.uaslp.mx\/noticias\/author\/monzy\/"},"category_info":"<a href=\"https:\/\/wp.uaslp.mx\/noticias\/category\/academica\/\" rel=\"category tag\">Acad\u00e9mica<\/a>","tag_info":"Acad\u00e9mica","comment_count":"0","_links":{"self":[{"href":"https:\/\/wp.uaslp.mx\/noticias\/wp-json\/wp\/v2\/posts\/5128","targetHints":{"allow":["GET"]}}],"collection":[{"href":"https:\/\/wp.uaslp.mx\/noticias\/wp-json\/wp\/v2\/posts"}],"about":[{"href":"https:\/\/wp.uaslp.mx\/noticias\/wp-json\/wp\/v2\/types\/post"}],"author":[{"embeddable":true,"href":"https:\/\/wp.uaslp.mx\/noticias\/wp-json\/wp\/v2\/users\/5"}],"replies":[{"embeddable":true,"href":"https:\/\/wp.uaslp.mx\/noticias\/wp-json\/wp\/v2\/comments?post=5128"}],"version-history":[{"count":0,"href":"https:\/\/wp.uaslp.mx\/noticias\/wp-json\/wp\/v2\/posts\/5128\/revisions"}],"wp:featuredmedia":[{"embeddable":true,"href":"https:\/\/wp.uaslp.mx\/noticias\/wp-json\/wp\/v2\/media\/5129"}],"wp:attachment":[{"href":"https:\/\/wp.uaslp.mx\/noticias\/wp-json\/wp\/v2\/media?parent=5128"}],"wp:term":[{"taxonomy":"category","embeddable":true,"href":"https:\/\/wp.uaslp.mx\/noticias\/wp-json\/wp\/v2\/categories?post=5128"},{"taxonomy":"post_tag","embeddable":true,"href":"https:\/\/wp.uaslp.mx\/noticias\/wp-json\/wp\/v2\/tags?post=5128"}],"curies":[{"name":"wp","href":"https:\/\/api.w.org\/{rel}","templated":true}]}}