{"id":5074,"date":"2022-08-24T14:32:53","date_gmt":"2022-08-24T19:32:53","guid":{"rendered":"https:\/\/www.noticiasuaslp.com\/?p=5074"},"modified":"2022-08-24T14:32:53","modified_gmt":"2022-08-24T19:32:53","slug":"7o-encuentro-de-la-red-de-radios-universitarias-de-mexico-se-realizara-en-la-uaslp","status":"publish","type":"post","link":"https:\/\/wp.uaslp.mx\/noticias\/comunidad\/7o-encuentro-de-la-red-de-radios-universitarias-de-mexico-se-realizara-en-la-uaslp\/","title":{"rendered":"7o Encuentro de la Red de Radios Universitarias de M\u00e9xico se realizar\u00e1 en la UASLP"},"content":{"rendered":"\n<p>Del 31 de agosto al dos de septiembre del presente a\u00f1o, la <a href=\"https:\/\/www.facebook.com\/RRUMEXICO\/\" target=\"_blank\" rel=\"noreferrer noopener\">Red de Radios Universitarias de M\u00e9xico <\/a>llevar\u00e1 a cabo el S\u00e9ptimo Encuentro RRUM 2022, que para esta edici\u00f3n, y en el marco de los festejos rumbo a los 100 a\u00f1os de su autonom\u00eda, la UASLP a trav\u00e9s de su <a href=\"https:\/\/www.facebook.com\/radiotvuaslp\" target=\"_blank\" rel=\"noreferrer noopener\">direcci\u00f3n de Radio y Televisi\u00f3n<\/a> ser\u00e1 la sede \u2013 coorganizadora del evento.<\/p>\n\n\n<p>El proyecto, tiene como objetivo, ser un punto de cruce de aprendizajes y experiencias para el an\u00e1lisis y la b\u00fasqueda de alternativas sobre grandes temas de la Radiodifusi\u00f3n p\u00fablica universitaria; El di\u00e1logo, se llevar\u00e1 a cabo entre Radios Universitarias, Institutos, l\u00edderes de opini\u00f3n en medios, redes hermanas y organizaciones y asociaciones nacionales e internacionales, inform\u00f3 la licenciada Gabriela Hern\u00e1ndez Nieto, directora de <a href=\"https:\/\/www.facebook.com\/radiotvuaslp\" target=\"_blank\" rel=\"noreferrer noopener\">Radio y Televisi\u00f3n UASLP<\/a>.<\/p>\n\n\n<p>\u201cEl proyecto actual de Radio Universitaria en la UASLP, tiene como uno de sus ejes principales la construcci\u00f3n colectiva para la difusi\u00f3n de la cultura y la divulgaci\u00f3n de la ciencia; ser sede-coorganizadora del Encuentro es una de las acciones para cumplir con esta gran encomienda y para fortalecer a nivel nacional, la radio p\u00fablica universitaria. Estamos convencidos de que la Red es un gran aparato para aprender, crecer y trabajar en equipo\u201d.<\/p>\n\n\n<p>La comunicaci\u00f3n social&nbsp;de&nbsp;la ciencia a trav\u00e9s&nbsp;de&nbsp;la radio, El ejercicio de la diversidad e igualdad de g\u00e9nero en los proyectos de Radios Universitarias; Consejo Ciudadano y&nbsp;Defensor\u00eda&nbsp;de&nbsp;Audiencias; Polinizaci\u00f3n&nbsp;de&nbsp;la Radio, contenidos que evolucionan a nuevos proyectos; Marketing&nbsp;de&nbsp;la radio, estrategias&nbsp;de&nbsp;difusi\u00f3n, y por \u00faltimo; Proyectos integradores, nuevas f\u00f3rmulas para la construcci\u00f3n de equipos de producci\u00f3n, son algunos ejes sobre los cuales se desarrollar\u00e1n las mesas de di\u00e1logo en donde participar\u00e1n alrededor de 40 Radios Universitarias.<\/p>\n\n\n<p>Entre los invitados especiales que han confirmado su participaci\u00f3n destacan Javier Sol\u00f3rzano, periodista y conductor en El Referente Heraldo; Ivanova Nieto Nasputh, presidenta&nbsp;de&nbsp;la Radio Internacional Universitaria;&nbsp;Jes\u00fas Alejo, director&nbsp;de&nbsp;Radio Educaci\u00f3n; Laura Fabiola Rojas, del Instituto Latinoamericano de Comunicaci\u00f3n Educativa; P\u00e1vel Granados, director&nbsp;de&nbsp;la Fonoteca Nacional; Georgina Tapia Mej\u00eda, del Sistema P\u00fablico de Radiodifusi\u00f3n del Estado Mexicano; \u00d3scar D\u00edaz, titular&nbsp;de&nbsp;la Unidad&nbsp;de&nbsp;Medios y Contenidos Audiovisuales&nbsp;del IFT y Mireille Campos Arzeta, directora de la Asociaci\u00f3n Mundial de Radios Comunitarias AMARC.<\/p>\n\n\n<p>Sobre la actividad, el presidente de la RRUM y actual director de Radio Ibero 90.9, Dr. Alejandro C\u00e1rdenas coment\u00f3, \u201cdespu\u00e9s de la pandemia, este tipo de reuniones del gremio radiof\u00f3nico universitario son importantes para reactivar actividades y visibilizar a las radios universitarias como jugadores importantes en los medios de comunicaci\u00f3n\u201d.<\/p>\n\n\n<p>Destac\u00f3 tambi\u00e9n las funciones principales que desarrollan, \u201csomos espacios formativos de divulgaci\u00f3n de la ciencia y de difusi\u00f3n cultural con impacto a nivel institucional, con nuestros estudiantes y docentes y a nivel social hac\u00eda a las audiencias\u201d.<\/p>\n\n\n<p>Entre las actividades abiertas al p\u00fablico, destaca la conferencia magistral del periodista mexicano Javier Sol\u00f3rzano sobre \u201clas Radios universitarias. Inclusi\u00f3n y ciudadan\u00eda\u201d, que se realizar\u00e1 el dos de septiembre en punto de las 12:00 hrs. en el Auditorio Rafael Nieto.<\/p>\n\n\n<p>Cabe mencionar que algunas mesas de di\u00e1logo y conferencias se transmitir\u00e1n a trav\u00e9s del canal de YouTube UASLP en vivo. Para m\u00e1s informaci\u00f3n sobre la programaci\u00f3n: http:\/\/rrum.mx\/ &nbsp; y redes de Radio y Televisi\u00f3n UASLP.<\/p>\n","protected":false},"excerpt":{"rendered":"<p>Del 31 de agosto al dos de septiembre del presente a\u00f1o, la Red de Radios&#8230;<\/p>\n","protected":false},"author":5,"featured_media":5085,"comment_status":"closed","ping_status":"closed","sticky":false,"template":"","format":"standard","meta":{"pgc_sgb_lightbox_settings":"","footnotes":""},"categories":[5],"tags":[803,181,805],"class_list":["post-5074","post","type-post","status-publish","format-standard","has-post-thumbnail","hentry","category-comunidad","tag-charla","tag-conferencias","tag-red-de-radios"],"featured_image_urls":{"full":["https:\/\/wp.uaslp.mx\/noticias\/wp-content\/uploads\/sites\/5\/2022\/08\/Monzy-2.jpg",1280,853,false],"thumbnail":["https:\/\/wp.uaslp.mx\/noticias\/wp-content\/uploads\/sites\/5\/2022\/08\/Monzy-2-150x150.jpg",150,150,true],"medium":["https:\/\/wp.uaslp.mx\/noticias\/wp-content\/uploads\/sites\/5\/2022\/08\/Monzy-2-1024x682.jpg",1024,682,true],"medium_large":["https:\/\/wp.uaslp.mx\/noticias\/wp-content\/uploads\/sites\/5\/2022\/08\/Monzy-2-768x512.jpg",640,427,true],"large":["https:\/\/wp.uaslp.mx\/noticias\/wp-content\/uploads\/sites\/5\/2022\/08\/Monzy-2.jpg",1280,853,false],"1536x1536":["https:\/\/wp.uaslp.mx\/noticias\/wp-content\/uploads\/sites\/5\/2022\/08\/Monzy-2.jpg",1280,853,false],"2048x2048":["https:\/\/wp.uaslp.mx\/noticias\/wp-content\/uploads\/sites\/5\/2022\/08\/Monzy-2.jpg",1280,853,false],"newsever-slider-full":["https:\/\/wp.uaslp.mx\/noticias\/wp-content\/uploads\/sites\/5\/2022\/08\/Monzy-2-1280x845.jpg",1280,845,true],"newsever-featured":["https:\/\/wp.uaslp.mx\/noticias\/wp-content\/uploads\/sites\/5\/2022\/08\/Monzy-2-1024x682.jpg",1024,682,true],"newsever-medium":["https:\/\/wp.uaslp.mx\/noticias\/wp-content\/uploads\/sites\/5\/2022\/08\/Monzy-2-720x475.jpg",720,475,true],"mailpoet_newsletter_max":["https:\/\/wp.uaslp.mx\/noticias\/wp-content\/uploads\/sites\/5\/2022\/08\/Monzy-2.jpg",1280,853,false]},"author_info":{"display_name":"Prensa y difusi\u00f3n","author_link":"https:\/\/wp.uaslp.mx\/noticias\/author\/monzy\/"},"category_info":"<a href=\"https:\/\/wp.uaslp.mx\/noticias\/category\/comunidad\/\" rel=\"category tag\">Comunidad<\/a>","tag_info":"Comunidad","comment_count":"0","_links":{"self":[{"href":"https:\/\/wp.uaslp.mx\/noticias\/wp-json\/wp\/v2\/posts\/5074","targetHints":{"allow":["GET"]}}],"collection":[{"href":"https:\/\/wp.uaslp.mx\/noticias\/wp-json\/wp\/v2\/posts"}],"about":[{"href":"https:\/\/wp.uaslp.mx\/noticias\/wp-json\/wp\/v2\/types\/post"}],"author":[{"embeddable":true,"href":"https:\/\/wp.uaslp.mx\/noticias\/wp-json\/wp\/v2\/users\/5"}],"replies":[{"embeddable":true,"href":"https:\/\/wp.uaslp.mx\/noticias\/wp-json\/wp\/v2\/comments?post=5074"}],"version-history":[{"count":0,"href":"https:\/\/wp.uaslp.mx\/noticias\/wp-json\/wp\/v2\/posts\/5074\/revisions"}],"wp:featuredmedia":[{"embeddable":true,"href":"https:\/\/wp.uaslp.mx\/noticias\/wp-json\/wp\/v2\/media\/5085"}],"wp:attachment":[{"href":"https:\/\/wp.uaslp.mx\/noticias\/wp-json\/wp\/v2\/media?parent=5074"}],"wp:term":[{"taxonomy":"category","embeddable":true,"href":"https:\/\/wp.uaslp.mx\/noticias\/wp-json\/wp\/v2\/categories?post=5074"},{"taxonomy":"post_tag","embeddable":true,"href":"https:\/\/wp.uaslp.mx\/noticias\/wp-json\/wp\/v2\/tags?post=5074"}],"curies":[{"name":"wp","href":"https:\/\/api.w.org\/{rel}","templated":true}]}}