{"id":4886,"date":"2022-08-12T14:22:27","date_gmt":"2022-08-12T19:22:27","guid":{"rendered":"https:\/\/www.noticiasuaslp.com\/?p=4886"},"modified":"2022-08-12T14:22:27","modified_gmt":"2022-08-12T19:22:27","slug":"xxix-congreso-internacional-de-posgrados-de-estomatologia-impulsa-sinergia-con-otras-instituciones","status":"publish","type":"post","link":"https:\/\/wp.uaslp.mx\/noticias\/academica\/xxix-congreso-internacional-de-posgrados-de-estomatologia-impulsa-sinergia-con-otras-instituciones\/","title":{"rendered":"XXIX Congreso Internacional de Posgrados de Estomatolog\u00eda impulsa sinergia con otras instituciones"},"content":{"rendered":"\n<p>Con la participaci\u00f3n de ponentes de Espa\u00f1a, Brasil, Chile y la Rep\u00fablica Mexicana, la Facultad de Estomatolog\u00eda de la Universidad Aut\u00f3noma de San Luis Potos\u00ed, llevar\u00e1 a cabo de manera h\u00edbrida, la edici\u00f3n XXIX del Congreso Internacional de Posgrados. El evento se realizar\u00e1 del 01 al 03 de septiembre de 2022, en el CC200.<\/p>\n\n\n<p>El Dr. Mart\u00ednez Rider, director de la Facultad, indic\u00f3 que ya son 29 a\u00f1os de estar realizando, de manera ininterrumpida este Congreso, que permite a los posgrados que se imparten en la Facultad, conocer los avances de las diferentes \u00e1reas de la estomatolog\u00eda.<\/p>\n\n\n<p>\u201cNosotros contamos con ocho posgrados en las diferentes disciplinas m\u00e1s importantes, por lo que el Congreso permite, no solamente reunir a nuestros colegas de las diferentes especialidades, ex alumnos de nosotros, as\u00ed como de otros estados de la Rep\u00fablica, sino que tambi\u00e9n nos permite conocer los nuevos avances estomatol\u00f3gicos\u201d.<\/p>\n\n\n<p>De igual manera, destac\u00f3 que el Congreso Internacional de Posgrados es un evento que ha cobrado total relevancia a trav\u00e9s de los a\u00f1os, \u201clos primeros coordinadores del Congreso fueron profesionales con una visi\u00f3n bastante significativa, donde se pudiera dar a conocer nuestro trabajo, as\u00ed como traer los \u00faltimos avances en el \u00e1rea de la Estomatolog\u00eda, tanto en materia de investigaci\u00f3n, como de los servicios\u201d.<\/p>\n\n\n<p>Dijo tambi\u00e9n que este tipo de Congresos, son una fuente de nuevos conocimientos, que repercuten en la atenci\u00f3n de todos los pacientes que requieren alg\u00fan tipo de tratamiento en espec\u00edfico.<\/p>\n\n\n<p>\u201cEn esta ocasi\u00f3n en modalidad h\u00edbrida que permite mayor interacci\u00f3n y sobre todo un gran n\u00famero de participantes. Tendremos tambi\u00e9n mesas cl\u00ednicas, las cuales ser\u00e1n de manera presencial en las salas del Centro Cultural Universitario Bicentenario\u201d.<\/p>\n\n\n<p>El doctor Mart\u00ednez Rider, se\u00f1al\u00f3 tambi\u00e9n que llegar a la edici\u00f3n XXIX del Congreso Internacional de Posgrados ha permitido generar sinergia con diversas instituciones a nivel nacional e internacional, por lo que se espera una amplia participaci\u00f3n de las y los profesionales de la salud bucal.<\/p>\n\n\n<p>Para mayores informes e inscripciones, pueden acceder a trav\u00e9s del enlace <a href=\"https:\/\/bit.ly\/3uQLsHn\">https:\/\/bit.ly\/3uQLsHn<\/a>.<\/p>\n\n\n<p><\/p>\n","protected":false},"excerpt":{"rendered":"<p>Con la participaci\u00f3n de ponentes de Espa\u00f1a, Brasil, Chile y la Rep\u00fablica Mexicana, la Facultad&#8230;<\/p>\n","protected":false},"author":5,"featured_media":4887,"comment_status":"closed","ping_status":"closed","sticky":false,"template":"","format":"standard","meta":{"pgc_sgb_lightbox_settings":"","footnotes":""},"categories":[2],"tags":[182,293,435],"class_list":["post-4886","post","type-post","status-publish","format-standard","has-post-thumbnail","hentry","category-academica","tag-congreso","tag-estomatologia","tag-internacional"],"featured_image_urls":{"full":["https:\/\/wp.uaslp.mx\/noticias\/wp-content\/uploads\/sites\/5\/2022\/08\/Dr.-Ricardo-Martinez-Rider-director-de-la-Facultad-de-Estomatologia.jpeg",1280,854,false],"thumbnail":["https:\/\/wp.uaslp.mx\/noticias\/wp-content\/uploads\/sites\/5\/2022\/08\/Dr.-Ricardo-Martinez-Rider-director-de-la-Facultad-de-Estomatologia-150x150.jpeg",150,150,true],"medium":["https:\/\/wp.uaslp.mx\/noticias\/wp-content\/uploads\/sites\/5\/2022\/08\/Dr.-Ricardo-Martinez-Rider-director-de-la-Facultad-de-Estomatologia-1024x683.jpeg",1024,683,true],"medium_large":["https:\/\/wp.uaslp.mx\/noticias\/wp-content\/uploads\/sites\/5\/2022\/08\/Dr.-Ricardo-Martinez-Rider-director-de-la-Facultad-de-Estomatologia-768x512.jpeg",640,427,true],"large":["https:\/\/wp.uaslp.mx\/noticias\/wp-content\/uploads\/sites\/5\/2022\/08\/Dr.-Ricardo-Martinez-Rider-director-de-la-Facultad-de-Estomatologia.jpeg",1280,854,false],"1536x1536":["https:\/\/wp.uaslp.mx\/noticias\/wp-content\/uploads\/sites\/5\/2022\/08\/Dr.-Ricardo-Martinez-Rider-director-de-la-Facultad-de-Estomatologia.jpeg",1280,854,false],"2048x2048":["https:\/\/wp.uaslp.mx\/noticias\/wp-content\/uploads\/sites\/5\/2022\/08\/Dr.-Ricardo-Martinez-Rider-director-de-la-Facultad-de-Estomatologia.jpeg",1280,854,false],"newsever-slider-full":["https:\/\/wp.uaslp.mx\/noticias\/wp-content\/uploads\/sites\/5\/2022\/08\/Dr.-Ricardo-Martinez-Rider-director-de-la-Facultad-de-Estomatologia-1280x845.jpeg",1280,845,true],"newsever-featured":["https:\/\/wp.uaslp.mx\/noticias\/wp-content\/uploads\/sites\/5\/2022\/08\/Dr.-Ricardo-Martinez-Rider-director-de-la-Facultad-de-Estomatologia-1024x683.jpeg",1024,683,true],"newsever-medium":["https:\/\/wp.uaslp.mx\/noticias\/wp-content\/uploads\/sites\/5\/2022\/08\/Dr.-Ricardo-Martinez-Rider-director-de-la-Facultad-de-Estomatologia-720x475.jpeg",720,475,true],"mailpoet_newsletter_max":["https:\/\/wp.uaslp.mx\/noticias\/wp-content\/uploads\/sites\/5\/2022\/08\/Dr.-Ricardo-Martinez-Rider-director-de-la-Facultad-de-Estomatologia.jpeg",1280,854,false]},"author_info":{"display_name":"Prensa y difusi\u00f3n","author_link":"https:\/\/wp.uaslp.mx\/noticias\/author\/monzy\/"},"category_info":"<a href=\"https:\/\/wp.uaslp.mx\/noticias\/category\/academica\/\" rel=\"category tag\">Acad\u00e9mica<\/a>","tag_info":"Acad\u00e9mica","comment_count":"0","_links":{"self":[{"href":"https:\/\/wp.uaslp.mx\/noticias\/wp-json\/wp\/v2\/posts\/4886","targetHints":{"allow":["GET"]}}],"collection":[{"href":"https:\/\/wp.uaslp.mx\/noticias\/wp-json\/wp\/v2\/posts"}],"about":[{"href":"https:\/\/wp.uaslp.mx\/noticias\/wp-json\/wp\/v2\/types\/post"}],"author":[{"embeddable":true,"href":"https:\/\/wp.uaslp.mx\/noticias\/wp-json\/wp\/v2\/users\/5"}],"replies":[{"embeddable":true,"href":"https:\/\/wp.uaslp.mx\/noticias\/wp-json\/wp\/v2\/comments?post=4886"}],"version-history":[{"count":0,"href":"https:\/\/wp.uaslp.mx\/noticias\/wp-json\/wp\/v2\/posts\/4886\/revisions"}],"wp:featuredmedia":[{"embeddable":true,"href":"https:\/\/wp.uaslp.mx\/noticias\/wp-json\/wp\/v2\/media\/4887"}],"wp:attachment":[{"href":"https:\/\/wp.uaslp.mx\/noticias\/wp-json\/wp\/v2\/media?parent=4886"}],"wp:term":[{"taxonomy":"category","embeddable":true,"href":"https:\/\/wp.uaslp.mx\/noticias\/wp-json\/wp\/v2\/categories?post=4886"},{"taxonomy":"post_tag","embeddable":true,"href":"https:\/\/wp.uaslp.mx\/noticias\/wp-json\/wp\/v2\/tags?post=4886"}],"curies":[{"name":"wp","href":"https:\/\/api.w.org\/{rel}","templated":true}]}}