{"id":4827,"date":"2022-08-08T14:38:09","date_gmt":"2022-08-08T19:38:09","guid":{"rendered":"https:\/\/www.noticiasuaslp.com\/?p=4827"},"modified":"2022-08-08T14:38:09","modified_gmt":"2022-08-08T19:38:09","slug":"the-silence-of-sound-se-presentara-el-13-de-septiembre-en-el-cc200-de-la-uaslp","status":"publish","type":"post","link":"https:\/\/wp.uaslp.mx\/noticias\/arteycultura\/the-silence-of-sound-se-presentara-el-13-de-septiembre-en-el-cc200-de-la-uaslp\/","title":{"rendered":"The Silence of Sound, se presentar\u00e1 el 13 de septiembre en el CC200"},"content":{"rendered":"\n<p>El pr\u00f3ximo 13 de septiembre se presentar\u00e1 en el <a rel=\"noreferrer noopener\" href=\"https:\/\/www.uaslp.mx\/DifusionCultural\/Paginas\/Sedes\/2144#gsc.tab=0\" target=\"_blank\">Centro Cultural Bicentenario<\/a> , &#8220;<a rel=\"noreferrer noopener\" href=\"https:\/\/eventos.ticketone.mx\/eventperformances.asp?evt=347\" target=\"_blank\">The Silence of Sound<\/a>&#8220;, nuevo proyecto esc\u00e9nico en el que la directora de orquesta mexicana  Alondra de la Parra y Gabriela Mu\u00f1oz &#8220;Chula The Clown&#8221; llevan trabajando m\u00e1s de seis a\u00f1os y que surge a partir de encontrar en la m\u00fasica un punto en com\u00fan entre sus diferentes disciplinas, desarrollando as\u00ed todo un concepto que es original desde su concepci\u00f3n.<\/p>\n\n\n<p>Se trata de la historia de una Clown cuya vida se transforma cuando descubre la belleza de la m\u00fasica. Sin embargo, pronto se da cuenta de que este maravilloso mundo nuevo tiene sus propios peligros inherentes. Confrontarlos y sobreponerse a ellos, la llevar\u00e1 al borde de la locura.Con m\u00fasica de Debussy, Bart\u00f3k, Stravinsky, Prokofiev, entre otros, este espect\u00e1culo tiene la misi\u00f3n de acercar la m\u00fasica orquestal y el repertorio sinf\u00f3nico a audiencias diversas. <\/p>\n\n\n<p>Este proyecto esc\u00e9nico se presentar\u00e1 en diferentes estados del pa\u00eds durante el mes de septiembre, para que todos los p\u00fablicos tengan la oportunidad de disfrutar del talento de estas dos mujeres mexicanas creativas que han puesto en alto el nombre de nuestro pa\u00eds a nivel mundial en sus respectivas disciplinas. <\/p>\n\n\n<p>The Silence of Sound cuenta tambi\u00e9n con la Direcci\u00f3n de Arte de la artista chilena-alemana Rebekka Dornhege Reyes, actualmente responsable de la escenograf\u00eda y vestuario para L\u2019Orfeo de Monteverdi en el Musiktheater im Revier en Gelsenkirchen; as\u00ed como la Direcci\u00f3n Audiovisual de la realizadora y directora de Arte espa\u00f1ola, Mariona Omedes, quien ha colaborado con artistas como Bigas Luna, Jose Luis Guerin, Federic Amat, Manuel Huerga, Mariscal o El Tricicle.Las fechas y lugares confirmados para la presentaci\u00f3n de The Silence of Sound son:<br \/>\u2022 6 de septiembre &#8211; CDMX &#8211; Palacio de Bellas Artes.<br \/>\u2022 9 y 10 de septiembre &#8211; Guadalajara &#8211; Conjunto Santander.<br \/>\u2022 13 de septiembre &#8211; San Luis Potos\u00ed &#8211; Centro Cultural Universitario Bicentenario.<br \/>\u2022 15 de septiembre &#8211; Monterrey &#8211; Show Center.<br \/><\/p>\n\n\n<p>Adem\u00e1s, se tienen pl\u00e1ticas para llevar este proyecto a otros estados. Con el apoyo de GNP Seguros, patrocinador de este y otros proyectos desarrollados recientemente por la directora de orquesta, como el mismo Festival PAAX GNP, o el video de La Orquesta Imposible que se distribuy\u00f3 en 2020; la producci\u00f3n de este espect\u00e1culo se encuentra a cargo de Elekin Arts, compa\u00f1\u00eda fundada por la propia Alondra de la Parra para el desarrollo de proyectos esc\u00e9nico.<\/p>\n","protected":false},"excerpt":{"rendered":"<p>El pr\u00f3ximo 13 de septiembre se presentar\u00e1 en el Centro Cultural Bicentenario , &#8220;The Silence&#8230;<\/p>\n","protected":false},"author":5,"featured_media":4828,"comment_status":"closed","ping_status":"closed","sticky":false,"template":"","format":"standard","meta":{"pgc_sgb_lightbox_settings":"","footnotes":""},"categories":[3],"tags":[112,865],"class_list":["post-4827","post","type-post","status-publish","format-standard","has-post-thumbnail","hentry","category-arteycultura","tag-cc200","tag-the-silence-of-sound"],"featured_image_urls":{"full":["https:\/\/wp.uaslp.mx\/noticias\/wp-content\/uploads\/sites\/5\/2022\/08\/WhatsApp-Image-2022-08-08-at-2.11.38-PM.jpeg",1200,1200,false],"thumbnail":["https:\/\/wp.uaslp.mx\/noticias\/wp-content\/uploads\/sites\/5\/2022\/08\/WhatsApp-Image-2022-08-08-at-2.11.38-PM-150x150.jpeg",150,150,true],"medium":["https:\/\/wp.uaslp.mx\/noticias\/wp-content\/uploads\/sites\/5\/2022\/08\/WhatsApp-Image-2022-08-08-at-2.11.38-PM-1024x1024.jpeg",1024,1024,true],"medium_large":["https:\/\/wp.uaslp.mx\/noticias\/wp-content\/uploads\/sites\/5\/2022\/08\/WhatsApp-Image-2022-08-08-at-2.11.38-PM-768x768.jpeg",640,640,true],"large":["https:\/\/wp.uaslp.mx\/noticias\/wp-content\/uploads\/sites\/5\/2022\/08\/WhatsApp-Image-2022-08-08-at-2.11.38-PM.jpeg",1200,1200,false],"1536x1536":["https:\/\/wp.uaslp.mx\/noticias\/wp-content\/uploads\/sites\/5\/2022\/08\/WhatsApp-Image-2022-08-08-at-2.11.38-PM.jpeg",1200,1200,false],"2048x2048":["https:\/\/wp.uaslp.mx\/noticias\/wp-content\/uploads\/sites\/5\/2022\/08\/WhatsApp-Image-2022-08-08-at-2.11.38-PM.jpeg",1200,1200,false],"newsever-slider-full":["https:\/\/wp.uaslp.mx\/noticias\/wp-content\/uploads\/sites\/5\/2022\/08\/WhatsApp-Image-2022-08-08-at-2.11.38-PM-1200x845.jpeg",1200,845,true],"newsever-featured":["https:\/\/wp.uaslp.mx\/noticias\/wp-content\/uploads\/sites\/5\/2022\/08\/WhatsApp-Image-2022-08-08-at-2.11.38-PM-1024x1024.jpeg",1024,1024,true],"newsever-medium":["https:\/\/wp.uaslp.mx\/noticias\/wp-content\/uploads\/sites\/5\/2022\/08\/WhatsApp-Image-2022-08-08-at-2.11.38-PM-720x475.jpeg",720,475,true],"mailpoet_newsletter_max":["https:\/\/wp.uaslp.mx\/noticias\/wp-content\/uploads\/sites\/5\/2022\/08\/WhatsApp-Image-2022-08-08-at-2.11.38-PM.jpeg",1200,1200,false]},"author_info":{"display_name":"Prensa y difusi\u00f3n","author_link":"https:\/\/wp.uaslp.mx\/noticias\/author\/monzy\/"},"category_info":"<a href=\"https:\/\/wp.uaslp.mx\/noticias\/category\/arteycultura\/\" rel=\"category tag\">Arte y cultura<\/a>","tag_info":"Arte y cultura","comment_count":"0","_links":{"self":[{"href":"https:\/\/wp.uaslp.mx\/noticias\/wp-json\/wp\/v2\/posts\/4827","targetHints":{"allow":["GET"]}}],"collection":[{"href":"https:\/\/wp.uaslp.mx\/noticias\/wp-json\/wp\/v2\/posts"}],"about":[{"href":"https:\/\/wp.uaslp.mx\/noticias\/wp-json\/wp\/v2\/types\/post"}],"author":[{"embeddable":true,"href":"https:\/\/wp.uaslp.mx\/noticias\/wp-json\/wp\/v2\/users\/5"}],"replies":[{"embeddable":true,"href":"https:\/\/wp.uaslp.mx\/noticias\/wp-json\/wp\/v2\/comments?post=4827"}],"version-history":[{"count":0,"href":"https:\/\/wp.uaslp.mx\/noticias\/wp-json\/wp\/v2\/posts\/4827\/revisions"}],"wp:featuredmedia":[{"embeddable":true,"href":"https:\/\/wp.uaslp.mx\/noticias\/wp-json\/wp\/v2\/media\/4828"}],"wp:attachment":[{"href":"https:\/\/wp.uaslp.mx\/noticias\/wp-json\/wp\/v2\/media?parent=4827"}],"wp:term":[{"taxonomy":"category","embeddable":true,"href":"https:\/\/wp.uaslp.mx\/noticias\/wp-json\/wp\/v2\/categories?post=4827"},{"taxonomy":"post_tag","embeddable":true,"href":"https:\/\/wp.uaslp.mx\/noticias\/wp-json\/wp\/v2\/tags?post=4827"}],"curies":[{"name":"wp","href":"https:\/\/api.w.org\/{rel}","templated":true}]}}