{"id":4793,"date":"2022-08-08T10:30:07","date_gmt":"2022-08-08T15:30:07","guid":{"rendered":"https:\/\/www.noticiasuaslp.com\/?p=4793"},"modified":"2022-08-08T10:30:07","modified_gmt":"2022-08-08T15:30:07","slug":"facultad-de-derecho-ofrecera-diplomado-en-derecho-fiscal","status":"publish","type":"post","link":"https:\/\/wp.uaslp.mx\/noticias\/comunidad\/facultad-de-derecho-ofrecera-diplomado-en-derecho-fiscal\/","title":{"rendered":"Facultad de Derecho ofrecer\u00e1 \u201cDiplomado en Derecho Fiscal\u201d"},"content":{"rendered":"\n<p>Con el fin de estar a la par de las actualizaciones tributarias, la Divisi\u00f3n de Estudios de <a href=\"https:\/\/www.derecho.uaslp.mx\/posgrado\/Eventos?IdCategoria=1#gsc.tab=0\">Posgrado de la Facultad de Derecho <\/a>\u201cAbogado Ponciano Arriaga Leija\u201d ofertar\u00e1 el <a href=\"https:\/\/www.facebook.com\/photo?fbid=567741865137595&amp;set=a.484694776775638\" target=\"_blank\" rel=\"noreferrer noopener\">Diplomado en Derecho Fiscal<\/a> para ayudar no solamente a abogados, sino a profesionistas como contadores, administradores, estudiantes universitarios o p\u00fablico en general.<\/p>\n\n\n<p>El coordinador del diplomado, Mtro. Sa\u00fal Rodr\u00edguez Corona, consider\u00f3 que esta oferta educativa es de suma importancia para los profesionistas que tienen entre sus tareas realizar tr\u00e1mites tributarios y no solamente a los abogados especializados, sino a cualquier profesionista que requiera orientaci\u00f3n ante los cambios constantes que supone el ejercicio fiscal en el pa\u00eds.<\/p>\n\n\n<p>Detall\u00f3 que el diplomado mantendr\u00e1 abiertas sus inscripciones hasta el pr\u00f3ximo 26 de agosto y se realizar\u00e1 del 2 de septiembre de 2022 al 21 de enero de 2023, los viernes en un horario de 17:00 a 21:00 horas y s\u00e1bados de 09:00 a 13:00 horas. Contar\u00e1 con reconocimiento institucional, tendr\u00e1 car\u00e1cter h\u00edbrido (presencial y en l\u00ednea), sin embargo todas las sesiones se transmitir\u00e1n en l\u00ednea para que personas de otros estados del pa\u00eds puedan tomarlo.<\/p>\n\n\n<p>Rodr\u00edguez Corona destac\u00f3 que en el cuerpo docente se contar\u00e1 con diversos especialistas en estos temas, como por ejemplo el doctor Vladimir Ib\u00e1\u00f1ez Garc\u00eda; el contador Ignacio Jaramillo Berm\u00fadez, la abogada Claudia Villalobos, ex titular del Despacho Michel Ambrosio y docente de la Escuela Libre de Derecho; entre otros expertos.<\/p>\n\n\n<p>Los m\u00f3dulos ser\u00e1n 6: Teor\u00eda general impositiva; Contribuciones en general; Comercio Exterior y Derecho Aduanero; Nociones de contabilidad e interpretaci\u00f3n de estados financieros; Medios de defensa en materia fiscal y Derecho penal fiscal.<\/p>\n\n\n<p>Para m\u00e1s informaci\u00f3n sobre inversi\u00f3n, inscripciones y lugares, pueden dirigirse con Leticia Zapata al correo electr\u00f3nico: leticia.zapata@uaslp.mx o a los tel\u00e9fonos: 444 826 1450 ext: 8378.<\/p>\n\n\n<p><\/p>\n\n\n<p><\/p>\n","protected":false},"excerpt":{"rendered":"<p>Con el fin de estar a la par de las actualizaciones tributarias, la Divisi\u00f3n de&#8230;<\/p>\n","protected":false},"author":5,"featured_media":4794,"comment_status":"closed","ping_status":"closed","sticky":false,"template":"","format":"standard","meta":{"pgc_sgb_lightbox_settings":"","footnotes":""},"categories":[5],"tags":[864,246,310],"class_list":["post-4793","post","type-post","status-publish","format-standard","has-post-thumbnail","hentry","category-comunidad","tag-derecho-fiscal","tag-diplomado","tag-facultad-de-derecho"],"featured_image_urls":{"full":["https:\/\/wp.uaslp.mx\/noticias\/wp-content\/uploads\/sites\/5\/2022\/08\/facultad-de-derecho.jpg",1280,960,false],"thumbnail":["https:\/\/wp.uaslp.mx\/noticias\/wp-content\/uploads\/sites\/5\/2022\/08\/facultad-de-derecho-150x150.jpg",150,150,true],"medium":["https:\/\/wp.uaslp.mx\/noticias\/wp-content\/uploads\/sites\/5\/2022\/08\/facultad-de-derecho-1024x768.jpg",1024,768,true],"medium_large":["https:\/\/wp.uaslp.mx\/noticias\/wp-content\/uploads\/sites\/5\/2022\/08\/facultad-de-derecho-768x576.jpg",640,480,true],"large":["https:\/\/wp.uaslp.mx\/noticias\/wp-content\/uploads\/sites\/5\/2022\/08\/facultad-de-derecho.jpg",1280,960,false],"1536x1536":["https:\/\/wp.uaslp.mx\/noticias\/wp-content\/uploads\/sites\/5\/2022\/08\/facultad-de-derecho.jpg",1280,960,false],"2048x2048":["https:\/\/wp.uaslp.mx\/noticias\/wp-content\/uploads\/sites\/5\/2022\/08\/facultad-de-derecho.jpg",1280,960,false],"newsever-slider-full":["https:\/\/wp.uaslp.mx\/noticias\/wp-content\/uploads\/sites\/5\/2022\/08\/facultad-de-derecho-1280x845.jpg",1280,845,true],"newsever-featured":["https:\/\/wp.uaslp.mx\/noticias\/wp-content\/uploads\/sites\/5\/2022\/08\/facultad-de-derecho-1024x768.jpg",1024,768,true],"newsever-medium":["https:\/\/wp.uaslp.mx\/noticias\/wp-content\/uploads\/sites\/5\/2022\/08\/facultad-de-derecho-720x475.jpg",720,475,true],"mailpoet_newsletter_max":["https:\/\/wp.uaslp.mx\/noticias\/wp-content\/uploads\/sites\/5\/2022\/08\/facultad-de-derecho.jpg",1280,960,false]},"author_info":{"display_name":"Prensa y difusi\u00f3n","author_link":"https:\/\/wp.uaslp.mx\/noticias\/author\/monzy\/"},"category_info":"<a href=\"https:\/\/wp.uaslp.mx\/noticias\/category\/comunidad\/\" rel=\"category tag\">Comunidad<\/a>","tag_info":"Comunidad","comment_count":"0","_links":{"self":[{"href":"https:\/\/wp.uaslp.mx\/noticias\/wp-json\/wp\/v2\/posts\/4793","targetHints":{"allow":["GET"]}}],"collection":[{"href":"https:\/\/wp.uaslp.mx\/noticias\/wp-json\/wp\/v2\/posts"}],"about":[{"href":"https:\/\/wp.uaslp.mx\/noticias\/wp-json\/wp\/v2\/types\/post"}],"author":[{"embeddable":true,"href":"https:\/\/wp.uaslp.mx\/noticias\/wp-json\/wp\/v2\/users\/5"}],"replies":[{"embeddable":true,"href":"https:\/\/wp.uaslp.mx\/noticias\/wp-json\/wp\/v2\/comments?post=4793"}],"version-history":[{"count":0,"href":"https:\/\/wp.uaslp.mx\/noticias\/wp-json\/wp\/v2\/posts\/4793\/revisions"}],"wp:featuredmedia":[{"embeddable":true,"href":"https:\/\/wp.uaslp.mx\/noticias\/wp-json\/wp\/v2\/media\/4794"}],"wp:attachment":[{"href":"https:\/\/wp.uaslp.mx\/noticias\/wp-json\/wp\/v2\/media?parent=4793"}],"wp:term":[{"taxonomy":"category","embeddable":true,"href":"https:\/\/wp.uaslp.mx\/noticias\/wp-json\/wp\/v2\/categories?post=4793"},{"taxonomy":"post_tag","embeddable":true,"href":"https:\/\/wp.uaslp.mx\/noticias\/wp-json\/wp\/v2\/tags?post=4793"}],"curies":[{"name":"wp","href":"https:\/\/api.w.org\/{rel}","templated":true}]}}