{"id":4779,"date":"2022-08-04T11:00:00","date_gmt":"2022-08-04T16:00:00","guid":{"rendered":"https:\/\/www.noticiasuaslp.com\/?p=4779"},"modified":"2022-08-04T11:00:00","modified_gmt":"2022-08-04T16:00:00","slug":"uaslp-realiza-manejo-apropiado-de-bienes-de-consumo-a-traves-del-reciclaje","status":"publish","type":"post","link":"https:\/\/wp.uaslp.mx\/noticias\/comunidad\/uaslp-realiza-manejo-apropiado-de-bienes-de-consumo-a-traves-del-reciclaje\/","title":{"rendered":"UASLP realiza manejo apropiado de bienes de consumo a trav\u00e9s del reciclaje"},"content":{"rendered":"\n<p>A trav\u00e9s del Espacio de Consumo Responsable, la Agenda Ambiental de la Universidad Aut\u00f3noma de San Luis Potos\u00ed (UASLP) invita a la comunidad universitaria y p\u00fablico en general, a participar en las actividades del Programa Reutronic y el Programa Cambalache de libros.&nbsp;<\/p>\n\n\n<p>El objetivo de la actividad consiste en informar, educar y proveer medios y herramientas respecto al manejo apropiado de los bienes de consumo. &nbsp;<\/p>\n\n\n<p>La responsable de este programa, Mtra. Laura Daniela Hern\u00e1ndez Rodr\u00edguez, coordinadora del sistema de gesti\u00f3n ambiental, consider\u00f3 importante aplicar la pir\u00e1mide de consumo responsable, y en cada hogar advertir lo necesario antes de adquirir alg\u00fan electrodom\u00e9stico.&nbsp;<\/p>\n\n\n<p>\u201cAntes de desecharlos invitamos a participar de estos eventos para que se disponga de la forma m\u00e1s responsable\u201d. &nbsp;<\/p>\n\n\n<p>Hern\u00e1ndez Rodr\u00edguez dio a conocer que la participaci\u00f3n por parte de la poblaci\u00f3n universitaria y en general ha sido copiosa, \u201ceste a\u00f1o hemos percibido que las personas han entendido de qu\u00e9 se trata, se ha corrido la voz, participan m\u00e1s, lo hemos notado en cada acopio\u201d.&nbsp;<\/p>\n\n\n<p>Se\u00f1al\u00f3 que han procurado los jueves como actividad m\u00f3vil para visitar diferentes espacios universitarios y m\u00e1s personas tengan acceso a este evento; se ha acudido a las Facultades de Econom\u00eda, Derecho, Contadur\u00eda y Administraci\u00f3n, y las ubicadas en la Zona Universitaria Oriente: Ciencias de la Informaci\u00f3n, Psicolog\u00eda, Ciencias Sociales y Humanidades. &nbsp;<\/p>\n\n\n<p>En el mes de agosto continuar\u00e1 el programa y conforme se vayan presentando opciones para reciclaje de otros materiales, se agregar\u00e1n. Ya se tiene para el semestre entrante un calendario con la diversa planeaci\u00f3n. &nbsp;&nbsp;<\/p>\n\n\n<p>El Espacio de Consumo Responsable recibe reciclables limpios, secos y comprimidos: metales, caple y tetra pak, papel y cart\u00f3n, vidrio y pl\u00e1sticos, residuos org\u00e1nicos composteables, electrodom\u00e9sticos, electr\u00f3nicos, lonas vulcanizadas, pilas alcalinas, textiles, en un horario de 9:00 a 13:00 horas, mi\u00e9rcoles y jueves de cada mes. &nbsp;<\/p>\n\n\n<p>El siguiente acopio tiene como fecha los d\u00edas 31 de agosto y 1 de septiembre del 2022.<\/p>\n","protected":false},"excerpt":{"rendered":"<p>A trav\u00e9s del Espacio de Consumo Responsable, la Agenda Ambiental de la Universidad Aut\u00f3noma de&#8230;<\/p>\n","protected":false},"author":5,"featured_media":4777,"comment_status":"closed","ping_status":"closed","sticky":false,"template":"","format":"standard","meta":{"pgc_sgb_lightbox_settings":"","footnotes":""},"categories":[5],"tags":[23,862,863,706],"class_list":["post-4779","post","type-post","status-publish","format-standard","has-post-thumbnail","hentry","category-comunidad","tag-agenda-ambiental","tag-consumo-responsable","tag-reciclaje","tag-uaslp"],"featured_image_urls":{"full":["https:\/\/wp.uaslp.mx\/noticias\/wp-content\/uploads\/sites\/5\/2022\/08\/01-ACOPIO-DE-RESIDUOS-RECICLABLES-IMG_1154.jpg",1600,1200,false],"thumbnail":["https:\/\/wp.uaslp.mx\/noticias\/wp-content\/uploads\/sites\/5\/2022\/08\/01-ACOPIO-DE-RESIDUOS-RECICLABLES-IMG_1154-150x150.jpg",150,150,true],"medium":["https:\/\/wp.uaslp.mx\/noticias\/wp-content\/uploads\/sites\/5\/2022\/08\/01-ACOPIO-DE-RESIDUOS-RECICLABLES-IMG_1154-1024x768.jpg",1024,768,true],"medium_large":["https:\/\/wp.uaslp.mx\/noticias\/wp-content\/uploads\/sites\/5\/2022\/08\/01-ACOPIO-DE-RESIDUOS-RECICLABLES-IMG_1154-768x576.jpg",640,480,true],"large":["https:\/\/wp.uaslp.mx\/noticias\/wp-content\/uploads\/sites\/5\/2022\/08\/01-ACOPIO-DE-RESIDUOS-RECICLABLES-IMG_1154.jpg",1600,1200,false],"1536x1536":["https:\/\/wp.uaslp.mx\/noticias\/wp-content\/uploads\/sites\/5\/2022\/08\/01-ACOPIO-DE-RESIDUOS-RECICLABLES-IMG_1154-1536x1152.jpg",1536,1152,true],"2048x2048":["https:\/\/wp.uaslp.mx\/noticias\/wp-content\/uploads\/sites\/5\/2022\/08\/01-ACOPIO-DE-RESIDUOS-RECICLABLES-IMG_1154.jpg",1600,1200,false],"newsever-slider-full":["https:\/\/wp.uaslp.mx\/noticias\/wp-content\/uploads\/sites\/5\/2022\/08\/01-ACOPIO-DE-RESIDUOS-RECICLABLES-IMG_1154-1280x845.jpg",1280,845,true],"newsever-featured":["https:\/\/wp.uaslp.mx\/noticias\/wp-content\/uploads\/sites\/5\/2022\/08\/01-ACOPIO-DE-RESIDUOS-RECICLABLES-IMG_1154-1024x768.jpg",1024,768,true],"newsever-medium":["https:\/\/wp.uaslp.mx\/noticias\/wp-content\/uploads\/sites\/5\/2022\/08\/01-ACOPIO-DE-RESIDUOS-RECICLABLES-IMG_1154-720x475.jpg",720,475,true],"mailpoet_newsletter_max":["https:\/\/wp.uaslp.mx\/noticias\/wp-content\/uploads\/sites\/5\/2022\/08\/01-ACOPIO-DE-RESIDUOS-RECICLABLES-IMG_1154-1320x990.jpg",1320,990,true]},"author_info":{"display_name":"Prensa y difusi\u00f3n","author_link":"https:\/\/wp.uaslp.mx\/noticias\/author\/monzy\/"},"category_info":"<a href=\"https:\/\/wp.uaslp.mx\/noticias\/category\/comunidad\/\" rel=\"category tag\">Comunidad<\/a>","tag_info":"Comunidad","comment_count":"0","_links":{"self":[{"href":"https:\/\/wp.uaslp.mx\/noticias\/wp-json\/wp\/v2\/posts\/4779","targetHints":{"allow":["GET"]}}],"collection":[{"href":"https:\/\/wp.uaslp.mx\/noticias\/wp-json\/wp\/v2\/posts"}],"about":[{"href":"https:\/\/wp.uaslp.mx\/noticias\/wp-json\/wp\/v2\/types\/post"}],"author":[{"embeddable":true,"href":"https:\/\/wp.uaslp.mx\/noticias\/wp-json\/wp\/v2\/users\/5"}],"replies":[{"embeddable":true,"href":"https:\/\/wp.uaslp.mx\/noticias\/wp-json\/wp\/v2\/comments?post=4779"}],"version-history":[{"count":0,"href":"https:\/\/wp.uaslp.mx\/noticias\/wp-json\/wp\/v2\/posts\/4779\/revisions"}],"wp:featuredmedia":[{"embeddable":true,"href":"https:\/\/wp.uaslp.mx\/noticias\/wp-json\/wp\/v2\/media\/4777"}],"wp:attachment":[{"href":"https:\/\/wp.uaslp.mx\/noticias\/wp-json\/wp\/v2\/media?parent=4779"}],"wp:term":[{"taxonomy":"category","embeddable":true,"href":"https:\/\/wp.uaslp.mx\/noticias\/wp-json\/wp\/v2\/categories?post=4779"},{"taxonomy":"post_tag","embeddable":true,"href":"https:\/\/wp.uaslp.mx\/noticias\/wp-json\/wp\/v2\/tags?post=4779"}],"curies":[{"name":"wp","href":"https:\/\/api.w.org\/{rel}","templated":true}]}}