{"id":4698,"date":"2022-07-25T12:37:54","date_gmt":"2022-07-25T17:37:54","guid":{"rendered":"https:\/\/www.noticiasuaslp.com\/?p=4698"},"modified":"2022-07-25T12:37:54","modified_gmt":"2022-07-25T17:37:54","slug":"facultad-del-habitat-de-la-uaslp-concluye-proyecto-de-conservacion-de-la-cartela-del-templo-de-nuestra-senora-del-carmen%ef%bf%bc","status":"publish","type":"post","link":"https:\/\/wp.uaslp.mx\/noticias\/academica\/facultad-del-habitat-de-la-uaslp-concluye-proyecto-de-conservacion-de-la-cartela-del-templo-de-nuestra-senora-del-carmen%ef%bf%bc\/","title":{"rendered":"Facultad del H\u00e1bitat concluye proyecto de conservaci\u00f3n de la Cartela del Templo de nuestra se\u00f1ora del Carmen"},"content":{"rendered":"\n<p><\/p>\n\n\n<p>El Mtro. Andr\u00e9s Zuccolotto Villalobos, profesor del Taller de Pintura Mural de la <a rel=\"noreferrer noopener\" href=\"https:\/\/habitat.uaslp.mx\/ProgramasAcademicos\/Detalle\/68#gsc.tab=0\" target=\"_blank\">Licenciatura en Conservaci\u00f3n y Restauraci\u00f3n de Bienes Culturales Muebles<\/a> (LCRBCM) que se imparte en la <a rel=\"noreferrer noopener\" href=\"https:\/\/habitat.uaslp.mx\/#gsc.tab=0\" target=\"_blank\">Facultad del H\u00e1bitat <\/a>, anunci\u00f3 que dio por concluido el proyecto de conservaci\u00f3n de la Cartela del <a href=\"https:\/\/centrohistoricoslp.com\/templo-del-carmen\/\" target=\"_blank\" rel=\"noreferrer noopener\">Templo de nuestra se\u00f1ora de El Carmen<\/a>, en la capital potosina.<\/p>\n\n\n<p>Dijo que en los trabajos se cont\u00f3 con la participaci\u00f3n de tres estudiantes de noveno semestre de la  <a href=\"https:\/\/habitat.uaslp.mx\/ProgramasAcademicos\/Detalle\/68#gsc.tab=0\" target=\"_blank\" rel=\"noreferrer noopener\">LCRBCM<\/a> Liliana Rodr\u00edguez Moreno, Alfredo de Jes\u00fas Delgadillo Garc\u00eda, y Jes\u00fas Abraham Guajardo Flores; y en la temporada anterior, la alumna Ana Luc\u00eda Chevaile \u00c1lvarez.<\/p>\n\n\n<p>Record\u00f3 que en el 2020 iniciaron los preparativos, los cuales se detuvieron por la pandemia del Covid-19; en 2021, se retom\u00f3 el proyecto, para ese momento la Cartela ten\u00eda un estado de deterioro cr\u00edtico y hab\u00eda el peligro que por temporada de lluvias cayeran los fragmento, entonces se decidi\u00f3 iniciar procesos para que quedar\u00e1 adherida.<\/p>\n\n\n<p>Fue en el mes de marzo del 2021 que inici\u00f3 el proyecto de estabilizaci\u00f3n, consist\u00eda en hacer un velado con papel japon\u00e9s para que no cayera la cartela y el mural, se inyect\u00f3 un adhesivo para mantenerlo adherido, despu\u00e9s de este proceso se hicieron resanes en los orificios donde justamente pod\u00eda entrar el agua; se inici\u00f3 con la limpieza del mural, y nuevamente se detuvo el proyecto por cuestiones del Covid.<\/p>\n\n\n<p>\u201cDespu\u00e9s de eso y hasta la fecha se retom\u00f3 el proyecto, que ya contaba con el favorecimiento de la estabilidad del objeto, faltaba resolver la parte est\u00e9tica, en este caso sumamente importante porque marca la fecha de finalizaci\u00f3n de construcci\u00f3n de la torre. Ahora se va a agregar color en las zonas donde se hab\u00eda perdido, sobre todo en las letras de color negro para que se pueda leer completa la inscripci\u00f3n\u201d.<\/p>\n\n\n<p>Algunas letras desaparecieron y por instrucciones del <a href=\"https:\/\/sic.gob.mx\/ficha.php?table=centro_investigacion_artistica&amp;table_id=115\" target=\"_blank\" rel=\"noreferrer noopener\">INAH<\/a> no se reintegraron. A este proyecto se le puso el nombre de Cartela, porque as\u00ed se le conoce al peque\u00f1o mural que hace alusi\u00f3n a un papel desdoblado, en este caso se marca la fecha en que se termin\u00f3 de construir la torre, 24 de noviembre de 1767.<\/p>\n\n\n<p>La Cartela se encuentra en la torre del lado derecho del <a href=\"https:\/\/centrohistoricoslp.com\/templo-del-carmen\/\" target=\"_blank\" rel=\"noreferrer noopener\">templo del Carmen<\/a>, y solo existe una, \u201cen realidad estaba pintada, pero esto se perdi\u00f3 con el tiempo, aun se pueden apreciar restos de pilastras con su capitel y alrededor del \u00f3culo restos de pintura mural. Era importante devolver la cartela con la identificaci\u00f3n de la fecha de construcci\u00f3n de la torre\u201d.<\/p>\n\n\n<p>Dicho trabajo se realiz\u00f3 en conjunto con el<a rel=\"noreferrer noopener\" href=\"https:\/\/sic.gob.mx\/ficha.php?table=centro_investigacion_artistica&amp;table_id=115\" target=\"_blank\"> Instituto Nacional de Antropolog\u00eda e Historia <\/a> y el apoyo de la Unidad de Gesti\u00f3n del Centro Hist\u00f3rico de San Luis Potos\u00ed, al considerarlo como un proyecto importante para recuperar algo que ya se daba por perdido y desconocido.<\/p>\n","protected":false},"excerpt":{"rendered":"<p>El Mtro. Andr\u00e9s Zuccolotto Villalobos, profesor del Taller de Pintura Mural de la Licenciatura en&#8230;<\/p>\n","protected":false},"author":5,"featured_media":4700,"comment_status":"closed","ping_status":"closed","sticky":false,"template":"","format":"standard","meta":{"pgc_sgb_lightbox_settings":"","footnotes":""},"categories":[2],"tags":[195,577],"class_list":["post-4698","post","type-post","status-publish","format-standard","has-post-thumbnail","hentry","category-academica","tag-convenio","tag-proyecto"],"featured_image_urls":{"full":["https:\/\/wp.uaslp.mx\/noticias\/wp-content\/uploads\/sites\/5\/2022\/07\/Restauracio\u0301ncarteladelCarmen.jpg",1800,1200,false],"thumbnail":["https:\/\/wp.uaslp.mx\/noticias\/wp-content\/uploads\/sites\/5\/2022\/07\/Restauracio\u0301ncarteladelCarmen-150x150.jpg",150,150,true],"medium":["https:\/\/wp.uaslp.mx\/noticias\/wp-content\/uploads\/sites\/5\/2022\/07\/Restauracio\u0301ncarteladelCarmen-1024x683.jpg",1024,683,true],"medium_large":["https:\/\/wp.uaslp.mx\/noticias\/wp-content\/uploads\/sites\/5\/2022\/07\/Restauracio\u0301ncarteladelCarmen-768x512.jpg",640,427,true],"large":["https:\/\/wp.uaslp.mx\/noticias\/wp-content\/uploads\/sites\/5\/2022\/07\/Restauracio\u0301ncarteladelCarmen.jpg",1800,1200,false],"1536x1536":["https:\/\/wp.uaslp.mx\/noticias\/wp-content\/uploads\/sites\/5\/2022\/07\/Restauracio\u0301ncarteladelCarmen-1536x1024.jpg",1536,1024,true],"2048x2048":["https:\/\/wp.uaslp.mx\/noticias\/wp-content\/uploads\/sites\/5\/2022\/07\/Restauracio\u0301ncarteladelCarmen.jpg",1800,1200,false],"newsever-slider-full":["https:\/\/wp.uaslp.mx\/noticias\/wp-content\/uploads\/sites\/5\/2022\/07\/Restauracio\u0301ncarteladelCarmen-1280x845.jpg",1280,845,true],"newsever-featured":["https:\/\/wp.uaslp.mx\/noticias\/wp-content\/uploads\/sites\/5\/2022\/07\/Restauracio\u0301ncarteladelCarmen-1024x683.jpg",1024,683,true],"newsever-medium":["https:\/\/wp.uaslp.mx\/noticias\/wp-content\/uploads\/sites\/5\/2022\/07\/Restauracio\u0301ncarteladelCarmen-720x475.jpg",720,475,true],"mailpoet_newsletter_max":["https:\/\/wp.uaslp.mx\/noticias\/wp-content\/uploads\/sites\/5\/2022\/07\/Restauracio\u0301ncarteladelCarmen-1320x880.jpg",1320,880,true]},"author_info":{"display_name":"Prensa y difusi\u00f3n","author_link":"https:\/\/wp.uaslp.mx\/noticias\/author\/monzy\/"},"category_info":"<a href=\"https:\/\/wp.uaslp.mx\/noticias\/category\/academica\/\" rel=\"category tag\">Acad\u00e9mica<\/a>","tag_info":"Acad\u00e9mica","comment_count":"0","_links":{"self":[{"href":"https:\/\/wp.uaslp.mx\/noticias\/wp-json\/wp\/v2\/posts\/4698","targetHints":{"allow":["GET"]}}],"collection":[{"href":"https:\/\/wp.uaslp.mx\/noticias\/wp-json\/wp\/v2\/posts"}],"about":[{"href":"https:\/\/wp.uaslp.mx\/noticias\/wp-json\/wp\/v2\/types\/post"}],"author":[{"embeddable":true,"href":"https:\/\/wp.uaslp.mx\/noticias\/wp-json\/wp\/v2\/users\/5"}],"replies":[{"embeddable":true,"href":"https:\/\/wp.uaslp.mx\/noticias\/wp-json\/wp\/v2\/comments?post=4698"}],"version-history":[{"count":0,"href":"https:\/\/wp.uaslp.mx\/noticias\/wp-json\/wp\/v2\/posts\/4698\/revisions"}],"wp:featuredmedia":[{"embeddable":true,"href":"https:\/\/wp.uaslp.mx\/noticias\/wp-json\/wp\/v2\/media\/4700"}],"wp:attachment":[{"href":"https:\/\/wp.uaslp.mx\/noticias\/wp-json\/wp\/v2\/media?parent=4698"}],"wp:term":[{"taxonomy":"category","embeddable":true,"href":"https:\/\/wp.uaslp.mx\/noticias\/wp-json\/wp\/v2\/categories?post=4698"},{"taxonomy":"post_tag","embeddable":true,"href":"https:\/\/wp.uaslp.mx\/noticias\/wp-json\/wp\/v2\/tags?post=4698"}],"curies":[{"name":"wp","href":"https:\/\/api.w.org\/{rel}","templated":true}]}}