{"id":4691,"date":"2022-07-22T15:00:43","date_gmt":"2022-07-22T20:00:43","guid":{"rendered":"https:\/\/www.noticiasuaslp.com\/?p=4691"},"modified":"2022-07-22T15:00:43","modified_gmt":"2022-07-22T20:00:43","slug":"la-facultad-de-agronomia-y-veterinaria-eje-de-vinculacion-entre-la-comunidad-y-la-academia-dr-heriberto-mendez-cortes","status":"publish","type":"post","link":"https:\/\/wp.uaslp.mx\/noticias\/comunidad\/la-facultad-de-agronomia-y-veterinaria-eje-de-vinculacion-entre-la-comunidad-y-la-academia-dr-heriberto-mendez-cortes\/","title":{"rendered":"\u201cLa Facultad de Agronom\u00eda y Veterinaria, eje de vinculaci\u00f3n entre la comunidad y la academia\u201d: Dr. Heriberto M\u00e9ndez Cort\u00e9s"},"content":{"rendered":"\n<p>A lo largo de los 50 a\u00f1os de creaci\u00f3n de la <a rel=\"noreferrer noopener\" href=\"https:\/\/www.agronomia.uaslp.mx\/#gsc.tab=0\" target=\"_blank\">Facultad de Agronom\u00eda y Veterinaria<\/a>,  se ha convertido en un eje de vinculaci\u00f3n entre esta comunidad acad\u00e9mica y la sociedad, principalmente para la comunidad de Palma de la Cruz, afirm\u00f3 el doctor Heriberto M\u00e9ndez Cort\u00e9s.<\/p>\n\n\n<p>El director de la <a href=\"https:\/\/www.agronomia.uaslp.mx\/#gsc.tab=0\" target=\"_blank\" rel=\"noreferrer noopener\">Facultad<\/a> destac\u00f3 el impulso que ha dado a la comunidad de Palma de la Cruz, durante ese tiempo, \u201ca 50 a\u00f1os de la creaci\u00f3n de la ahora <a href=\"https:\/\/www.agronomia.uaslp.mx\/#gsc.tab=0\" target=\"_blank\" rel=\"noreferrer noopener\">Facultad<\/a>, ha sido un semillero para las personas de esta comunidad, ya que dentro del personal administrativo contamos con alrededor del 60 por ciento de trabajadores que son originarios de esta comunidad\u201d.<\/p>\n\n\n<p>Dijo que tambi\u00e9n se ha detonado en el desarrollo comercial, no solo de las ya famosas gorditas de Palma de la Cruz, sino tambi\u00e9n de los peque\u00f1os comercios locales que han sido un factor de desarrollo.<\/p>\n\n\n<p>Explic\u00f3 que hay varios proyectos en los que se est\u00e1 trabajando tanto con el <a href=\"https:\/\/www.municipiosoledad.gob.mx\/\" target=\"_blank\" rel=\"noreferrer noopener\">gobierno municipal de Soledad de Graciano S\u00e1nchez<\/a> como con el <a href=\"https:\/\/slp.gob.mx\/sitionuevo\/Paginas\/Inicio.aspx\" target=\"_blank\" rel=\"noreferrer noopener\">gobierno estatal<\/a>, \u201cpor ejemplo, hay un proyecto con el ejido de La Tinaja, en donde la <a href=\"https:\/\/www.agronomia.uaslp.mx\/#gsc.tab=0\" target=\"_blank\" rel=\"noreferrer noopener\">Facultad<\/a> es parte importante para los estudios de la calidad del agua, aunque hay varios m\u00e1s que han contado con el apoyo de la <a href=\"https:\/\/www.agronomia.uaslp.mx\/#gsc.tab=0\" target=\"_blank\" rel=\"noreferrer noopener\">Facultad<\/a> y en donde la vinculaci\u00f3n con los gobiernos de los diferentes niveles ha sido fundamental\u201d.<\/p>\n\n\n<p>El doctor Heriberto M\u00e9ndez coment\u00f3 que desde el punto de vista social, la <a href=\"https:\/\/www.agronomia.uaslp.mx\/#gsc.tab=0\" target=\"_blank\" rel=\"noreferrer noopener\">Facultad<\/a> ha sido un semillero de talentos, impulsando el desarrollo profesional de las \u00e1reas agron\u00f3micas.<\/p>\n\n\n<p>\u201cA nivel gubernamental y municipal, hemos apoyado con estudios ambientales y agron\u00f3micos para fortalecer las labores de cada dependencia; tambi\u00e9n hemos sido un lugar de capacitaci\u00f3n y talleres para mejorar el entorno\u201d.<\/p>\n\n\n<p>Por otra parte, manifest\u00f3 que el desarrollo agropecuario que tiene San Luis Potos\u00ed est\u00e1 correlacionado con la <a href=\"https:\/\/www.agronomia.uaslp.mx\/#gsc.tab=0\" target=\"_blank\" rel=\"noreferrer noopener\">Facultad de Agronom\u00eda<\/a>, de manera directa o indirecta, \u201chemos impulsado profesionales en varios niveles, que se siguen posicionando para la toma de decisiones, y con el sector educativo hemos tenido una gran vinculaci\u00f3n; desde preescolar hasta la licenciatura.<\/p>\n","protected":false},"excerpt":{"rendered":"<p>A lo largo de los 50 a\u00f1os de creaci\u00f3n de la Facultad de Agronom\u00eda y&#8230;<\/p>\n","protected":false},"author":5,"featured_media":4695,"comment_status":"closed","ping_status":"closed","sticky":false,"template":"","format":"standard","meta":{"pgc_sgb_lightbox_settings":"","footnotes":""},"categories":[5],"tags":[42,318],"class_list":["post-4691","post","type-post","status-publish","format-standard","has-post-thumbnail","hentry","category-comunidad","tag-aniversario","tag-fav"],"featured_image_urls":{"full":["https:\/\/wp.uaslp.mx\/noticias\/wp-content\/uploads\/sites\/5\/2022\/07\/05-20-2022-FACULTAD-DE-AGRONOMIA-DSC_7862.jpg",1800,1200,false],"thumbnail":["https:\/\/wp.uaslp.mx\/noticias\/wp-content\/uploads\/sites\/5\/2022\/07\/05-20-2022-FACULTAD-DE-AGRONOMIA-DSC_7862-150x150.jpg",150,150,true],"medium":["https:\/\/wp.uaslp.mx\/noticias\/wp-content\/uploads\/sites\/5\/2022\/07\/05-20-2022-FACULTAD-DE-AGRONOMIA-DSC_7862-1024x683.jpg",1024,683,true],"medium_large":["https:\/\/wp.uaslp.mx\/noticias\/wp-content\/uploads\/sites\/5\/2022\/07\/05-20-2022-FACULTAD-DE-AGRONOMIA-DSC_7862-768x512.jpg",640,427,true],"large":["https:\/\/wp.uaslp.mx\/noticias\/wp-content\/uploads\/sites\/5\/2022\/07\/05-20-2022-FACULTAD-DE-AGRONOMIA-DSC_7862.jpg",1800,1200,false],"1536x1536":["https:\/\/wp.uaslp.mx\/noticias\/wp-content\/uploads\/sites\/5\/2022\/07\/05-20-2022-FACULTAD-DE-AGRONOMIA-DSC_7862-1536x1024.jpg",1536,1024,true],"2048x2048":["https:\/\/wp.uaslp.mx\/noticias\/wp-content\/uploads\/sites\/5\/2022\/07\/05-20-2022-FACULTAD-DE-AGRONOMIA-DSC_7862.jpg",1800,1200,false],"newsever-slider-full":["https:\/\/wp.uaslp.mx\/noticias\/wp-content\/uploads\/sites\/5\/2022\/07\/05-20-2022-FACULTAD-DE-AGRONOMIA-DSC_7862-1280x845.jpg",1280,845,true],"newsever-featured":["https:\/\/wp.uaslp.mx\/noticias\/wp-content\/uploads\/sites\/5\/2022\/07\/05-20-2022-FACULTAD-DE-AGRONOMIA-DSC_7862-1024x683.jpg",1024,683,true],"newsever-medium":["https:\/\/wp.uaslp.mx\/noticias\/wp-content\/uploads\/sites\/5\/2022\/07\/05-20-2022-FACULTAD-DE-AGRONOMIA-DSC_7862-720x475.jpg",720,475,true],"mailpoet_newsletter_max":["https:\/\/wp.uaslp.mx\/noticias\/wp-content\/uploads\/sites\/5\/2022\/07\/05-20-2022-FACULTAD-DE-AGRONOMIA-DSC_7862-1320x880.jpg",1320,880,true]},"author_info":{"display_name":"Prensa y difusi\u00f3n","author_link":"https:\/\/wp.uaslp.mx\/noticias\/author\/monzy\/"},"category_info":"<a href=\"https:\/\/wp.uaslp.mx\/noticias\/category\/comunidad\/\" rel=\"category tag\">Comunidad<\/a>","tag_info":"Comunidad","comment_count":"0","_links":{"self":[{"href":"https:\/\/wp.uaslp.mx\/noticias\/wp-json\/wp\/v2\/posts\/4691","targetHints":{"allow":["GET"]}}],"collection":[{"href":"https:\/\/wp.uaslp.mx\/noticias\/wp-json\/wp\/v2\/posts"}],"about":[{"href":"https:\/\/wp.uaslp.mx\/noticias\/wp-json\/wp\/v2\/types\/post"}],"author":[{"embeddable":true,"href":"https:\/\/wp.uaslp.mx\/noticias\/wp-json\/wp\/v2\/users\/5"}],"replies":[{"embeddable":true,"href":"https:\/\/wp.uaslp.mx\/noticias\/wp-json\/wp\/v2\/comments?post=4691"}],"version-history":[{"count":0,"href":"https:\/\/wp.uaslp.mx\/noticias\/wp-json\/wp\/v2\/posts\/4691\/revisions"}],"wp:featuredmedia":[{"embeddable":true,"href":"https:\/\/wp.uaslp.mx\/noticias\/wp-json\/wp\/v2\/media\/4695"}],"wp:attachment":[{"href":"https:\/\/wp.uaslp.mx\/noticias\/wp-json\/wp\/v2\/media?parent=4691"}],"wp:term":[{"taxonomy":"category","embeddable":true,"href":"https:\/\/wp.uaslp.mx\/noticias\/wp-json\/wp\/v2\/categories?post=4691"},{"taxonomy":"post_tag","embeddable":true,"href":"https:\/\/wp.uaslp.mx\/noticias\/wp-json\/wp\/v2\/tags?post=4691"}],"curies":[{"name":"wp","href":"https:\/\/api.w.org\/{rel}","templated":true}]}}