{"id":4437,"date":"2022-07-01T18:59:54","date_gmt":"2022-07-01T23:59:54","guid":{"rendered":"https:\/\/www.noticiasuaslp.com\/?p=4437"},"modified":"2022-07-01T18:59:54","modified_gmt":"2022-07-01T23:59:54","slug":"celebra-el-sat-25-aniversario-de-fundacion-con-ceremonia-en-el-auditorio-rafael-nieto","status":"publish","type":"post","link":"https:\/\/wp.uaslp.mx\/noticias\/gobierno\/celebra-el-sat-25-aniversario-de-fundacion-con-ceremonia-en-el-auditorio-rafael-nieto\/","title":{"rendered":"Celebra el  SAT 25 aniversario de fundaci\u00f3n con ceremonia en el Auditorio Rafael Nieto"},"content":{"rendered":"\n<p>El <a rel=\"noreferrer noopener\" href=\"https:\/\/www.sat.gob.mx\/home\" target=\"_blank\">Servicio de Administraci\u00f3n Tributaria (SAT)<\/a> realiz\u00f3 en el Auditorio Rafael Nieto de esta Universidad la ceremonia de conmemoraci\u00f3n por el vig\u00e9simo quinto aniversario y develaci\u00f3n de placa, en un acto atestiguado por funcionarios de la instituci\u00f3n y dependencias estatales, as\u00ed como por trabajadores.<\/p>\n\n\n<p>En su mensaje a la comunidad del <a rel=\"noreferrer noopener\" href=\"https:\/\/www.sat.gob.mx\/home\" target=\"_blank\">SAT<\/a>, el rector, Dr. Alejandro Javier Zerme\u00f1o Guerra, agradeci\u00f3 al <a href=\"https:\/\/www.sat.gob.mx\/home\" target=\"_blank\" rel=\"noreferrer noopener\">Servicio de Administraci\u00f3n Tributaria<\/a> por permitir participar en el vig\u00e9simo quinto aniversario de la instituci\u00f3n y destac\u00f3 que las instituciones como el <a href=\"https:\/\/www.sat.gob.mx\/home\" target=\"_blank\" rel=\"noreferrer noopener\">SAT<\/a> deben tener un fin de beneficio para la sociedad.<\/p>\n\n\n<p>Expres\u00f3 que es un asunto de prioridad para el desarrollo del pa\u00eds, y la buena labor que se realiza con su trabajo, lo cual repercute para muchas instituciones, \u201cen este caso las de educaci\u00f3n superior recibimos recursos federales y ustedes han gestionado que lleguen a las arcas y puedan ser reintegrados a nosotros, esto se traduce en un beneficio social\u201d.<\/p>\n\n\n<p>El Dr. Alfonso del Real L\u00f3pez, administrador desconcentrador del <a rel=\"noreferrer noopener\" href=\"https:\/\/www.sat.gob.mx\/home\" target=\"_blank\">SAT<\/a>, manifest\u00f3 que festejar 25 a\u00f1os a nivel nacional conlleva un gran compromiso de responsabilidad por parte de los trabajadores. Subray\u00f3 que el trabajo realizado en el <a href=\"https:\/\/www.sat.gob.mx\/home\" target=\"_blank\" rel=\"noreferrer noopener\">SAT<\/a> es gracias a la entrega de su capital humano y se inserta en una de las cuatro funciones b\u00e1sicas de un estado, \u201cSin duda, somos un pilar para el pa\u00eds\u201d.<\/p>\n\n\n<p>La Lic. Cecilia Sandoval Y\u00e9pez, secretaria de organizaci\u00f3n del Sindicato Nacional de Trabajadores y Aduanas, mencion\u00f3 que la ceremonia se program\u00f3 de manera simult\u00e1nea en el pa\u00eds con el prop\u00f3sito de celebrar el vig\u00e9simo quinto aniversario.<\/p>\n\n\n<p>\u201cRepresenta para nosotros un gran orgullo formar parte de la comunidad <a href=\"https:\/\/www.sat.gob.mx\/home\" target=\"_blank\" rel=\"noreferrer noopener\">SAT<\/a>, integrada por 26 mil personas; hemos sido testigos de la evoluci\u00f3n, desarrollo tecnol\u00f3gico y administrativo de muchos servidores p\u00fablicos\u201d.<\/p>\n\n\n<p>Finalmente, el secretario de <a rel=\"noreferrer noopener\" href=\"https:\/\/slp.gob.mx\/finanzas\/Paginas\/Inicio.aspx\" target=\"_blank\">Finanzas de Gobierno del Estado<\/a>, Lic. Jes\u00fas Salvador Mart\u00ednez Gonz\u00e1lez, record\u00f3 que desde el a\u00f1o de 1997, el <a rel=\"noreferrer noopener\" href=\"https:\/\/www.sat.gob.mx\/home\" target=\"_blank\">SAT<\/a> se cre\u00f3 en el pa\u00eds con el objetivo de crecer y desarrollar, para ello ha sido fundamental la coordinaci\u00f3n con las entidades federativas en materia de fiscalizaci\u00f3n, recaudaci\u00f3n y combate a la corrupci\u00f3n.<\/p>\n\n\n<p>Dijo que como funcionarios p\u00fablicos de la <a href=\"https:\/\/slp.gob.mx\/finanzas\/Paginas\/Inicio.aspx\" target=\"_blank\" rel=\"noreferrer noopener\">Secretar\u00eda de Finanzas<\/a> representa un honor colaborar con dicha instituci\u00f3n.<\/p>\n","protected":false},"excerpt":{"rendered":"<p>El Servicio de Administraci\u00f3n Tributaria (SAT) realiz\u00f3 en el Auditorio Rafael Nieto de esta Universidad&#8230;<\/p>\n","protected":false},"author":5,"featured_media":4436,"comment_status":"closed","ping_status":"closed","sticky":false,"template":"","format":"standard","meta":{"pgc_sgb_lightbox_settings":"","footnotes":""},"categories":[9],"tags":[42,785],"class_list":["post-4437","post","type-post","status-publish","format-standard","has-post-thumbnail","hentry","category-gobierno","tag-aniversario","tag-sat"],"featured_image_urls":{"full":["https:\/\/wp.uaslp.mx\/noticias\/wp-content\/uploads\/sites\/5\/2022\/07\/25-an\u0303os-SAT-Ceremonia.jpg",1800,1200,false],"thumbnail":["https:\/\/wp.uaslp.mx\/noticias\/wp-content\/uploads\/sites\/5\/2022\/07\/25-an\u0303os-SAT-Ceremonia-150x150.jpg",150,150,true],"medium":["https:\/\/wp.uaslp.mx\/noticias\/wp-content\/uploads\/sites\/5\/2022\/07\/25-an\u0303os-SAT-Ceremonia-1024x683.jpg",1024,683,true],"medium_large":["https:\/\/wp.uaslp.mx\/noticias\/wp-content\/uploads\/sites\/5\/2022\/07\/25-an\u0303os-SAT-Ceremonia-768x512.jpg",640,427,true],"large":["https:\/\/wp.uaslp.mx\/noticias\/wp-content\/uploads\/sites\/5\/2022\/07\/25-an\u0303os-SAT-Ceremonia.jpg",1800,1200,false],"1536x1536":["https:\/\/wp.uaslp.mx\/noticias\/wp-content\/uploads\/sites\/5\/2022\/07\/25-an\u0303os-SAT-Ceremonia-1536x1024.jpg",1536,1024,true],"2048x2048":["https:\/\/wp.uaslp.mx\/noticias\/wp-content\/uploads\/sites\/5\/2022\/07\/25-an\u0303os-SAT-Ceremonia.jpg",1800,1200,false],"newsever-slider-full":["https:\/\/wp.uaslp.mx\/noticias\/wp-content\/uploads\/sites\/5\/2022\/07\/25-an\u0303os-SAT-Ceremonia-1280x845.jpg",1280,845,true],"newsever-featured":["https:\/\/wp.uaslp.mx\/noticias\/wp-content\/uploads\/sites\/5\/2022\/07\/25-an\u0303os-SAT-Ceremonia-1024x683.jpg",1024,683,true],"newsever-medium":["https:\/\/wp.uaslp.mx\/noticias\/wp-content\/uploads\/sites\/5\/2022\/07\/25-an\u0303os-SAT-Ceremonia-720x475.jpg",720,475,true],"mailpoet_newsletter_max":["https:\/\/wp.uaslp.mx\/noticias\/wp-content\/uploads\/sites\/5\/2022\/07\/25-an\u0303os-SAT-Ceremonia-1320x880.jpg",1320,880,true]},"author_info":{"display_name":"Prensa y difusi\u00f3n","author_link":"https:\/\/wp.uaslp.mx\/noticias\/author\/monzy\/"},"category_info":"<a href=\"https:\/\/wp.uaslp.mx\/noticias\/category\/gobierno\/\" rel=\"category tag\">Gobierno<\/a>","tag_info":"Gobierno","comment_count":"0","_links":{"self":[{"href":"https:\/\/wp.uaslp.mx\/noticias\/wp-json\/wp\/v2\/posts\/4437","targetHints":{"allow":["GET"]}}],"collection":[{"href":"https:\/\/wp.uaslp.mx\/noticias\/wp-json\/wp\/v2\/posts"}],"about":[{"href":"https:\/\/wp.uaslp.mx\/noticias\/wp-json\/wp\/v2\/types\/post"}],"author":[{"embeddable":true,"href":"https:\/\/wp.uaslp.mx\/noticias\/wp-json\/wp\/v2\/users\/5"}],"replies":[{"embeddable":true,"href":"https:\/\/wp.uaslp.mx\/noticias\/wp-json\/wp\/v2\/comments?post=4437"}],"version-history":[{"count":0,"href":"https:\/\/wp.uaslp.mx\/noticias\/wp-json\/wp\/v2\/posts\/4437\/revisions"}],"wp:featuredmedia":[{"embeddable":true,"href":"https:\/\/wp.uaslp.mx\/noticias\/wp-json\/wp\/v2\/media\/4436"}],"wp:attachment":[{"href":"https:\/\/wp.uaslp.mx\/noticias\/wp-json\/wp\/v2\/media?parent=4437"}],"wp:term":[{"taxonomy":"category","embeddable":true,"href":"https:\/\/wp.uaslp.mx\/noticias\/wp-json\/wp\/v2\/categories?post=4437"},{"taxonomy":"post_tag","embeddable":true,"href":"https:\/\/wp.uaslp.mx\/noticias\/wp-json\/wp\/v2\/tags?post=4437"}],"curies":[{"name":"wp","href":"https:\/\/api.w.org\/{rel}","templated":true}]}}