{"id":4431,"date":"2022-07-01T14:38:12","date_gmt":"2022-07-01T19:38:12","guid":{"rendered":"https:\/\/www.noticiasuaslp.com\/?p=4431"},"modified":"2022-07-01T14:38:12","modified_gmt":"2022-07-01T19:38:12","slug":"las-ies-son-la-parte-critica-del-pais-y-como-tal-debemos-ser-proactivas-mtra-maria-elena-barrera-bustillos","status":"publish","type":"post","link":"https:\/\/wp.uaslp.mx\/noticias\/academica\/las-ies-son-la-parte-critica-del-pais-y-como-tal-debemos-ser-proactivas-mtra-maria-elena-barrera-bustillos\/","title":{"rendered":"&#8220;Las IES son la parte cr\u00edtica del pa\u00eds, y como tal debemos ser proactivas\u201d: Mtra. Mar\u00eda Elena Barrera Bustillos\u00a0"},"content":{"rendered":"\n<p>Esta Universidad, a trav\u00e9s de la Secretar\u00eda Acad\u00e9mica, llev\u00f3 a cabo la conferencia \u201cRetos del Sistema Nacional de Evaluaci\u00f3n y Acreditaci\u00f3n para las IES\u201d, impartida por la maestra Mar\u00eda Elena Barrera Bustillos, ex directora del <a href=\"https:\/\/cacei.org.mx\/\" target=\"_blank\" rel=\"noreferrer noopener\">Consejo de Acreditaci\u00f3n de la Ense\u00f1anza de la Ingenier\u00eda, A.C. (CACEI)<\/a>.<\/p>\n\n\n<p>En el Auditorio de la Unidad de Posgrados de esta casa de estudios, el maestro Jorge Alberto P\u00e9rez Gonz\u00e1lez, secretario acad\u00e9mico de la Instituci\u00f3n, destac\u00f3 la importancia de esta conferencia, dado que el a\u00f1o pasado fue aprobada la Ley General de Educaci\u00f3n Superior, \u201cpor lo que esta conferencia reviste de gran importancia para poder trabajar en materia de evaluaci\u00f3n y acreditaci\u00f3n de la educaci\u00f3n superior\u201d.<\/p>\n\n\n<p>Al inicio de su conferencia, la maestra Mar\u00eda Elena Barrera se\u00f1al\u00f3 que las instituciones de educaci\u00f3n superior (IES) deben asumir una postura reflexiva y caminar hacia la transformaci\u00f3n de las instituciones y de la educaci\u00f3n superior que M\u00e9xico establece, \u201cde ah\u00ed que debemos ser proactivas al ser la parte cr\u00edtica del pa\u00eds\u201d.<\/p>\n\n\n<p>Indic\u00f3 que la educaci\u00f3n en M\u00e9xico tiene que estar en un proceso de transformaci\u00f3n, desde el preescolar hasta la educaci\u00f3n superior, siempre hacia la mejora continua, lo que implica el trabajo de todos. \u201cEl programa sectorial de la educaci\u00f3n superior 2024, establece y pone \u00e9nfasis en la evaluaci\u00f3n de los aprendizajes de los estudiantes y la mejora continua\u201d.<\/p>\n\n\n<p>Dijo que el sistema de evaluaci\u00f3n es un conjunto org\u00e1nico de autoridades educativas, federales y estatales; instituciones y organizaciones educativas e instancias de evaluaci\u00f3n y acreditaci\u00f3n, y todo eso con la finalidad de detectar aspectos para corregir y mejorar en el logro de la ense\u00f1anza, y eso incluye la mejora de los procesos, los programas, los acad\u00e9micos, \u201ces decir, detecci\u00f3n de aspectos para corregir y que incluye la evaluaci\u00f3n integral y sistem\u00e1tica\u201d.<\/p>\n\n\n<p>Finalmente, la maestra Mar\u00eda Elena Barrera Bustillos expres\u00f3 que con la Ley General de Educaci\u00f3n y el Sistema se buscan dise\u00f1ar e implementar pol\u00edticas que contribuyan al desarrollo, logro y transformaci\u00f3n de la educaci\u00f3n superior hacia la excelencia.<\/p>\n\n\n<p>En la conferencia estuvieron presentes el doctor Alejandro Javier Zerme\u00f1o Guerra, rector de esta universidad, quien estuvo acompa\u00f1ado por las y los directores de las entidades acad\u00e9micas universitarias. Al t\u00e9rmino de la misma, la maestra Mar\u00eda Elena Barrera recibi\u00f3 reconocimientos por parte de los planteles de Ciencias, Ingenier\u00eda y Ciencias Qu\u00edmicas.<\/p>\n","protected":false},"excerpt":{"rendered":"<p>Esta Universidad, a trav\u00e9s de la Secretar\u00eda Acad\u00e9mica, llev\u00f3 a cabo la conferencia \u201cRetos del&#8230;<\/p>\n","protected":false},"author":5,"featured_media":4430,"comment_status":"closed","ping_status":"closed","sticky":false,"template":"","format":"standard","meta":{"pgc_sgb_lightbox_settings":"","footnotes":""},"categories":[2],"tags":[179,296,392],"class_list":["post-4431","post","type-post","status-publish","format-standard","has-post-thumbnail","hentry","category-academica","tag-conferencia","tag-evaluacion","tag-ies"],"featured_image_urls":{"full":["https:\/\/wp.uaslp.mx\/noticias\/wp-content\/uploads\/sites\/5\/2022\/07\/Conferencia-Maria-Elena-Barrera.jpg",1800,1200,false],"thumbnail":["https:\/\/wp.uaslp.mx\/noticias\/wp-content\/uploads\/sites\/5\/2022\/07\/Conferencia-Maria-Elena-Barrera-150x150.jpg",150,150,true],"medium":["https:\/\/wp.uaslp.mx\/noticias\/wp-content\/uploads\/sites\/5\/2022\/07\/Conferencia-Maria-Elena-Barrera-1024x683.jpg",1024,683,true],"medium_large":["https:\/\/wp.uaslp.mx\/noticias\/wp-content\/uploads\/sites\/5\/2022\/07\/Conferencia-Maria-Elena-Barrera-768x512.jpg",640,427,true],"large":["https:\/\/wp.uaslp.mx\/noticias\/wp-content\/uploads\/sites\/5\/2022\/07\/Conferencia-Maria-Elena-Barrera.jpg",1800,1200,false],"1536x1536":["https:\/\/wp.uaslp.mx\/noticias\/wp-content\/uploads\/sites\/5\/2022\/07\/Conferencia-Maria-Elena-Barrera-1536x1024.jpg",1536,1024,true],"2048x2048":["https:\/\/wp.uaslp.mx\/noticias\/wp-content\/uploads\/sites\/5\/2022\/07\/Conferencia-Maria-Elena-Barrera.jpg",1800,1200,false],"newsever-slider-full":["https:\/\/wp.uaslp.mx\/noticias\/wp-content\/uploads\/sites\/5\/2022\/07\/Conferencia-Maria-Elena-Barrera-1280x845.jpg",1280,845,true],"newsever-featured":["https:\/\/wp.uaslp.mx\/noticias\/wp-content\/uploads\/sites\/5\/2022\/07\/Conferencia-Maria-Elena-Barrera-1024x683.jpg",1024,683,true],"newsever-medium":["https:\/\/wp.uaslp.mx\/noticias\/wp-content\/uploads\/sites\/5\/2022\/07\/Conferencia-Maria-Elena-Barrera-720x475.jpg",720,475,true],"mailpoet_newsletter_max":["https:\/\/wp.uaslp.mx\/noticias\/wp-content\/uploads\/sites\/5\/2022\/07\/Conferencia-Maria-Elena-Barrera-1320x880.jpg",1320,880,true]},"author_info":{"display_name":"Prensa y difusi\u00f3n","author_link":"https:\/\/wp.uaslp.mx\/noticias\/author\/monzy\/"},"category_info":"<a href=\"https:\/\/wp.uaslp.mx\/noticias\/category\/academica\/\" rel=\"category tag\">Acad\u00e9mica<\/a>","tag_info":"Acad\u00e9mica","comment_count":"0","_links":{"self":[{"href":"https:\/\/wp.uaslp.mx\/noticias\/wp-json\/wp\/v2\/posts\/4431","targetHints":{"allow":["GET"]}}],"collection":[{"href":"https:\/\/wp.uaslp.mx\/noticias\/wp-json\/wp\/v2\/posts"}],"about":[{"href":"https:\/\/wp.uaslp.mx\/noticias\/wp-json\/wp\/v2\/types\/post"}],"author":[{"embeddable":true,"href":"https:\/\/wp.uaslp.mx\/noticias\/wp-json\/wp\/v2\/users\/5"}],"replies":[{"embeddable":true,"href":"https:\/\/wp.uaslp.mx\/noticias\/wp-json\/wp\/v2\/comments?post=4431"}],"version-history":[{"count":0,"href":"https:\/\/wp.uaslp.mx\/noticias\/wp-json\/wp\/v2\/posts\/4431\/revisions"}],"wp:featuredmedia":[{"embeddable":true,"href":"https:\/\/wp.uaslp.mx\/noticias\/wp-json\/wp\/v2\/media\/4430"}],"wp:attachment":[{"href":"https:\/\/wp.uaslp.mx\/noticias\/wp-json\/wp\/v2\/media?parent=4431"}],"wp:term":[{"taxonomy":"category","embeddable":true,"href":"https:\/\/wp.uaslp.mx\/noticias\/wp-json\/wp\/v2\/categories?post=4431"},{"taxonomy":"post_tag","embeddable":true,"href":"https:\/\/wp.uaslp.mx\/noticias\/wp-json\/wp\/v2\/tags?post=4431"}],"curies":[{"name":"wp","href":"https:\/\/api.w.org\/{rel}","templated":true}]}}