{"id":4421,"date":"2022-06-29T16:00:00","date_gmt":"2022-06-29T21:00:00","guid":{"rendered":"https:\/\/www.noticiasuaslp.com\/?p=4421"},"modified":"2022-06-29T16:00:00","modified_gmt":"2022-06-29T21:00:00","slug":"inicio-el-xii-simposio-de-la-ensenanza-de-la-geografia-en-mexico-2022","status":"publish","type":"post","link":"https:\/\/wp.uaslp.mx\/noticias\/comunidad\/inicio-el-xii-simposio-de-la-ensenanza-de-la-geografia-en-mexico-2022\/","title":{"rendered":"Inici\u00f3 el XII Simposio de la Ense\u00f1anza de la Geograf\u00eda en M\u00e9xico 2022"},"content":{"rendered":"\n<p class=\"wp-block-paragraph\">Esta universidad, a trav\u00e9s de la Facultad de Ciencias Sociales y Humanidades, y con la presencia de catedr\u00e1ticos, investigadores y estudiantes de 18 universidades del pa\u00eds, llev\u00f3 a cabo la inauguraci\u00f3n del XII Simposio de la Ense\u00f1anza de la Geograf\u00eda en M\u00e9xico 2022. El evento tuvo lugar en el Auditorio \u201cRafael Nieto Compe\u00e1n\u201d del Edificio Central.<\/p>\n\n\n<p class=\"wp-block-paragraph\">El Simposio es organizado por la Sociedad Mexicana de Geograf\u00eda y Estad\u00edstica, el <a rel=\"noreferrer noopener\" href=\"https:\/\/www.igg.unam.mx\/geoigg\/\" target=\"_blank\">Instituto de Geograf\u00eda<\/a>, y la Facultad de Ciencias Sociales y Humanidades, y tiene la finalidad de conocer, dar a conocer y posicionar la importancia del estudio de la geograf\u00eda en nuestro pa\u00eds.<\/p>\n\n\n<p class=\"wp-block-paragraph\">En el pres\u00eddium estuvieron presentes el doctor Oscar Reyes P\u00e9rez, coordinador de la Licenciatura en Geograf\u00eda de esta universidad; maestra Flavia Tudela Rivadeneyra, coordinadora del Colegio de Geograf\u00eda de la Facultad de Filosof\u00eda y Letras de la UNAM; doctor Manuel Su\u00e1rez Lastra, director del <a rel=\"noreferrer noopener\" href=\"https:\/\/www.igg.unam.mx\/geoigg\/\" target=\"_blank\">Instituto de Geograf\u00eda<\/a>.<\/p>\n\n\n<p class=\"wp-block-paragraph\">As\u00ed como la doctora Mary Franc\u00e9s Rodr\u00edguez Van-Gort, directora de la <a href=\"https:\/\/www.filos.unam.mx\/\" target=\"_blank\" rel=\"noreferrer noopener\">Facultad de Filosof\u00eda y Letras<\/a>, y la doctora Mar\u00eda del Carmen Ju\u00e1rez Guti\u00e9rrez, presidenta de la Academia de Geograf\u00eda de la Sociedad Mexicana de Geograf\u00eda y Estad\u00edstica.<\/p>\n","protected":false},"excerpt":{"rendered":"<p>Esta universidad, a trav\u00e9s de la Facultad de Ciencias Sociales y Humanidades, y con la&#8230;<\/p>\n","protected":false},"author":5,"featured_media":4420,"comment_status":"closed","ping_status":"closed","sticky":false,"template":"","format":"standard","meta":{"pgc_sgb_lightbox_settings":"","footnotes":"","_members_access_role":[],"_members_access_error":""},"categories":[5],"tags":[325,822],"class_list":["post-4421","post","type-post","status-publish","format-standard","has-post-thumbnail","hentry","category-comunidad","tag-fcsyh","tag-simposio"],"featured_image_urls":{"full":["https:\/\/wp.uaslp.mx\/noticias\/wp-content\/uploads\/sites\/5\/2022\/06\/Simposio-Ensen\u0303anza-Geografia.jpg",1800,1200,false],"thumbnail":["https:\/\/wp.uaslp.mx\/noticias\/wp-content\/uploads\/sites\/5\/2022\/06\/Simposio-Ensen\u0303anza-Geografia-150x150.jpg",150,150,true],"medium":["https:\/\/wp.uaslp.mx\/noticias\/wp-content\/uploads\/sites\/5\/2022\/06\/Simposio-Ensen\u0303anza-Geografia-1024x683.jpg",1024,683,true],"medium_large":["https:\/\/wp.uaslp.mx\/noticias\/wp-content\/uploads\/sites\/5\/2022\/06\/Simposio-Ensen\u0303anza-Geografia-768x512.jpg",640,427,true],"large":["https:\/\/wp.uaslp.mx\/noticias\/wp-content\/uploads\/sites\/5\/2022\/06\/Simposio-Ensen\u0303anza-Geografia.jpg",1800,1200,false],"1536x1536":["https:\/\/wp.uaslp.mx\/noticias\/wp-content\/uploads\/sites\/5\/2022\/06\/Simposio-Ensen\u0303anza-Geografia-1536x1024.jpg",1536,1024,true],"2048x2048":["https:\/\/wp.uaslp.mx\/noticias\/wp-content\/uploads\/sites\/5\/2022\/06\/Simposio-Ensen\u0303anza-Geografia.jpg",1800,1200,false],"newsever-slider-full":["https:\/\/wp.uaslp.mx\/noticias\/wp-content\/uploads\/sites\/5\/2022\/06\/Simposio-Ensen\u0303anza-Geografia-1280x845.jpg",1280,845,true],"newsever-featured":["https:\/\/wp.uaslp.mx\/noticias\/wp-content\/uploads\/sites\/5\/2022\/06\/Simposio-Ensen\u0303anza-Geografia-1024x683.jpg",1024,683,true],"newsever-medium":["https:\/\/wp.uaslp.mx\/noticias\/wp-content\/uploads\/sites\/5\/2022\/06\/Simposio-Ensen\u0303anza-Geografia-720x475.jpg",720,475,true],"mailpoet_newsletter_max":["https:\/\/wp.uaslp.mx\/noticias\/wp-content\/uploads\/sites\/5\/2022\/06\/Simposio-Ensen\u0303anza-Geografia-1320x880.jpg",1320,880,true]},"author_info":{"display_name":"Prensa y difusi\u00f3n","author_link":"https:\/\/wp.uaslp.mx\/noticias\/author\/monzy\/"},"category_info":"<a href=\"https:\/\/wp.uaslp.mx\/noticias\/category\/comunidad\/\" rel=\"category tag\">Comunidad<\/a>","tag_info":"Comunidad","comment_count":"0","_links":{"self":[{"href":"https:\/\/wp.uaslp.mx\/noticias\/wp-json\/wp\/v2\/posts\/4421","targetHints":{"allow":["GET"]}}],"collection":[{"href":"https:\/\/wp.uaslp.mx\/noticias\/wp-json\/wp\/v2\/posts"}],"about":[{"href":"https:\/\/wp.uaslp.mx\/noticias\/wp-json\/wp\/v2\/types\/post"}],"author":[{"embeddable":true,"href":"https:\/\/wp.uaslp.mx\/noticias\/wp-json\/wp\/v2\/users\/5"}],"replies":[{"embeddable":true,"href":"https:\/\/wp.uaslp.mx\/noticias\/wp-json\/wp\/v2\/comments?post=4421"}],"version-history":[{"count":0,"href":"https:\/\/wp.uaslp.mx\/noticias\/wp-json\/wp\/v2\/posts\/4421\/revisions"}],"wp:featuredmedia":[{"embeddable":true,"href":"https:\/\/wp.uaslp.mx\/noticias\/wp-json\/wp\/v2\/media\/4420"}],"wp:attachment":[{"href":"https:\/\/wp.uaslp.mx\/noticias\/wp-json\/wp\/v2\/media?parent=4421"}],"wp:term":[{"taxonomy":"category","embeddable":true,"href":"https:\/\/wp.uaslp.mx\/noticias\/wp-json\/wp\/v2\/categories?post=4421"},{"taxonomy":"post_tag","embeddable":true,"href":"https:\/\/wp.uaslp.mx\/noticias\/wp-json\/wp\/v2\/tags?post=4421"}],"curies":[{"name":"wp","href":"https:\/\/api.w.org\/{rel}","templated":true}]}}