{"id":4375,"date":"2022-06-25T14:55:00","date_gmt":"2022-06-25T19:55:00","guid":{"rendered":"https:\/\/www.noticiasuaslp.com\/?p=4375"},"modified":"2022-06-25T14:55:00","modified_gmt":"2022-06-25T19:55:00","slug":"con-muestra-fotografica-en-la-caja-real-centro-cultural-universitario-el-sat-celebra-25-anos-de-creacion","status":"publish","type":"post","link":"https:\/\/wp.uaslp.mx\/noticias\/arteycultura\/con-muestra-fotografica-en-la-caja-real-centro-cultural-universitario-el-sat-celebra-25-anos-de-creacion\/","title":{"rendered":"Con muestra fotogr\u00e1fica en la Caja Real Centro Cultural Universitario, el SAT celebra 25 a\u00f1os de creaci\u00f3n"},"content":{"rendered":"\n<p>En el marco del 25 aniversario del <a rel=\"noreferrer noopener\" href=\"https:\/\/www.sat.gob.mx\/home\" target=\"_blank\">Servicio de Administraci\u00f3n Tributaria (SAT)<\/a>, como organismo desconcentrado de la <a rel=\"noreferrer noopener\" href=\"https:\/\/www.gob.mx\/shcp\" target=\"_blank\">Secretar\u00eda de Hacienda y Cr\u00e9dito P\u00fablico (SHCP)<\/a>, y teniendo como marco la Caja Real Centro Cultural Universitario de esta universidad se llev\u00f3 a cabo la inauguraci\u00f3n de la muestra fotogr\u00e1fica del SAT.<\/p>\n\n\n<p>Compuesta por 28 fotograf\u00edas, esta muestra es reflejo del trabajo que ha venido realizando el <a href=\"https:\/\/www.sat.gob.mx\/home\" target=\"_blank\" rel=\"noreferrer noopener\">Servicio de Administraci\u00f3n Tributaria<\/a> en donde se reflejan valores fundamentales como son la honestidad, respeto, responsabilidad y compromiso.<\/p>\n\n\n<p>Tambi\u00e9n se dio a conocer que se llevar\u00e1n a cabo otras actividades, como eventos recreativos con el \u00e1nimo de acercar a la ciudadan\u00eda la labor de la instituci\u00f3n con el prop\u00f3sito de promover la integraci\u00f3n institucional.<\/p>\n\n\n<p>El rector universitario, doctor Alejandro Javier Zerme\u00f1o Guerra, destac\u00f3 la importancia que tiene una instituci\u00f3n como el <a rel=\"noreferrer noopener\" href=\"https:\/\/www.sat.gob.mx\/home\" target=\"_blank\">SAT<\/a>, que se da a la sociedad. &#8220;Nosotros como instituci\u00f3n p\u00fablica tambi\u00e9n hacemos una gran labor al formar cuadros para que el pa\u00eds mejore. Y si algo tenemos que reconocer es el trabajo que realizan para que todos los recursos recaudados lleguen a instituciones como la nuestra\u201d.<\/p>\n\n\n<p>De igual manera, el rector explic\u00f3 que el recinto, conocido ahora como Caja Real, era el lugar donde se depositaban los tesoros del Cerro de San Pedro, reci\u00e9n fundada la ciudad de San Luis Potos\u00ed, por lo que resulta ic\u00f3nico que se realice una exposici\u00f3n por parte del <a href=\"https:\/\/www.sat.gob.mx\/home\" target=\"_blank\" rel=\"noreferrer noopener\">SAT<\/a>.<\/p>\n\n\n<p>El doctor Alfonso Carlos del Real L\u00f3pez, administrador desconcentrado de Servicios al Contribuyente del <a rel=\"noreferrer noopener\" href=\"https:\/\/www.sat.gob.mx\/home\" target=\"_blank\">SAT<\/a>, agradeci\u00f3 al doctor Alejandro Javier Zerme\u00f1o Guerra las facilidades para la realizaci\u00f3n de esta exposici\u00f3n en el recinto universitario, \u201cel <a href=\"https:\/\/www.sat.gob.mx\/home\" target=\"_blank\" rel=\"noreferrer noopener\">SAT<\/a> naci\u00f3 el 1 de julio de 1997 y adem\u00e1s de ser un momento hist\u00f3rico para la instituci\u00f3n, quisimos plasmar en esta muestra fotogr\u00e1fica, los cuatro valores fundamentales como son honestidad, respeto, responsabilidad y compromiso\u201d.<\/p>\n\n\n<p>En la apertura de esta muestra fotogr\u00e1fica se cont\u00f3 con la presencia del licenciado Germ\u00e1n Federico Pedroza Gait\u00e1n, director de la Facultad de Derecho Abogado Ponciano Arriaga Leija; doctor Vicente Torre Delgadillo, administrador desconcentrado jur\u00eddico del <a rel=\"noreferrer noopener\" href=\"https:\/\/www.sat.gob.mx\/home\" target=\"_blank\">SAT<\/a>; licenciado Jos\u00e9 de Jes\u00fas Reyes Cardona, administrador desconcentrado de Auditoria Fiscal del <a rel=\"noreferrer noopener\" href=\"https:\/\/www.sat.gob.mx\/home\" target=\"_blank\">SAT<\/a>. As\u00ed como el licenciado Fredy Becerril Medina, en representaci\u00f3n del licenciado Juan Hern\u00e1ndez Padilla, administrador desconcentrado de Recaudaci\u00f3n del <a href=\"https:\/\/www.sat.gob.mx\/home\" target=\"_blank\" rel=\"noreferrer noopener\">SAT<\/a>, y Ver\u00f3nica Regalado Padilla, l\u00edder sindical del <a href=\"https:\/\/www.sat.gob.mx\/home\" target=\"_blank\" rel=\"noreferrer noopener\">SAT<\/a>.<\/p>\n","protected":false},"excerpt":{"rendered":"<p>En el marco del 25 aniversario del Servicio de Administraci\u00f3n Tributaria (SAT), como organismo desconcentrado&#8230;<\/p>\n","protected":false},"author":5,"featured_media":4377,"comment_status":"closed","ping_status":"closed","sticky":false,"template":"","format":"standard","meta":{"pgc_sgb_lightbox_settings":"","footnotes":""},"categories":[3],"tags":[88,813,785],"class_list":["post-4375","post","type-post","status-publish","format-standard","has-post-thumbnail","hentry","category-arteycultura","tag-caja-real","tag-fotografia","tag-sat"],"featured_image_urls":{"full":["https:\/\/wp.uaslp.mx\/noticias\/wp-content\/uploads\/sites\/5\/2022\/06\/Muestra-fotografica-SAT.jpg",1800,1200,false],"thumbnail":["https:\/\/wp.uaslp.mx\/noticias\/wp-content\/uploads\/sites\/5\/2022\/06\/Muestra-fotografica-SAT-150x150.jpg",150,150,true],"medium":["https:\/\/wp.uaslp.mx\/noticias\/wp-content\/uploads\/sites\/5\/2022\/06\/Muestra-fotografica-SAT-1024x683.jpg",1024,683,true],"medium_large":["https:\/\/wp.uaslp.mx\/noticias\/wp-content\/uploads\/sites\/5\/2022\/06\/Muestra-fotografica-SAT-768x512.jpg",640,427,true],"large":["https:\/\/wp.uaslp.mx\/noticias\/wp-content\/uploads\/sites\/5\/2022\/06\/Muestra-fotografica-SAT.jpg",1800,1200,false],"1536x1536":["https:\/\/wp.uaslp.mx\/noticias\/wp-content\/uploads\/sites\/5\/2022\/06\/Muestra-fotografica-SAT-1536x1024.jpg",1536,1024,true],"2048x2048":["https:\/\/wp.uaslp.mx\/noticias\/wp-content\/uploads\/sites\/5\/2022\/06\/Muestra-fotografica-SAT.jpg",1800,1200,false],"newsever-slider-full":["https:\/\/wp.uaslp.mx\/noticias\/wp-content\/uploads\/sites\/5\/2022\/06\/Muestra-fotografica-SAT-1280x845.jpg",1280,845,true],"newsever-featured":["https:\/\/wp.uaslp.mx\/noticias\/wp-content\/uploads\/sites\/5\/2022\/06\/Muestra-fotografica-SAT-1024x683.jpg",1024,683,true],"newsever-medium":["https:\/\/wp.uaslp.mx\/noticias\/wp-content\/uploads\/sites\/5\/2022\/06\/Muestra-fotografica-SAT-720x475.jpg",720,475,true],"mailpoet_newsletter_max":["https:\/\/wp.uaslp.mx\/noticias\/wp-content\/uploads\/sites\/5\/2022\/06\/Muestra-fotografica-SAT-1320x880.jpg",1320,880,true]},"author_info":{"display_name":"Prensa y difusi\u00f3n","author_link":"https:\/\/wp.uaslp.mx\/noticias\/author\/monzy\/"},"category_info":"<a href=\"https:\/\/wp.uaslp.mx\/noticias\/category\/arteycultura\/\" rel=\"category tag\">Arte y cultura<\/a>","tag_info":"Arte y cultura","comment_count":"0","_links":{"self":[{"href":"https:\/\/wp.uaslp.mx\/noticias\/wp-json\/wp\/v2\/posts\/4375","targetHints":{"allow":["GET"]}}],"collection":[{"href":"https:\/\/wp.uaslp.mx\/noticias\/wp-json\/wp\/v2\/posts"}],"about":[{"href":"https:\/\/wp.uaslp.mx\/noticias\/wp-json\/wp\/v2\/types\/post"}],"author":[{"embeddable":true,"href":"https:\/\/wp.uaslp.mx\/noticias\/wp-json\/wp\/v2\/users\/5"}],"replies":[{"embeddable":true,"href":"https:\/\/wp.uaslp.mx\/noticias\/wp-json\/wp\/v2\/comments?post=4375"}],"version-history":[{"count":0,"href":"https:\/\/wp.uaslp.mx\/noticias\/wp-json\/wp\/v2\/posts\/4375\/revisions"}],"wp:featuredmedia":[{"embeddable":true,"href":"https:\/\/wp.uaslp.mx\/noticias\/wp-json\/wp\/v2\/media\/4377"}],"wp:attachment":[{"href":"https:\/\/wp.uaslp.mx\/noticias\/wp-json\/wp\/v2\/media?parent=4375"}],"wp:term":[{"taxonomy":"category","embeddable":true,"href":"https:\/\/wp.uaslp.mx\/noticias\/wp-json\/wp\/v2\/categories?post=4375"},{"taxonomy":"post_tag","embeddable":true,"href":"https:\/\/wp.uaslp.mx\/noticias\/wp-json\/wp\/v2\/tags?post=4375"}],"curies":[{"name":"wp","href":"https:\/\/api.w.org\/{rel}","templated":true}]}}