{"id":4368,"date":"2022-06-24T14:43:45","date_gmt":"2022-06-24T19:43:45","guid":{"rendered":"https:\/\/www.noticiasuaslp.com\/?p=4368"},"modified":"2022-06-24T14:43:45","modified_gmt":"2022-06-24T19:43:45","slug":"carao-busca-incorporar-carreras-en-linea-a-oferta-educativa-dr-armando-sanchez-macias","status":"publish","type":"post","link":"https:\/\/wp.uaslp.mx\/noticias\/academica\/carao-busca-incorporar-carreras-en-linea-a-oferta-educativa-dr-armando-sanchez-macias\/","title":{"rendered":"CARAO busca incorporar carreras en l\u00ednea a Oferta Educativa: DR. Armando S\u00e1nchez Macias."},"content":{"rendered":"\n<p>La Coordinaci\u00f3n Acad\u00e9mica Regi\u00f3n Altiplano Oeste podr\u00eda ser una de las primeras entidades acad\u00e9micas de la Universidad Aut\u00f3noma de San Luis Potos\u00ed en incorporar el estudio de carreras en l\u00ednea con lo que se convertir\u00eda en punta de lanza de la instituci\u00f3n, as\u00ed lo manifest\u00f3 el nuevo director del campus Salinas, Dr. Armando S\u00e1nchez Mac\u00edas, quien afirm\u00f3 que se buscar innovar para incrementar calidad y cobertura.\u00a0\u00a0\u00a0<\/p>\n\n\n<p>En entrevista, el directivo universitario se\u00f1al\u00f3 que dicha propuesta ya fue presentada ante la Secretar\u00eda Acad\u00e9mica de la UASLP, por lo que se encuentra en an\u00e1lisis la pertinencia de esta modalidad en una zona en la que tradicionalmente sus habitantes buscan migrar. En este sentido, dijo que enfrentan un reto muy grande: el de retener a estudiantes y convencerlos de estudiar una licenciatura.\u00a0\u201cLa UASLP est\u00e1 en una etapa de consolidaci\u00f3n y madurez y ya puede dar ese paso f\u00e1cilmente\u201d.\u00a0\u00a0<\/p>\n\n\n<p>As\u00edmismo detall\u00f3 que este a\u00f1o contin\u00faa la reestructuraci\u00f3n curricular de sus tres programas educativos: Ingenier\u00eda Agroindustrial, Ingenier\u00eda en Sistemas Computacionales y la Licenciatura en Administraci\u00f3n. En el caso de la primera carrera se trabaja a la par con la Facultad de Ingenier\u00eda, el campus Rioverde y el de Tamazunchale (que tambi\u00e9n ofrecen la carrera) ya que se busca establecer una nueva propuesta curricular con la que los 4 programas sean fortalecidos.&nbsp;&nbsp;&nbsp;<\/p>\n\n\n<p>\u201cAlgo que queremos implementar es trabajar en otras modalidades. Es decir, combinar lo presencial y en l\u00ednea y con ello aprovechar las fortalezas que tiene la universidad en otros campus con maestros y doctores experimentados que podr\u00edan dar clase a nuestros estudiantes\u201d, expuso.&nbsp;&nbsp;&nbsp;<\/p>\n\n\n<p>Se\u00f1al\u00f3 que otro de los retos es profundizar las relaciones con la comunidad, a trav\u00e9s de acciones de vinculaci\u00f3n con los sectores econ\u00f3micos y sociales. Indic\u00f3 que la universidad tiene una gran oferta acad\u00e9mica pero tambi\u00e9n cultural y deportiva, que en ocasiones s\u00f3lo se concentra en la capital, por lo que ahora se buscar\u00eda&nbsp;que llegue a la poblaci\u00f3n de Salinas.&nbsp;&nbsp;<\/p>\n\n\n<p>S\u00e1nchez Mac\u00edas agreg\u00f3 que en la CARAO tambi\u00e9n le apuestan a la formaci\u00f3n de competencias emprendedoras, a trav\u00e9s de alianzas con actores de la regi\u00f3n para que los j\u00f3venes tengan la oportunidad de generar proyectos, obtengan financiamientos y puedan cristalizarlos.&nbsp;&nbsp;&nbsp;<\/p>\n\n\n<p>Finalmente, mencion\u00f3 que en la parte agroindustrial se cuenta con \u00e1reas de siembra, invernaderos en proceso de producci\u00f3n y una poza donde se pretende cultivar trucha. \u201cEstamos por construir un corral para ganado menor, luego todos estos insumos podr\u00edamos procesarlos en nuestros laboratorios y empezar a hacer productos y comercializarlos\u201d, concluy\u00f3.<\/p>\n","protected":false},"excerpt":{"rendered":"<p>La Coordinaci\u00f3n Acad\u00e9mica Regi\u00f3n Altiplano Oeste podr\u00eda ser una de las primeras entidades acad\u00e9micas de&#8230;<\/p>\n","protected":false},"author":5,"featured_media":4369,"comment_status":"closed","ping_status":"closed","sticky":false,"template":"","format":"standard","meta":{"pgc_sgb_lightbox_settings":"","footnotes":""},"categories":[2],"tags":[108,811,524],"class_list":["post-4368","post","type-post","status-publish","format-standard","has-post-thumbnail","hentry","category-academica","tag-carao","tag-carreras-en-linea","tag-oferta-educativa"],"featured_image_urls":{"full":["https:\/\/wp.uaslp.mx\/noticias\/wp-content\/uploads\/sites\/5\/2022\/06\/Dr.-Armando-Sanchez-Macias-nuevo-director-del-Campus-Salinas-de-la-UASLP-2.jpeg",1280,853,false],"thumbnail":["https:\/\/wp.uaslp.mx\/noticias\/wp-content\/uploads\/sites\/5\/2022\/06\/Dr.-Armando-Sanchez-Macias-nuevo-director-del-Campus-Salinas-de-la-UASLP-2-150x150.jpeg",150,150,true],"medium":["https:\/\/wp.uaslp.mx\/noticias\/wp-content\/uploads\/sites\/5\/2022\/06\/Dr.-Armando-Sanchez-Macias-nuevo-director-del-Campus-Salinas-de-la-UASLP-2-1024x682.jpeg",1024,682,true],"medium_large":["https:\/\/wp.uaslp.mx\/noticias\/wp-content\/uploads\/sites\/5\/2022\/06\/Dr.-Armando-Sanchez-Macias-nuevo-director-del-Campus-Salinas-de-la-UASLP-2-768x512.jpeg",640,427,true],"large":["https:\/\/wp.uaslp.mx\/noticias\/wp-content\/uploads\/sites\/5\/2022\/06\/Dr.-Armando-Sanchez-Macias-nuevo-director-del-Campus-Salinas-de-la-UASLP-2.jpeg",1280,853,false],"1536x1536":["https:\/\/wp.uaslp.mx\/noticias\/wp-content\/uploads\/sites\/5\/2022\/06\/Dr.-Armando-Sanchez-Macias-nuevo-director-del-Campus-Salinas-de-la-UASLP-2.jpeg",1280,853,false],"2048x2048":["https:\/\/wp.uaslp.mx\/noticias\/wp-content\/uploads\/sites\/5\/2022\/06\/Dr.-Armando-Sanchez-Macias-nuevo-director-del-Campus-Salinas-de-la-UASLP-2.jpeg",1280,853,false],"newsever-slider-full":["https:\/\/wp.uaslp.mx\/noticias\/wp-content\/uploads\/sites\/5\/2022\/06\/Dr.-Armando-Sanchez-Macias-nuevo-director-del-Campus-Salinas-de-la-UASLP-2-1280x845.jpeg",1280,845,true],"newsever-featured":["https:\/\/wp.uaslp.mx\/noticias\/wp-content\/uploads\/sites\/5\/2022\/06\/Dr.-Armando-Sanchez-Macias-nuevo-director-del-Campus-Salinas-de-la-UASLP-2-1024x682.jpeg",1024,682,true],"newsever-medium":["https:\/\/wp.uaslp.mx\/noticias\/wp-content\/uploads\/sites\/5\/2022\/06\/Dr.-Armando-Sanchez-Macias-nuevo-director-del-Campus-Salinas-de-la-UASLP-2-720x475.jpeg",720,475,true],"mailpoet_newsletter_max":["https:\/\/wp.uaslp.mx\/noticias\/wp-content\/uploads\/sites\/5\/2022\/06\/Dr.-Armando-Sanchez-Macias-nuevo-director-del-Campus-Salinas-de-la-UASLP-2.jpeg",1280,853,false]},"author_info":{"display_name":"Prensa y difusi\u00f3n","author_link":"https:\/\/wp.uaslp.mx\/noticias\/author\/monzy\/"},"category_info":"<a href=\"https:\/\/wp.uaslp.mx\/noticias\/category\/academica\/\" rel=\"category tag\">Acad\u00e9mica<\/a>","tag_info":"Acad\u00e9mica","comment_count":"0","_links":{"self":[{"href":"https:\/\/wp.uaslp.mx\/noticias\/wp-json\/wp\/v2\/posts\/4368","targetHints":{"allow":["GET"]}}],"collection":[{"href":"https:\/\/wp.uaslp.mx\/noticias\/wp-json\/wp\/v2\/posts"}],"about":[{"href":"https:\/\/wp.uaslp.mx\/noticias\/wp-json\/wp\/v2\/types\/post"}],"author":[{"embeddable":true,"href":"https:\/\/wp.uaslp.mx\/noticias\/wp-json\/wp\/v2\/users\/5"}],"replies":[{"embeddable":true,"href":"https:\/\/wp.uaslp.mx\/noticias\/wp-json\/wp\/v2\/comments?post=4368"}],"version-history":[{"count":0,"href":"https:\/\/wp.uaslp.mx\/noticias\/wp-json\/wp\/v2\/posts\/4368\/revisions"}],"wp:featuredmedia":[{"embeddable":true,"href":"https:\/\/wp.uaslp.mx\/noticias\/wp-json\/wp\/v2\/media\/4369"}],"wp:attachment":[{"href":"https:\/\/wp.uaslp.mx\/noticias\/wp-json\/wp\/v2\/media?parent=4368"}],"wp:term":[{"taxonomy":"category","embeddable":true,"href":"https:\/\/wp.uaslp.mx\/noticias\/wp-json\/wp\/v2\/categories?post=4368"},{"taxonomy":"post_tag","embeddable":true,"href":"https:\/\/wp.uaslp.mx\/noticias\/wp-json\/wp\/v2\/tags?post=4368"}],"curies":[{"name":"wp","href":"https:\/\/api.w.org\/{rel}","templated":true}]}}