{"id":4247,"date":"2021-01-07T14:50:00","date_gmt":"2021-01-07T19:50:00","guid":{"rendered":"http:\/\/www.noticiasuaslp.com\/?p=4247"},"modified":"2021-01-07T14:50:00","modified_gmt":"2021-01-07T19:50:00","slug":"facultad-de-ingenieria-celebra-76-anos-de-esfuerzo-y-compromiso-en-la-formacion-de-profesionales","status":"publish","type":"post","link":"https:\/\/wp.uaslp.mx\/noticias\/academica\/facultad-de-ingenieria-celebra-76-anos-de-esfuerzo-y-compromiso-en-la-formacion-de-profesionales\/","title":{"rendered":"Facultad de Ingenier\u00eda celebra 76 a\u00f1os de esfuerzo y compromiso en la formaci\u00f3n de profesionales"},"content":{"rendered":"\n<p>La Universidad Aut\u00f3noma de San Luis Potos\u00ed celebra 76 aniversario de la Facultad de Ingenier\u00eda, toda vez que el 5 de enero de 1945, el H. Consejo Directivo Universitario presidido entonces por el doctor Jes\u00fas N. Noyola, en su calidad de rector, y el secretario general, Lic. Miguel Anaya Romero, a trav\u00e9s de un estudio se estableci\u00f3 como viable la creaci\u00f3n de la entonces Escuela de Ingenier\u00eda.<\/p>\n\n\n<p>\u201cA partir de ah\u00ed el plantel ha tenido una s\u00f3lida aportaci\u00f3n a la tecnolog\u00eda y ciencia en el estado de San Luis Potos\u00ed con la formaci\u00f3n de ingenieros\u201d, expres\u00f3 en entrevista, el director de la Facultad de Ingenier\u00eda, Dr. Emilio Jorge Gonz\u00e1lez Galv\u00e1n.<\/p>\n\n\n<p>Detall\u00f3 que en los primeros a\u00f1os los alumnos de las carreras de Ingenier\u00eda Civil e Ingenier\u00eda Mec\u00e1nica El\u00e9ctrica ten\u00edan que realizar su primer a\u00f1o en la Escuela de Ingenier\u00eda, y finalizar sus estudios en la UNAM.<\/p>\n\n\n<p>A partir de 1958, se empez\u00f3 a impartir el tercer a\u00f1o de estas carreras, y fue en 1962 cuando la primera generaci\u00f3n de Mec\u00e1nico Electricista egres\u00f3 de la UASLP, y a partir de entonces ha sido una s\u00f3lida formaci\u00f3n la que han recibido los alumnos imparti\u00e9ndose a la fecha 14 carreras con un importante n\u00famero de egresados.<\/p>\n\n\n<p>\u201cSon los primeros 76 a\u00f1os, y vamos por la consolidaci\u00f3n de los programas que tenemos actualmente; estamos en proceso de reacreditar ocho carreras, y la idea es dar a la sociedad potosina la certeza que la formaci\u00f3n de los ingenieros en la Facultad cumple con los est\u00e1ndares a nivel nacional e internacional\u201d.<\/p>\n\n\n<p>Puntualiz\u00f3 que el objetivo en esta gesti\u00f3n es lograr el cien por ciento de los programas de licenciatura acreditados internacionalmente, destacando que gran parte de los programas de maestr\u00eda y doctorado est\u00e1n reconocidos por parte del Padr\u00f3n Nacional de Posgrados de Calidad (PNPC) del Conacyt.<\/p>\n\n\n<p>Reiter\u00f3 que el plantel seguir\u00e1 con la educaci\u00f3n a distancia, y en posgrado se iniciar\u00e1 con la formaci\u00f3n en l\u00ednea de dos programas: Maestr\u00eda en Sistemas El\u00e9ctricos de Potencia y Maestr\u00eda en Planeaci\u00f3n Estrat\u00e9gica e Innovaci\u00f3n, haciendo \u00e9nfasis que todos los programas est\u00e1n sujetos a un proceso de mejora continua.<\/p>\n\n\n<p>\u201cPara este a\u00f1o se contempla retomar actividades relacionadas con conferencias. Asimismo, hemos tratado de suplir en los casos de materias a distancia, en el caso de laboratorios, en la medida de lo posible sustituir a trav\u00e9s de procesos como simulaciones y visitas virtuales a algunos espacios\u201d.<\/p>\n\n\n<p>Finalmente, el doctor Emilio Jorge Gonz\u00e1lez Galv\u00e1n agradeci\u00f3 la confianza de la sociedad potosina en la Facultad de Ingenier\u00eda que se refleja en un incremento anual de inter\u00e9s por parte de j\u00f3venes de bachillerato, esperando se mantenga para aportar los profesionales que la sociedad necesita.<\/p>\n","protected":false},"excerpt":{"rendered":"<p>La Universidad Aut\u00f3noma de San Luis Potos\u00ed celebra 76 aniversario de la Facultad de Ingenier\u00eda,&#8230;<\/p>\n","protected":false},"author":12,"featured_media":4248,"comment_status":"closed","ping_status":"closed","sticky":false,"template":"","format":"standard","meta":{"pgc_sgb_lightbox_settings":"","footnotes":""},"categories":[2],"tags":[42,313],"class_list":["post-4247","post","type-post","status-publish","format-standard","has-post-thumbnail","hentry","category-academica","tag-aniversario","tag-facultad-de-ingenieria"],"featured_image_urls":{"full":["https:\/\/wp.uaslp.mx\/noticias\/wp-content\/uploads\/sites\/5\/2022\/06\/Facultad-de-Ingenieria-celebra-76-anos-de-esfuerzo-y-compromiso-en-la-formacion-de-profesionales-1.jpeg",788,389,false],"thumbnail":["https:\/\/wp.uaslp.mx\/noticias\/wp-content\/uploads\/sites\/5\/2022\/06\/Facultad-de-Ingenieria-celebra-76-anos-de-esfuerzo-y-compromiso-en-la-formacion-de-profesionales-1-150x150.jpeg",150,150,true],"medium":["https:\/\/wp.uaslp.mx\/noticias\/wp-content\/uploads\/sites\/5\/2022\/06\/Facultad-de-Ingenieria-celebra-76-anos-de-esfuerzo-y-compromiso-en-la-formacion-de-profesionales-1.jpeg",788,389,false],"medium_large":["https:\/\/wp.uaslp.mx\/noticias\/wp-content\/uploads\/sites\/5\/2022\/06\/Facultad-de-Ingenieria-celebra-76-anos-de-esfuerzo-y-compromiso-en-la-formacion-de-profesionales-1-768x379.jpeg",640,316,true],"large":["https:\/\/wp.uaslp.mx\/noticias\/wp-content\/uploads\/sites\/5\/2022\/06\/Facultad-de-Ingenieria-celebra-76-anos-de-esfuerzo-y-compromiso-en-la-formacion-de-profesionales-1.jpeg",788,389,false],"1536x1536":["https:\/\/wp.uaslp.mx\/noticias\/wp-content\/uploads\/sites\/5\/2022\/06\/Facultad-de-Ingenieria-celebra-76-anos-de-esfuerzo-y-compromiso-en-la-formacion-de-profesionales-1.jpeg",788,389,false],"2048x2048":["https:\/\/wp.uaslp.mx\/noticias\/wp-content\/uploads\/sites\/5\/2022\/06\/Facultad-de-Ingenieria-celebra-76-anos-de-esfuerzo-y-compromiso-en-la-formacion-de-profesionales-1.jpeg",788,389,false],"newsever-slider-full":["https:\/\/wp.uaslp.mx\/noticias\/wp-content\/uploads\/sites\/5\/2022\/06\/Facultad-de-Ingenieria-celebra-76-anos-de-esfuerzo-y-compromiso-en-la-formacion-de-profesionales-1.jpeg",788,389,false],"newsever-featured":["https:\/\/wp.uaslp.mx\/noticias\/wp-content\/uploads\/sites\/5\/2022\/06\/Facultad-de-Ingenieria-celebra-76-anos-de-esfuerzo-y-compromiso-en-la-formacion-de-profesionales-1.jpeg",788,389,false],"newsever-medium":["https:\/\/wp.uaslp.mx\/noticias\/wp-content\/uploads\/sites\/5\/2022\/06\/Facultad-de-Ingenieria-celebra-76-anos-de-esfuerzo-y-compromiso-en-la-formacion-de-profesionales-1-720x389.jpeg",720,389,true],"mailpoet_newsletter_max":["https:\/\/wp.uaslp.mx\/noticias\/wp-content\/uploads\/sites\/5\/2022\/06\/Facultad-de-Ingenieria-celebra-76-anos-de-esfuerzo-y-compromiso-en-la-formacion-de-profesionales-1.jpeg",788,389,false]},"author_info":{"display_name":"Prensa y difusi\u00f3n","author_link":"https:\/\/wp.uaslp.mx\/noticias\/author\/giovannamorales\/"},"category_info":"<a href=\"https:\/\/wp.uaslp.mx\/noticias\/category\/academica\/\" rel=\"category tag\">Acad\u00e9mica<\/a>","tag_info":"Acad\u00e9mica","comment_count":"0","_links":{"self":[{"href":"https:\/\/wp.uaslp.mx\/noticias\/wp-json\/wp\/v2\/posts\/4247","targetHints":{"allow":["GET"]}}],"collection":[{"href":"https:\/\/wp.uaslp.mx\/noticias\/wp-json\/wp\/v2\/posts"}],"about":[{"href":"https:\/\/wp.uaslp.mx\/noticias\/wp-json\/wp\/v2\/types\/post"}],"author":[{"embeddable":true,"href":"https:\/\/wp.uaslp.mx\/noticias\/wp-json\/wp\/v2\/users\/12"}],"replies":[{"embeddable":true,"href":"https:\/\/wp.uaslp.mx\/noticias\/wp-json\/wp\/v2\/comments?post=4247"}],"version-history":[{"count":0,"href":"https:\/\/wp.uaslp.mx\/noticias\/wp-json\/wp\/v2\/posts\/4247\/revisions"}],"wp:featuredmedia":[{"embeddable":true,"href":"https:\/\/wp.uaslp.mx\/noticias\/wp-json\/wp\/v2\/media\/4248"}],"wp:attachment":[{"href":"https:\/\/wp.uaslp.mx\/noticias\/wp-json\/wp\/v2\/media?parent=4247"}],"wp:term":[{"taxonomy":"category","embeddable":true,"href":"https:\/\/wp.uaslp.mx\/noticias\/wp-json\/wp\/v2\/categories?post=4247"},{"taxonomy":"post_tag","embeddable":true,"href":"https:\/\/wp.uaslp.mx\/noticias\/wp-json\/wp\/v2\/tags?post=4247"}],"curies":[{"name":"wp","href":"https:\/\/api.w.org\/{rel}","templated":true}]}}