{"id":4218,"date":"2021-01-12T14:00:00","date_gmt":"2021-01-12T19:00:00","guid":{"rendered":"http:\/\/www.noticiasuaslp.com\/?p=4218"},"modified":"2021-01-12T14:00:00","modified_gmt":"2021-01-12T19:00:00","slug":"sars-cov-2-y-la-influenza-dos-padecimientos-que-tienen-la-cualidad-de-vivir-en-el-mismo-periodo-lorena-mendez-catedratica-de-la-facultad-de-enfermeria-y-nutricion-de-la-uaslp","status":"publish","type":"post","link":"https:\/\/wp.uaslp.mx\/noticias\/uaslp\/sars-cov-2-y-la-influenza-dos-padecimientos-que-tienen-la-cualidad-de-vivir-en-el-mismo-periodo-lorena-mendez-catedratica-de-la-facultad-de-enfermeria-y-nutricion-de-la-uaslp\/","title":{"rendered":"SARS-Cov-2 y la influenza, dos padecimientos que tienen la cualidad de vivir en el mismo per\u00edodo: Lorena M\u00e9ndez, catedr\u00e1tica de la Facultad de Enfermer\u00eda y Nutrici\u00f3n de la UASLP"},"content":{"rendered":"\n<p>La L.E. Lorena Marcela M\u00e9ndez Rodr\u00edguez, catedr\u00e1tica de la Facultad de Enfermer\u00eda y Nutrici\u00f3n&nbsp;(FEN) de la UASLP, dijo que en el \u00e1rea de la salud, la sindemia derivada del SARS-CoV-2 pandemia que inici\u00f3 en el 2020, marc\u00f3 el antecedente de la combinaci\u00f3n de dos padecimientos que tienen la cualidad de vivir en el mismo per\u00edodo.<\/p>\n\n\n<p>\u201cEsto representa que la infecci\u00f3n del coronavirus, una enfermedad transmisible a nivel mundial, est\u00e1 conviviendo con otro padecimiento, la influenza&#8221;.<\/p>\n\n\n<p>M\u00e9ndez Rodr\u00edguez subray\u00f3 que en este momento el t\u00e9rmino de sindemia es la convivencia de estos dos padecimientos: influenza y SARS- CoV-2, recordando que la influenza es una enfermedad de v\u00edas respiratorias que en su momento en M\u00e9xico, en el 2008, present\u00f3 diversas condiciones y caracter\u00edsticas, afectando las v\u00edas respiratorias. \u201cSe estableci\u00f3 como una enfermedad presente en cada temporada primaveral\u201d.<\/p>\n\n\n<p>Agreg\u00f3 que los comportamientos de las enfermedades se pueden modificar y adaptar, &#8220;estamos hablando de virus que tienen esa capacidad de mutar y&nbsp;adquirir otras cualidades que permiten en ocasiones adaptarse al medio y a las condiciones para sobrevivir, afectando al hombre&#8221;.<\/p>\n\n\n<p>&#8220;El comit\u00e9 de vigilancia epidemiol\u00f3gica a nivel nacional empieza a arrojar algunos resultados en funci\u00f3n de est\u00e1 situaci\u00f3n, pero como apenas inicia la influenza se est\u00e1n reuniendo los datos necesarios para determinar el porcentaje, que adem\u00e1s engloba otro tipo de caracter\u00edsticas de la poblaci\u00f3n marcadas, sobre todo en la mexicana que determina las estad\u00edstica en el pa\u00eds, como la obesidad, la desnutrici\u00f3n, y las enfermedades cr\u00f3nicos degenerativas&#8221;.<\/p>\n\n\n<p>La tambi\u00e9n Enfermera Especialista en Medicina de Familia del IMSS, dijo que lamentablemente con las medidas de prevenci\u00f3n que se han tomado, no han sido suficiente para combatir la pandemia, por lo que recomend\u00f3 que en funci\u00f3n de estos padecimientos no bajar la guardia en&nbsp;las medidas preventivas para permitir llegar a un control.<\/p>\n\n\n<p>\u201cSobre todo de Covid-19, enfermedad que aumenta las complicaciones, y aunado a la influenza&nbsp;incrementa el riesgo en la poblaci\u00f3n&nbsp;derivando en complicaciones y en la necesidad de atenci\u00f3n compleja en instituciones de salud rebasadas en su infraestructura\u201d.<\/p>\n","protected":false},"excerpt":{"rendered":"<p>La L.E. Lorena Marcela M\u00e9ndez Rodr\u00edguez, catedr\u00e1tica de la Facultad de Enfermer\u00eda y Nutrici\u00f3n&nbsp;(FEN) de&#8230;<\/p>\n","protected":false},"author":12,"featured_media":4219,"comment_status":"closed","ping_status":"closed","sticky":false,"template":"","format":"standard","meta":{"pgc_sgb_lightbox_settings":"","footnotes":""},"categories":[782],"tags":[168],"class_list":["post-4218","post","type-post","status-publish","format-standard","has-post-thumbnail","hentry","category-uaslp","tag-comunidad"],"featured_image_urls":{"full":["https:\/\/wp.uaslp.mx\/noticias\/wp-content\/uploads\/sites\/5\/2022\/06\/SARS-Cov-2-y-la-influenza-dos-padecimientos-que-tienen-la-cualidad-de-vivir-en-el-mismo-periodo-2.jpeg",1280,1154,false],"thumbnail":["https:\/\/wp.uaslp.mx\/noticias\/wp-content\/uploads\/sites\/5\/2022\/06\/SARS-Cov-2-y-la-influenza-dos-padecimientos-que-tienen-la-cualidad-de-vivir-en-el-mismo-periodo-2-150x150.jpeg",150,150,true],"medium":["https:\/\/wp.uaslp.mx\/noticias\/wp-content\/uploads\/sites\/5\/2022\/06\/SARS-Cov-2-y-la-influenza-dos-padecimientos-que-tienen-la-cualidad-de-vivir-en-el-mismo-periodo-2-1024x923.jpeg",1024,923,true],"medium_large":["https:\/\/wp.uaslp.mx\/noticias\/wp-content\/uploads\/sites\/5\/2022\/06\/SARS-Cov-2-y-la-influenza-dos-padecimientos-que-tienen-la-cualidad-de-vivir-en-el-mismo-periodo-2-768x692.jpeg",640,577,true],"large":["https:\/\/wp.uaslp.mx\/noticias\/wp-content\/uploads\/sites\/5\/2022\/06\/SARS-Cov-2-y-la-influenza-dos-padecimientos-que-tienen-la-cualidad-de-vivir-en-el-mismo-periodo-2.jpeg",1280,1154,false],"1536x1536":["https:\/\/wp.uaslp.mx\/noticias\/wp-content\/uploads\/sites\/5\/2022\/06\/SARS-Cov-2-y-la-influenza-dos-padecimientos-que-tienen-la-cualidad-de-vivir-en-el-mismo-periodo-2.jpeg",1280,1154,false],"2048x2048":["https:\/\/wp.uaslp.mx\/noticias\/wp-content\/uploads\/sites\/5\/2022\/06\/SARS-Cov-2-y-la-influenza-dos-padecimientos-que-tienen-la-cualidad-de-vivir-en-el-mismo-periodo-2.jpeg",1280,1154,false],"newsever-slider-full":["https:\/\/wp.uaslp.mx\/noticias\/wp-content\/uploads\/sites\/5\/2022\/06\/SARS-Cov-2-y-la-influenza-dos-padecimientos-que-tienen-la-cualidad-de-vivir-en-el-mismo-periodo-2-1280x845.jpeg",1280,845,true],"newsever-featured":["https:\/\/wp.uaslp.mx\/noticias\/wp-content\/uploads\/sites\/5\/2022\/06\/SARS-Cov-2-y-la-influenza-dos-padecimientos-que-tienen-la-cualidad-de-vivir-en-el-mismo-periodo-2-1024x923.jpeg",1024,923,true],"newsever-medium":["https:\/\/wp.uaslp.mx\/noticias\/wp-content\/uploads\/sites\/5\/2022\/06\/SARS-Cov-2-y-la-influenza-dos-padecimientos-que-tienen-la-cualidad-de-vivir-en-el-mismo-periodo-2-720x475.jpeg",720,475,true],"mailpoet_newsletter_max":["https:\/\/wp.uaslp.mx\/noticias\/wp-content\/uploads\/sites\/5\/2022\/06\/SARS-Cov-2-y-la-influenza-dos-padecimientos-que-tienen-la-cualidad-de-vivir-en-el-mismo-periodo-2.jpeg",1280,1154,false]},"author_info":{"display_name":"Prensa y difusi\u00f3n","author_link":"https:\/\/wp.uaslp.mx\/noticias\/author\/giovannamorales\/"},"category_info":"<a href=\"https:\/\/wp.uaslp.mx\/noticias\/category\/uaslp\/\" rel=\"category tag\">UASLP<\/a>","tag_info":"UASLP","comment_count":"0","_links":{"self":[{"href":"https:\/\/wp.uaslp.mx\/noticias\/wp-json\/wp\/v2\/posts\/4218","targetHints":{"allow":["GET"]}}],"collection":[{"href":"https:\/\/wp.uaslp.mx\/noticias\/wp-json\/wp\/v2\/posts"}],"about":[{"href":"https:\/\/wp.uaslp.mx\/noticias\/wp-json\/wp\/v2\/types\/post"}],"author":[{"embeddable":true,"href":"https:\/\/wp.uaslp.mx\/noticias\/wp-json\/wp\/v2\/users\/12"}],"replies":[{"embeddable":true,"href":"https:\/\/wp.uaslp.mx\/noticias\/wp-json\/wp\/v2\/comments?post=4218"}],"version-history":[{"count":0,"href":"https:\/\/wp.uaslp.mx\/noticias\/wp-json\/wp\/v2\/posts\/4218\/revisions"}],"wp:featuredmedia":[{"embeddable":true,"href":"https:\/\/wp.uaslp.mx\/noticias\/wp-json\/wp\/v2\/media\/4219"}],"wp:attachment":[{"href":"https:\/\/wp.uaslp.mx\/noticias\/wp-json\/wp\/v2\/media?parent=4218"}],"wp:term":[{"taxonomy":"category","embeddable":true,"href":"https:\/\/wp.uaslp.mx\/noticias\/wp-json\/wp\/v2\/categories?post=4218"},{"taxonomy":"post_tag","embeddable":true,"href":"https:\/\/wp.uaslp.mx\/noticias\/wp-json\/wp\/v2\/tags?post=4218"}],"curies":[{"name":"wp","href":"https:\/\/api.w.org\/{rel}","templated":true}]}}