{"id":3684,"date":"2021-04-15T14:00:00","date_gmt":"2021-04-15T19:00:00","guid":{"rendered":"http:\/\/www.noticiasuaslp.com\/?p=3664"},"modified":"2021-04-15T14:00:00","modified_gmt":"2021-04-15T19:00:00","slug":"investigadores-de-la-uaslp-disenan-programa-de-rehabilitacion-para-los-efectos-en-salud-del-covid-largo","status":"publish","type":"post","link":"https:\/\/wp.uaslp.mx\/noticias\/investigacion\/investigadores-de-la-uaslp-disenan-programa-de-rehabilitacion-para-los-efectos-en-salud-del-covid-largo\/","title":{"rendered":"Investigadores de la UASLP dise\u00f1an programa de rehabilitaci\u00f3n para los efectos en salud del Covid largo."},"content":{"rendered":"\n<p>Un grupo de investigadores de la Coordinaci\u00f3n para la Innovaci\u00f3n y Aplicaci\u00f3n de la Ciencia y la Tecnolog\u00eda en colaboraci\u00f3n con colegas de la Facultad de Medicina y especialistas en el estado en el \u00e1rea de neumolog\u00eda, rehabilitaci\u00f3n y cardiolog\u00eda, est\u00e1n dise\u00f1ando un programa de rehabilitaci\u00f3n basado en comunidad para la sindemia del Covid largo, apoyados en los principios de promoci\u00f3n, prevenci\u00f3n y protecci\u00f3n de la metodolog\u00eda de rehabilitaci\u00f3n de la Organizaci\u00f3n Mundial de la Salud.\u00a0<\/p>\n\n\n\n<p>El proyecto pretende generar nuevos m\u00e9todos de identificaci\u00f3n de efectos de Covid largo, principalmente de da\u00f1o pulmonar y cardiovascular, con un enfoque de tamizaje para la evaluaci\u00f3n r\u00e1pida, f\u00e1cil y econ\u00f3mica, inform\u00f3 el Dr. Rogelio Flores Ram\u00edrez catedr\u00e1tico Conacyt adscrito a la Ciacyt- UASLP. &nbsp;<\/p>\n\n\n\n<p>El investigador universitario detall\u00f3 que el objetivo es difundir la parte posterior al Covid-19 o Covid largo, camino incierto despu\u00e9s de dicho padecimiento. Explic\u00f3 que el Covid largo refiere a las implicaciones y consecuencias de manifestaciones cl\u00ednicas reportadas en pacientes recuperados de la infecci\u00f3n por el SARS-CoV-2, siendo los s\u00edntomas que se presentan con mayor frecuencia: la falta de aire, mialgia, cefalea y ansiedad, en un intervalo que va desde las cuatro hasta las 24 semanas posteriores al desarrollo de la Covid-19.&nbsp;<\/p>\n\n\n\n<p>\u201cEl punto importante es que estas secuelas por la afectaci\u00f3n directa o no del SARS-CoV-2 ha transformado la vida de aquellos que contrajeron el virus y superaron la enfermedad. Recordemos que la Covid-19 es una enfermedad multisist\u00e9mica y existe una gran preocupaci\u00f3n en las secuelas sobre el sistema inmunol\u00f3gico, digestivo, nervioso, cardiovascular y respiratorio\u201d.&nbsp;<\/p>\n\n\n\n<p>Se\u00f1al\u00f3 que las secuelas cardiovasculares y los trombos se han convertido en consecuencias caracter\u00edsticas de esta fase. En cuanto a la anosmia o p\u00e9rdida total del olfato se ha convertido en un s\u00edntoma caracter\u00edstico de esta infecci\u00f3n, estudios se\u00f1alan que un veinte a un cuarenta por ciento de los pacientes est\u00e1n registrando anosmia durante meses. En el \u00e1mbito respiratorio se presenta la secuela caracter\u00edstica de falta de aire que sigue present\u00e1ndose en los pacientes despu\u00e9s de haber sido dados de alta.&nbsp;<\/p>\n\n\n\n<p>\u201cLo preocupante son los datos recientes que indican que hasta un tercio de las personas infectadas con el virus pueden desarrollar estas afectaciones a corto y largo plazo. Actualmente el paciente recuperado de acuerdo a lineamientos estandarizados por las autoridades de salud, se definen como aquellos casos en el cual han transcurrido hasta catorce d\u00edas a partir del inicio de s\u00edntomas y que no hubiera fallecido o se encontrara aun hospitalizado\u201d.&nbsp;<\/p>\n\n\n\n<p>Sin embargo, un paciente de Covid largo no logra estar recuperado, mientras se llevan a cabo ensayos cl\u00ednicos de agentes virales seguros y eficaces, se acelera el programa de desarrollo de vacunas, las secuelas a largo plazo de la infecci\u00f3n por el SARS- Cov- 2 son cada vez m\u00e1s reconocidas y preocupantes. &nbsp;<\/p>\n\n\n\n<p>\u201cNuestro pa\u00eds no cuenta con un plan integral para la atenci\u00f3n de Covid largo, se han focalizado en el conteo de casos infectados y recuperados, en el control de la transmisi\u00f3n, en la severidad cl\u00ednica y en todos aquellos problemas que solucionaran la parte del Covid agudo\u201d.&nbsp;<\/p>\n\n\n\n<p>El especialista a\u00f1adi\u00f3 que urgen protocolos proactivos de atenci\u00f3n para personas con este tipo de padecimientos, y para ello, la UASLP est\u00e1 dise\u00f1ando un programa de rehabilitaci\u00f3n basado en comunidad para la sindemia del Covid largo, que en breve ser\u00e1 sometido como proyecto al Conacyt, para visibilizar esta problem\u00e1tica.<\/p>\n","protected":false},"excerpt":{"rendered":"<p>Un grupo de investigadores de la Coordinaci\u00f3n para la Innovaci\u00f3n y Aplicaci\u00f3n de la Ciencia&#8230;<\/p>\n","protected":false},"author":2,"featured_media":3668,"comment_status":"closed","ping_status":"closed","sticky":false,"template":"","format":"standard","meta":{"pgc_sgb_lightbox_settings":"","footnotes":""},"categories":[10],"tags":[132,314,528],"class_list":["post-3684","post","type-post","status-publish","format-standard","has-post-thumbnail","hentry","category-investigacion","tag-ciacyt","tag-facultad-de-medicina","tag-oms"],"featured_image_urls":{"full":["https:\/\/wp.uaslp.mx\/noticias\/wp-content\/uploads\/sites\/5\/2022\/05\/Dr.-Rogelio-Flores-Ramirez-1.jpeg",512,512,false],"thumbnail":["https:\/\/wp.uaslp.mx\/noticias\/wp-content\/uploads\/sites\/5\/2022\/05\/Dr.-Rogelio-Flores-Ramirez-1-150x150.jpeg",150,150,true],"medium":["https:\/\/wp.uaslp.mx\/noticias\/wp-content\/uploads\/sites\/5\/2022\/05\/Dr.-Rogelio-Flores-Ramirez-1-300x300.jpeg",300,300,true],"medium_large":["https:\/\/wp.uaslp.mx\/noticias\/wp-content\/uploads\/sites\/5\/2022\/05\/Dr.-Rogelio-Flores-Ramirez-1.jpeg",512,512,false],"large":["https:\/\/wp.uaslp.mx\/noticias\/wp-content\/uploads\/sites\/5\/2022\/05\/Dr.-Rogelio-Flores-Ramirez-1.jpeg",512,512,false],"1536x1536":["https:\/\/wp.uaslp.mx\/noticias\/wp-content\/uploads\/sites\/5\/2022\/05\/Dr.-Rogelio-Flores-Ramirez-1.jpeg",512,512,false],"2048x2048":["https:\/\/wp.uaslp.mx\/noticias\/wp-content\/uploads\/sites\/5\/2022\/05\/Dr.-Rogelio-Flores-Ramirez-1.jpeg",512,512,false],"newsever-slider-full":["https:\/\/wp.uaslp.mx\/noticias\/wp-content\/uploads\/sites\/5\/2022\/05\/Dr.-Rogelio-Flores-Ramirez-1.jpeg",512,512,false],"newsever-featured":["https:\/\/wp.uaslp.mx\/noticias\/wp-content\/uploads\/sites\/5\/2022\/05\/Dr.-Rogelio-Flores-Ramirez-1.jpeg",512,512,false],"newsever-medium":["https:\/\/wp.uaslp.mx\/noticias\/wp-content\/uploads\/sites\/5\/2022\/05\/Dr.-Rogelio-Flores-Ramirez-1-512x475.jpeg",512,475,true],"mailpoet_newsletter_max":["https:\/\/wp.uaslp.mx\/noticias\/wp-content\/uploads\/sites\/5\/2022\/05\/Dr.-Rogelio-Flores-Ramirez-1.jpeg",512,512,false]},"author_info":{"display_name":"Prensa y difusi\u00f3n","author_link":"https:\/\/wp.uaslp.mx\/noticias\/author\/joelcancino\/"},"category_info":"<a href=\"https:\/\/wp.uaslp.mx\/noticias\/category\/investigacion\/\" rel=\"category tag\">Investigaci\u00f3n<\/a>","tag_info":"Investigaci\u00f3n","comment_count":"0","_links":{"self":[{"href":"https:\/\/wp.uaslp.mx\/noticias\/wp-json\/wp\/v2\/posts\/3684","targetHints":{"allow":["GET"]}}],"collection":[{"href":"https:\/\/wp.uaslp.mx\/noticias\/wp-json\/wp\/v2\/posts"}],"about":[{"href":"https:\/\/wp.uaslp.mx\/noticias\/wp-json\/wp\/v2\/types\/post"}],"author":[{"embeddable":true,"href":"https:\/\/wp.uaslp.mx\/noticias\/wp-json\/wp\/v2\/users\/2"}],"replies":[{"embeddable":true,"href":"https:\/\/wp.uaslp.mx\/noticias\/wp-json\/wp\/v2\/comments?post=3684"}],"version-history":[{"count":0,"href":"https:\/\/wp.uaslp.mx\/noticias\/wp-json\/wp\/v2\/posts\/3684\/revisions"}],"wp:featuredmedia":[{"embeddable":true,"href":"https:\/\/wp.uaslp.mx\/noticias\/wp-json\/wp\/v2\/media\/3668"}],"wp:attachment":[{"href":"https:\/\/wp.uaslp.mx\/noticias\/wp-json\/wp\/v2\/media?parent=3684"}],"wp:term":[{"taxonomy":"category","embeddable":true,"href":"https:\/\/wp.uaslp.mx\/noticias\/wp-json\/wp\/v2\/categories?post=3684"},{"taxonomy":"post_tag","embeddable":true,"href":"https:\/\/wp.uaslp.mx\/noticias\/wp-json\/wp\/v2\/tags?post=3684"}],"curies":[{"name":"wp","href":"https:\/\/api.w.org\/{rel}","templated":true}]}}