{"id":3355,"date":"2021-09-14T14:00:00","date_gmt":"2021-09-14T19:00:00","guid":{"rendered":"http:\/\/www.noticiasuaslp.com\/?p=3355"},"modified":"2021-09-14T14:00:00","modified_gmt":"2021-09-14T19:00:00","slug":"federacion-universitaria-potosina-promueve-entre-la-comunidad-universitaria-el-tema-de-la-inclusion","status":"publish","type":"post","link":"https:\/\/wp.uaslp.mx\/noticias\/comunidad\/federacion-universitaria-potosina-promueve-entre-la-comunidad-universitaria-el-tema-de-la-inclusion\/","title":{"rendered":"Federaci\u00f3n Universitaria Potosina promueve entre la comunidad universitaria el tema de la inclusi\u00f3n"},"content":{"rendered":"\n<p>La Federaci\u00f3n Universitaria Potosina (FUP) a trav\u00e9s de su presidente Hermes Barrag\u00e1n Hern\u00e1ndez, anunci\u00f3 la realizaci\u00f3n de una serie de proyectos para lograr una universidad m\u00e1s incluyente.\u00a0<\/p>\n\n\n\n<p>Dijo que dentro del contexto del modelo h\u00edbrido que actualmente se tiene en la UASLP, y pr\u00f3ximo incremento de clases presenciales, se detect\u00f3 una serie de situaciones entre los estudiantes que atrajeron la atenci\u00f3n en el tema de la inclusi\u00f3n, por ello, iniciaron la construcci\u00f3n de diversas propuestas.\u00a0\u00a0<\/p>\n\n\n\n<p>Las actividades iniciaran este fin de semana, con el taller de lengua de se\u00f1as dirigido a los consejeros alumnos titulares y suplentes, presidente y vicepresidente de la Federaci\u00f3n Universitaria Potosina, extendi\u00e9ndose la invitaci\u00f3n al personal administrativo.\u00a0\u00a0<\/p>\n\n\n\n<p>Barrag\u00e1n Hern\u00e1ndez dijo que, este es un primer paso y en un futuro se espera sea obligatorio para los representantes universitarios tener conocimiento del lenguaje de se\u00f1as para tener un mejor contacto con el alumnado.<\/p>\n\n\n\n<p>Mencion\u00f3 m\u00e1s adelante planearon que se realice un acondicionamiento de instalaciones que permitan a la universidad ser m\u00e1s accesible.<\/p>\n\n\n\n<p>El taller de lengua de se\u00f1as ser\u00e1 habilitado para cuarenta personas e impartido por estudiantes de la Facultad de Psicolog\u00eda que cuentan con una asociaci\u00f3n dedicada a este tema. Cabe destacar es la primera ocasi\u00f3n que se realiza una actividad como est\u00e1 con la finalidad de tener accesibilidad en todos los sentidos, uno de los principales proyectos de la Federaci\u00f3n Universitaria Potosina.\u00a0<\/p>\n","protected":false},"excerpt":{"rendered":"<p>La Federaci\u00f3n Universitaria Potosina (FUP) a trav\u00e9s de su presidente Hermes Barrag\u00e1n Hern\u00e1ndez, anunci\u00f3 la&#8230;<\/p>\n","protected":false},"author":2,"featured_media":3309,"comment_status":"closed","ping_status":"closed","sticky":false,"template":"","format":"standard","meta":{"pgc_sgb_lightbox_settings":"","footnotes":""},"categories":[5,9],"tags":[356,420,579],"class_list":["post-3355","post","type-post","status-publish","format-standard","has-post-thumbnail","hentry","category-comunidad","category-gobierno","tag-fup","tag-inlcusion","tag-proyectos"],"featured_image_urls":{"full":["https:\/\/wp.uaslp.mx\/noticias\/wp-content\/uploads\/sites\/5\/2022\/05\/Hermes-Barragan.jpg",1600,1200,false],"thumbnail":["https:\/\/wp.uaslp.mx\/noticias\/wp-content\/uploads\/sites\/5\/2022\/05\/Hermes-Barragan-150x150.jpg",150,150,true],"medium":["https:\/\/wp.uaslp.mx\/noticias\/wp-content\/uploads\/sites\/5\/2022\/05\/Hermes-Barragan-300x225.jpg",300,225,true],"medium_large":["https:\/\/wp.uaslp.mx\/noticias\/wp-content\/uploads\/sites\/5\/2022\/05\/Hermes-Barragan-768x576.jpg",640,480,true],"large":["https:\/\/wp.uaslp.mx\/noticias\/wp-content\/uploads\/sites\/5\/2022\/05\/Hermes-Barragan-1024x768.jpg",1024,768,true],"1536x1536":["https:\/\/wp.uaslp.mx\/noticias\/wp-content\/uploads\/sites\/5\/2022\/05\/Hermes-Barragan-1536x1152.jpg",1536,1152,true],"2048x2048":["https:\/\/wp.uaslp.mx\/noticias\/wp-content\/uploads\/sites\/5\/2022\/05\/Hermes-Barragan.jpg",1600,1200,false],"newsever-slider-full":["https:\/\/wp.uaslp.mx\/noticias\/wp-content\/uploads\/sites\/5\/2022\/05\/Hermes-Barragan-1280x845.jpg",1280,845,true],"newsever-featured":["https:\/\/wp.uaslp.mx\/noticias\/wp-content\/uploads\/sites\/5\/2022\/05\/Hermes-Barragan-1024x768.jpg",1024,768,true],"newsever-medium":["https:\/\/wp.uaslp.mx\/noticias\/wp-content\/uploads\/sites\/5\/2022\/05\/Hermes-Barragan-720x475.jpg",720,475,true],"mailpoet_newsletter_max":["https:\/\/wp.uaslp.mx\/noticias\/wp-content\/uploads\/sites\/5\/2022\/05\/Hermes-Barragan-1320x990.jpg",1320,990,true]},"author_info":{"display_name":"Prensa y difusi\u00f3n","author_link":"https:\/\/wp.uaslp.mx\/noticias\/author\/joelcancino\/"},"category_info":"<a href=\"https:\/\/wp.uaslp.mx\/noticias\/category\/comunidad\/\" rel=\"category tag\">Comunidad<\/a> <a href=\"https:\/\/wp.uaslp.mx\/noticias\/category\/gobierno\/\" rel=\"category tag\">Gobierno<\/a>","tag_info":"Gobierno","comment_count":"0","_links":{"self":[{"href":"https:\/\/wp.uaslp.mx\/noticias\/wp-json\/wp\/v2\/posts\/3355","targetHints":{"allow":["GET"]}}],"collection":[{"href":"https:\/\/wp.uaslp.mx\/noticias\/wp-json\/wp\/v2\/posts"}],"about":[{"href":"https:\/\/wp.uaslp.mx\/noticias\/wp-json\/wp\/v2\/types\/post"}],"author":[{"embeddable":true,"href":"https:\/\/wp.uaslp.mx\/noticias\/wp-json\/wp\/v2\/users\/2"}],"replies":[{"embeddable":true,"href":"https:\/\/wp.uaslp.mx\/noticias\/wp-json\/wp\/v2\/comments?post=3355"}],"version-history":[{"count":0,"href":"https:\/\/wp.uaslp.mx\/noticias\/wp-json\/wp\/v2\/posts\/3355\/revisions"}],"wp:featuredmedia":[{"embeddable":true,"href":"https:\/\/wp.uaslp.mx\/noticias\/wp-json\/wp\/v2\/media\/3309"}],"wp:attachment":[{"href":"https:\/\/wp.uaslp.mx\/noticias\/wp-json\/wp\/v2\/media?parent=3355"}],"wp:term":[{"taxonomy":"category","embeddable":true,"href":"https:\/\/wp.uaslp.mx\/noticias\/wp-json\/wp\/v2\/categories?post=3355"},{"taxonomy":"post_tag","embeddable":true,"href":"https:\/\/wp.uaslp.mx\/noticias\/wp-json\/wp\/v2\/tags?post=3355"}],"curies":[{"name":"wp","href":"https:\/\/api.w.org\/{rel}","templated":true}]}}