{"id":3206,"date":"2022-01-19T13:51:00","date_gmt":"2022-01-19T18:51:00","guid":{"rendered":"https:\/\/www.noticiasuaslp.com\/?p=3206"},"modified":"2022-01-19T13:51:00","modified_gmt":"2022-01-19T18:51:00","slug":"para-evitar-brotes-ante-cualquier-sintoma-de-covid-19-trabajadores-deben-recibir-atencion-medica-dr-gad-gamed","status":"publish","type":"post","link":"https:\/\/wp.uaslp.mx\/noticias\/uaslp\/para-evitar-brotes-ante-cualquier-sintoma-de-covid-19-trabajadores-deben-recibir-atencion-medica-dr-gad-gamed\/","title":{"rendered":"Para evitar brotes, ante cualquier s\u00edntoma de COVID-19, trabajadores deben recibir atenci\u00f3n m\u00e9dica: Dr. Gad Gamed"},"content":{"rendered":"\n<p>Dado que la variante \u00d3micron ha generado un incremento sustantivo en el n\u00famero de contagios entre la poblaci\u00f3n potosina con los picos m\u00e1s altos a lo largo de toda la pandemia en casos positivos de COVID-19, ante cualquier sintomatolog\u00eda las y los trabajadores en activo deben acudir al centro de salud que les corresponda para evitar brotes en sus \u00e1reas laborales. As\u00ed lo recomend\u00f3 el Dr. Gad Gamed Zavala, docente de la <a href=\"http:\/\/www.medicina.uaslp.mx\/\" target=\"_blank\" rel=\"noreferrer noopener\">Facultad de Medicina<\/a>.<\/p>\n\n\n\n<p>Al hablar de las acciones individuales que deben seguirse para disminuir los contagios de coronavirus en el ambiente laboral, el doctor refiri\u00f3 que la sintomatolog\u00eda cl\u00ednica de \u00d3micron registra una tendencia m\u00e1s espec\u00edfica a las v\u00edas respiratorias altas. Ello, a diferencia de las variantes previas que se distribu\u00edan m\u00e1s a las v\u00edas respiratorias bajas (pulmones), lo cual llevaba a las personas infectadas pr\u00e1cticamente al hospital.<\/p>\n\n\n\n<p>\u201cAhora entre los s\u00edntomas cl\u00ednicos m\u00e1s frecuentes de esta nueva variante referidos en un estudio de una revista de Europa se encuentran la fiebre, tos y rinorrea o escurrimiento nasal\u201d. Resalt\u00f3 la necesidad de que un m\u00e9dico eval\u00fae al trabajador para indicar la aplicaci\u00f3n de la prueba, el aislamiento -que se ha reducido de 5 a 10 d\u00edas para proteger a la econom\u00eda- y el tratamiento b\u00e1sico de la sintomatolog\u00eda, que es la piedra angular para abordar en este momento la pandemia.<\/p>\n\n\n\n<p>El docente de la <a href=\"http:\/\/www.medicina.uaslp.mx\/\" target=\"_blank\" rel=\"noreferrer noopener\">Facultad de Medicina<\/a> record\u00f3 adem\u00e1s que el 15% de la poblaci\u00f3n no tiene s\u00edntomas a pesar de ser positivos, y eso es algo que se debe tener presente porque pueden contagiar a m\u00e1s personas. En este sentido, recalc\u00f3 que es importante seguir manteniendo las medidas preventivas que ya se conocen, adem\u00e1s de adaptarnos a vivir con esta pandemia, de seguir con nuestras actividades, pero con responsabilidad social.<\/p>\n\n\n\n<p>Tambi\u00e9n coment\u00f3 que en otro estudio publicado en la prestigiosa revista <em><a rel=\"noreferrer noopener\" href=\"https:\/\/www.thelancet.com\/\" target=\"_blank\">The Lancet<\/a><\/em> se dieron unos datos interesantes como que el hecho de mantener la sana distancia de un metro protege en un 18% m\u00e1s que los que no lo hacen, el uso del cubrebocas un 15% m\u00e1s que el que no lo lleva, pero si adem\u00e1s se usa el N95 se incrementa el porcentaje de protecci\u00f3n a un 50% y as\u00ed ambas personas lo emplean el porcentaje es a\u00fan m\u00e1s alto, as\u00ed como las gafas oculares que protegen en un 22% de riesgo de contagio.<\/p>\n","protected":false},"excerpt":{"rendered":"<p>Dado que la variante \u00d3micron ha generado un incremento sustantivo en el n\u00famero de contagios&#8230;<\/p>\n","protected":false},"author":2,"featured_media":0,"comment_status":"closed","ping_status":"closed","sticky":false,"template":"","format":"standard","meta":{"pgc_sgb_lightbox_settings":"","footnotes":""},"categories":[782],"tags":[201,485,527],"class_list":["post-3206","post","type-post","status-publish","format-standard","hentry","category-uaslp","tag-coronavirus","tag-medicina","tag-omicron-2"],"featured_image_urls":{"full":"","thumbnail":"","medium":"","medium_large":"","large":"","1536x1536":"","2048x2048":"","newsever-slider-full":"","newsever-featured":"","newsever-medium":"","mailpoet_newsletter_max":""},"author_info":{"display_name":"Prensa y difusi\u00f3n","author_link":"https:\/\/wp.uaslp.mx\/noticias\/author\/joelcancino\/"},"category_info":"<a href=\"https:\/\/wp.uaslp.mx\/noticias\/category\/uaslp\/\" rel=\"category tag\">UASLP<\/a>","tag_info":"UASLP","comment_count":"0","_links":{"self":[{"href":"https:\/\/wp.uaslp.mx\/noticias\/wp-json\/wp\/v2\/posts\/3206","targetHints":{"allow":["GET"]}}],"collection":[{"href":"https:\/\/wp.uaslp.mx\/noticias\/wp-json\/wp\/v2\/posts"}],"about":[{"href":"https:\/\/wp.uaslp.mx\/noticias\/wp-json\/wp\/v2\/types\/post"}],"author":[{"embeddable":true,"href":"https:\/\/wp.uaslp.mx\/noticias\/wp-json\/wp\/v2\/users\/2"}],"replies":[{"embeddable":true,"href":"https:\/\/wp.uaslp.mx\/noticias\/wp-json\/wp\/v2\/comments?post=3206"}],"version-history":[{"count":0,"href":"https:\/\/wp.uaslp.mx\/noticias\/wp-json\/wp\/v2\/posts\/3206\/revisions"}],"wp:attachment":[{"href":"https:\/\/wp.uaslp.mx\/noticias\/wp-json\/wp\/v2\/media?parent=3206"}],"wp:term":[{"taxonomy":"category","embeddable":true,"href":"https:\/\/wp.uaslp.mx\/noticias\/wp-json\/wp\/v2\/categories?post=3206"},{"taxonomy":"post_tag","embeddable":true,"href":"https:\/\/wp.uaslp.mx\/noticias\/wp-json\/wp\/v2\/tags?post=3206"}],"curies":[{"name":"wp","href":"https:\/\/api.w.org\/{rel}","templated":true}]}}