{"id":2724,"date":"2020-09-18T14:00:00","date_gmt":"2020-09-18T19:00:00","guid":{"rendered":"http:\/\/www.noticiasuaslp.com\/?p=2724"},"modified":"2020-09-18T14:00:00","modified_gmt":"2020-09-18T19:00:00","slug":"en-reunion-de-trabajo-con-alcaldes-de-la-huasteca-norte-el-rector-de-la-uaslp-alejandro-zermeno-pidio-tener-una-vinculacion-sensible-frente-a-las-necesidades-de-la-region","status":"publish","type":"post","link":"https:\/\/wp.uaslp.mx\/noticias\/comunidad\/en-reunion-de-trabajo-con-alcaldes-de-la-huasteca-norte-el-rector-de-la-uaslp-alejandro-zermeno-pidio-tener-una-vinculacion-sensible-frente-a-las-necesidades-de-la-region\/","title":{"rendered":"En reuni\u00f3n de trabajo con alcaldes de la Huasteca Norte, el Rector de la UASLP Alejandro Zerme\u00f1o pidi\u00f3 tener una vinculaci\u00f3n sensible frente a las necesidades de la regi\u00f3n"},"content":{"rendered":"\n<p><\/p>\n\n\n\n<p>En gira de trabajo por los campus for\u00e1neos de la UASLP, el Rector Alejandro Javier Zerme\u00f1o Guerra\u00a0 se reuni\u00f3 con presidentes municipales de la Huasteca\u00a0 Norte en la Facultad de Estudios Profesionales Zona Huasteca con la finalidad de lograr un mayor acercamiento de la UASLP con la sociedad mediante una vinculaci\u00f3n sensible a las necesidades de la regi\u00f3n.<\/p>\n\n\n\n<p>En el evento estuvieron presentes el alcalde de Ciudad Valles, el licenciado Adri\u00e1n Esper C\u00e1rdenas; licenciado Benito Cruz Caballero, secretario general de Axtla de Terrazas; profesor Eloir Medina Y\u00e1\u00f1ez, director de Educaci\u00f3n de Aquism\u00f3n; Jairo Ernesto Meza Paita, secretario general de San Vicente Tancuayalab; y licenciado Feliciano Pulido Mej\u00eda, secretario general de Tanlaj\u00e1s.<\/p>\n\n\n\n<p>As\u00ed como las licenciadas Gloria M\u00e9ndez Ram\u00edrez y Magdalena Castillo Mendoza, de la secretar\u00eda general de Tamasopo, y el maestro Isaac Lara Azuara, director de la Facultad de Estudios Profesionales Zona Huasteca.<\/p>\n\n\n\n<p>Durante la reuni\u00f3n, el doctor Alejandro Zerme\u00f1o expres\u00f3: \u201cDentro de los planes de la Universidad Aut\u00f3noma de San Luis Potos\u00ed es que sea un factor de cambio y de apoyo para el desarrollo de las poblaciones, comunidades y municipios del Estado; aunque las comunidades sean muy peque\u00f1as, la Universidad siempre puede aportar algo\u201d.<\/p>\n\n\n\n<p>De igual manera, destac\u00f3 la presencia de la Universidad Aut\u00f3noma de San Luis Potos\u00ed en el municipio de Ciudad Valles, \u201ccreada en 1984 para garantizar una educaci\u00f3n superior de excelencia. En la actualidad, la Facultad de Estudios Profesionales de la Zona Huasteca tiene una matr\u00edcula de 2 mil 546 alumnos; de los cuales el 43.7% son hombres y el 56.43% son mujeres, con poco m\u00e1s de 240 alumnos de diferentes municipios huastecos\u201d.<\/p>\n\n\n\n<p>\u201cEn el Campus Valles tenemos 198 profesores hora-clase y 33 investigadores de tiempo completo; de estos \u00faltimos, 29 cuentan con perfil deseable otorgado por el Prodep y 11 pertenecen al Sistema Nacional de Investigadores (SNI)\u201d, a\u00f1adi\u00f3.<\/p>\n\n\n\n<p>La vinculaci\u00f3n es uno de los principales retos, \u201ccon este af\u00e1n se ha buscado establecer convenio de impacto para los \u00e1mbitos de la investigaci\u00f3n, ense\u00f1anza, salud, as\u00ed como a la formaci\u00f3n pr\u00e1ctica de nuestros estudiantes, destacando las alianzas firmadas con el Hospital General de Ciudad Valles, IMSS, ISSSTE, CEDH, SAT, CANACO, ROTARAC y empresas del sector privado\u201d.<\/p>\n\n\n\n<p>La Facultad de Estudios Profesionales Zona Huasteca busca a trav\u00e9s de la Divisi\u00f3n de Vinculaci\u00f3n desarrollar servicios de extensi\u00f3n, \u201cen la actualidad, ofrecemos servicios jur\u00eddicos a trav\u00e9s del Despacho, en materia de salud an\u00e1lisis cl\u00ednicos, de alimentos, calidad del agua y el Centro M\u00e9dico Universitario\u201d.<\/p>\n\n\n\n<p>El doctor Alejandro Javier Zerme\u00f1o Guerra expres\u00f3 que \u201caunque 36 a\u00f1os desde la creaci\u00f3n del Campus Valles pudieran parecer muchos, somos conscientes que el camino por recorrer es largo a\u00fan, pero es ese futuro y nuestro compromiso por la b\u00fasqueda de la excelencia, lo que d\u00eda a d\u00eda nos mueve a seguir adelante\u201d.<\/p>\n","protected":false},"excerpt":{"rendered":"<p>En gira de trabajo por los campus for\u00e1neos de la UASLP, el Rector Alejandro Javier&#8230;<\/p>\n","protected":false},"author":2,"featured_media":2725,"comment_status":"closed","ping_status":"closed","sticky":false,"template":"","format":"standard","meta":{"pgc_sgb_lightbox_settings":"","footnotes":""},"categories":[5,9],"tags":[195,332],"class_list":["post-2724","post","type-post","status-publish","format-standard","has-post-thumbnail","hentry","category-comunidad","category-gobierno","tag-convenio","tag-fepzh"],"featured_image_urls":{"full":["https:\/\/wp.uaslp.mx\/noticias\/wp-content\/uploads\/sites\/5\/2022\/04\/En-reunion-de-trabajo-con-alcaldes-de-la-Huasteca-Norte-el-Rector-de-la-UASLP-Alejandro-Zermeno-pidio-tener-una-vinculacion-sensible-frente-a-las-necesidades-de-la-regio.jpeg",1280,960,false],"thumbnail":["https:\/\/wp.uaslp.mx\/noticias\/wp-content\/uploads\/sites\/5\/2022\/04\/En-reunion-de-trabajo-con-alcaldes-de-la-Huasteca-Norte-el-Rector-de-la-UASLP-Alejandro-Zermeno-pidio-tener-una-vinculacion-sensible-frente-a-las-necesidades-de-la-regio-150x150.jpeg",150,150,true],"medium":["https:\/\/wp.uaslp.mx\/noticias\/wp-content\/uploads\/sites\/5\/2022\/04\/En-reunion-de-trabajo-con-alcaldes-de-la-Huasteca-Norte-el-Rector-de-la-UASLP-Alejandro-Zermeno-pidio-tener-una-vinculacion-sensible-frente-a-las-necesidades-de-la-regio-300x225.jpeg",300,225,true],"medium_large":["https:\/\/wp.uaslp.mx\/noticias\/wp-content\/uploads\/sites\/5\/2022\/04\/En-reunion-de-trabajo-con-alcaldes-de-la-Huasteca-Norte-el-Rector-de-la-UASLP-Alejandro-Zermeno-pidio-tener-una-vinculacion-sensible-frente-a-las-necesidades-de-la-regio-768x576.jpeg",640,480,true],"large":["https:\/\/wp.uaslp.mx\/noticias\/wp-content\/uploads\/sites\/5\/2022\/04\/En-reunion-de-trabajo-con-alcaldes-de-la-Huasteca-Norte-el-Rector-de-la-UASLP-Alejandro-Zermeno-pidio-tener-una-vinculacion-sensible-frente-a-las-necesidades-de-la-regio-1024x768.jpeg",1024,768,true],"1536x1536":["https:\/\/wp.uaslp.mx\/noticias\/wp-content\/uploads\/sites\/5\/2022\/04\/En-reunion-de-trabajo-con-alcaldes-de-la-Huasteca-Norte-el-Rector-de-la-UASLP-Alejandro-Zermeno-pidio-tener-una-vinculacion-sensible-frente-a-las-necesidades-de-la-regio.jpeg",1280,960,false],"2048x2048":["https:\/\/wp.uaslp.mx\/noticias\/wp-content\/uploads\/sites\/5\/2022\/04\/En-reunion-de-trabajo-con-alcaldes-de-la-Huasteca-Norte-el-Rector-de-la-UASLP-Alejandro-Zermeno-pidio-tener-una-vinculacion-sensible-frente-a-las-necesidades-de-la-regio.jpeg",1280,960,false],"newsever-slider-full":["https:\/\/wp.uaslp.mx\/noticias\/wp-content\/uploads\/sites\/5\/2022\/04\/En-reunion-de-trabajo-con-alcaldes-de-la-Huasteca-Norte-el-Rector-de-la-UASLP-Alejandro-Zermeno-pidio-tener-una-vinculacion-sensible-frente-a-las-necesidades-de-la-regio-1280x845.jpeg",1280,845,true],"newsever-featured":["https:\/\/wp.uaslp.mx\/noticias\/wp-content\/uploads\/sites\/5\/2022\/04\/En-reunion-de-trabajo-con-alcaldes-de-la-Huasteca-Norte-el-Rector-de-la-UASLP-Alejandro-Zermeno-pidio-tener-una-vinculacion-sensible-frente-a-las-necesidades-de-la-regio-1024x768.jpeg",1024,768,true],"newsever-medium":["https:\/\/wp.uaslp.mx\/noticias\/wp-content\/uploads\/sites\/5\/2022\/04\/En-reunion-de-trabajo-con-alcaldes-de-la-Huasteca-Norte-el-Rector-de-la-UASLP-Alejandro-Zermeno-pidio-tener-una-vinculacion-sensible-frente-a-las-necesidades-de-la-regio-720x475.jpeg",720,475,true],"mailpoet_newsletter_max":["https:\/\/wp.uaslp.mx\/noticias\/wp-content\/uploads\/sites\/5\/2022\/04\/En-reunion-de-trabajo-con-alcaldes-de-la-Huasteca-Norte-el-Rector-de-la-UASLP-Alejandro-Zermeno-pidio-tener-una-vinculacion-sensible-frente-a-las-necesidades-de-la-regio.jpeg",1280,960,false]},"author_info":{"display_name":"Prensa y difusi\u00f3n","author_link":"https:\/\/wp.uaslp.mx\/noticias\/author\/joelcancino\/"},"category_info":"<a href=\"https:\/\/wp.uaslp.mx\/noticias\/category\/comunidad\/\" rel=\"category tag\">Comunidad<\/a> <a href=\"https:\/\/wp.uaslp.mx\/noticias\/category\/gobierno\/\" rel=\"category tag\">Gobierno<\/a>","tag_info":"Gobierno","comment_count":"0","_links":{"self":[{"href":"https:\/\/wp.uaslp.mx\/noticias\/wp-json\/wp\/v2\/posts\/2724","targetHints":{"allow":["GET"]}}],"collection":[{"href":"https:\/\/wp.uaslp.mx\/noticias\/wp-json\/wp\/v2\/posts"}],"about":[{"href":"https:\/\/wp.uaslp.mx\/noticias\/wp-json\/wp\/v2\/types\/post"}],"author":[{"embeddable":true,"href":"https:\/\/wp.uaslp.mx\/noticias\/wp-json\/wp\/v2\/users\/2"}],"replies":[{"embeddable":true,"href":"https:\/\/wp.uaslp.mx\/noticias\/wp-json\/wp\/v2\/comments?post=2724"}],"version-history":[{"count":0,"href":"https:\/\/wp.uaslp.mx\/noticias\/wp-json\/wp\/v2\/posts\/2724\/revisions"}],"wp:featuredmedia":[{"embeddable":true,"href":"https:\/\/wp.uaslp.mx\/noticias\/wp-json\/wp\/v2\/media\/2725"}],"wp:attachment":[{"href":"https:\/\/wp.uaslp.mx\/noticias\/wp-json\/wp\/v2\/media?parent=2724"}],"wp:term":[{"taxonomy":"category","embeddable":true,"href":"https:\/\/wp.uaslp.mx\/noticias\/wp-json\/wp\/v2\/categories?post=2724"},{"taxonomy":"post_tag","embeddable":true,"href":"https:\/\/wp.uaslp.mx\/noticias\/wp-json\/wp\/v2\/tags?post=2724"}],"curies":[{"name":"wp","href":"https:\/\/api.w.org\/{rel}","templated":true}]}}