{"id":26662,"date":"2026-09-01T14:24:16","date_gmt":"2026-09-01T20:24:16","guid":{"rendered":"https:\/\/wp.uaslp.mx\/noticias\/?p=26662"},"modified":"2026-09-01T14:48:50","modified_gmt":"2026-09-01T20:48:50","slug":"instituto-de-fisica-conmemora-70-anos-con-catedra-de-investigacion-cientifica","status":"publish","type":"post","link":"https:\/\/wp.uaslp.mx\/noticias\/academica\/instituto-de-fisica-conmemora-70-anos-con-catedra-de-investigacion-cientifica\/","title":{"rendered":"Instituto de F\u00edsica conmemora 70 a\u00f1os con C\u00e1tedra de Investigaci\u00f3n Cient\u00edfica"},"content":{"rendered":"\n<p class=\"wp-block-paragraph\">En el marco de la conmemoraci\u00f3n por el 70 aniversario del <a href=\"https:\/\/www.facebook.com\/InstitutoFisicaUASLP\/?locale=es_LA\">Instituto de F\u00edsica<\/a> de la Universidad Aut\u00f3noma de San Luis Potos\u00ed (UASLP), se llevar\u00e1 a cabo la C\u00e1tedra de Investigaci\u00f3n Cient\u00edfica del Instituto de F\u00edsica, espacio que reunir\u00e1 a estudiantes, docentes, investigadores y p\u00fablico en general en torno a temas de ciencia, tecnolog\u00eda e innovaci\u00f3n.<\/p>\n\n\n\n<p class=\"wp-block-paragraph\">El titular de la Secretar\u00eda Acad\u00e9mica del Instituto de F\u00edsica, Jos\u00e9 Alfredo M\u00e9ndez Caba\u00f1as, destac\u00f3 que la c\u00e1tedra forma parte de las actividades conmemorativas por siete d\u00e9cadas de trabajo acad\u00e9mico y cient\u00edfico, periodo en el que la entidad ha contribuido a la formaci\u00f3n de generaciones de profesionales y al desarrollo de investigaci\u00f3n en distintas \u00e1reas del conocimiento.<\/p>\n\n\n\n<p class=\"wp-block-paragraph\">Record\u00f3 que del Instituto de F\u00edsica surgi\u00f3 la entonces Escuela de F\u00edsica, actualmente Facultad de Ciencias, mientras que con el paso de los a\u00f1os el Instituto ha ampliado sus l\u00edneas de trabajo para incorporar \u00e1reas como matem\u00e1ticas, biof\u00edsica, biolog\u00eda y neurociencias.<\/p>\n\n\n\n<p class=\"wp-block-paragraph\">La C\u00e1tedra se desarrollar\u00e1 los d\u00edas 8, 9 y 10 de septiembre de 2026, con la participaci\u00f3n del doctor V\u00edctor M. Zavala, profesor de la University of Wisconsin-Madison y especialista en an\u00e1lisis de datos, optimizaci\u00f3n de procesos e inteligencia artificial aplicada a las ciencias qu\u00edmicas y la ingenier\u00eda.<\/p>\n\n\n\n<p class=\"wp-block-paragraph\">M\u00e9ndez Caba\u00f1as explic\u00f3 que la elecci\u00f3n del investigador respondi\u00f3 a una convocatoria interna en la que participaron distintas propuestas de los grupos de investigaci\u00f3n del Instituto. El objetivo es acercar a la comunidad universitaria y a la sociedad a nuevas perspectivas cient\u00edficas y mostrar las posibilidades que ofrecen herramientas como la inteligencia artificial para atender problem\u00e1ticas de impacto social.<\/p>\n\n\n\n<p class=\"wp-block-paragraph\">\u201cNos pareci\u00f3 que como tema para divulgarlo a la sociedad, que los j\u00f3venes se den cuenta que la IA va m\u00e1s all\u00e1 de las redes sociales y el manejo de fotos; puede implicar procesos en beneficio humano muy grandes\u201d, se\u00f1al\u00f3.<\/p>\n\n\n\n<p class=\"wp-block-paragraph\">Durante la c\u00e1tedra se abordar\u00e1n temas relacionados con la transformaci\u00f3n de la ciencia y la tecnolog\u00eda mediante inteligencia artificial; los avances en inteligencia artificial y ciencia de datos aplicados a las ciencias qu\u00edmicas, as\u00ed como las nuevas tendencias en la educaci\u00f3n de ingenieros y cient\u00edficos a partir de estas herramientas.<\/p>\n\n\n\n<p class=\"wp-block-paragraph\">El acad\u00e9mico explic\u00f3 que la actividad tiene tres objetivos principales: ofrecer a las y los estudiantes una perspectiva distinta sobre las posibilidades de desarrollo profesional e investigaci\u00f3n; acercar a la sociedad al conocimiento cient\u00edfico y mostrar sus aplicaciones para atender necesidades concretas; y propiciar entre docentes e investigadores nuevas ideas y oportunidades de colaboraci\u00f3n.<\/p>\n\n\n\n<p class=\"wp-block-paragraph\">\u201cSon esos tres objetivos. Entonces, no es s\u00f3lo para el estudiante, sino tambi\u00e9n para la poblaci\u00f3n en general\u201d, puntualiz\u00f3.<\/p>\n\n\n\n<p class=\"wp-block-paragraph\">La programaci\u00f3n contempla adem\u00e1s actividades complementarias, entre ellas la presentaci\u00f3n de p\u00f3steres y otras expresiones de divulgaci\u00f3n y convivencia acad\u00e9mica. El programa general se desarrollar\u00e1 de las 10:00 a las 14:00 horas durante los tres d\u00edas; la primera conferencia ser\u00e1 el martes 8 de septiembre a las 10:00 horas, mientras que las correspondientes al 9 y 10 de septiembre se realizar\u00e1n a las 13:00 horas.<\/p>\n\n\n\n<p class=\"wp-block-paragraph\">El evento ser\u00e1 gratuito y abierto al p\u00fablico en las instalaciones del Instituto de F\u00edsica de la UASLP. Asimismo, las conferencias podr\u00e1n seguirse a trav\u00e9s del canal de<a href=\"https:\/\/www.youtube.com\/channel\/UCijcZAcDo1Ih5u9e8kiFP3g\"> YouTube del Instituto<\/a>.<\/p>\n\n\n\n<p class=\"has-text-align-right wp-block-paragraph\"><em>Paola Mu\u00f1oz<\/em><\/p>\n\n\n<div class=\"pgc-sgb-cb wp-block-pgcsimplygalleryblock-masonry \" data-gallery-id=\"5a021401\"><div class=\"sgb-preloader\" id=\"pr_5a021401\">\n\t<div class=\"sgb-square\" style=\"background:#d4d4d4\"><\/div>\n\t<div class=\"sgb-square\" style=\"background:#d4d4d4\"><\/div>\n\t<div class=\"sgb-square\" style=\"background:#d4d4d4\"><\/div>\n\t<div class=\"sgb-square\" style=\"background:#d4d4d4\"><\/div><\/div><div class=\"simply-gallery-amp pgc_sgb_slider \"><noscript><div class=\"sgb-gallery\"><div class=\"sgb-item\"><a href=\"https:\/\/wp.uaslp.mx\/noticias\/?attachment_id=26667\" target=\"_blank\"><img decoding=\"async\" alt=\"\" width=\"1024\" height=\"768\" loading=\"lazy\" src=\"https:\/\/wp.uaslp.mx\/noticias\/wp-content\/uploads\/sites\/5\/2026\/09\/WhatsApp-Image-2026-09-01-at-2.17.43-PM-1024x768.jpeg\" srcset=\"https:\/\/wp.uaslp.mx\/noticias\/wp-content\/uploads\/sites\/5\/2026\/09\/WhatsApp-Image-2026-09-01-at-2.17.43-PM-1024x768.jpeg 1024w,https:\/\/wp.uaslp.mx\/noticias\/wp-content\/uploads\/sites\/5\/2026\/09\/WhatsApp-Image-2026-09-01-at-2.17.43-PM.jpeg 1600w\" sizes=\"auto, 250px\"\/><\/a><\/div><div class=\"sgb-item\"><a href=\"https:\/\/wp.uaslp.mx\/noticias\/?attachment_id=26663\" target=\"_blank\"><img decoding=\"async\" alt=\"\" width=\"1024\" height=\"768\" loading=\"lazy\" src=\"https:\/\/wp.uaslp.mx\/noticias\/wp-content\/uploads\/sites\/5\/2026\/09\/789372220_1101788995866890_7440673054671144459_n-1024x768.jpg\" srcset=\"https:\/\/wp.uaslp.mx\/noticias\/wp-content\/uploads\/sites\/5\/2026\/09\/789372220_1101788995866890_7440673054671144459_n-1024x768.jpg 1024w,https:\/\/wp.uaslp.mx\/noticias\/wp-content\/uploads\/sites\/5\/2026\/09\/789372220_1101788995866890_7440673054671144459_n.jpg 1448w\" sizes=\"auto, 250px\"\/><\/a><\/div><div class=\"sgb-item\"><a href=\"https:\/\/wp.uaslp.mx\/noticias\/?attachment_id=26664\" target=\"_blank\"><img decoding=\"async\" alt=\"\" width=\"1024\" height=\"768\" loading=\"lazy\" src=\"https:\/\/wp.uaslp.mx\/noticias\/wp-content\/uploads\/sites\/5\/2026\/09\/785152221_2121271258814680_2730029247750565726_n-1024x768.jpg\" srcset=\"https:\/\/wp.uaslp.mx\/noticias\/wp-content\/uploads\/sites\/5\/2026\/09\/785152221_2121271258814680_2730029247750565726_n-1024x768.jpg 1024w,https:\/\/wp.uaslp.mx\/noticias\/wp-content\/uploads\/sites\/5\/2026\/09\/785152221_2121271258814680_2730029247750565726_n.jpg 1448w\" sizes=\"auto, 250px\"\/><\/a><\/div><div class=\"sgb-item\"><a href=\"https:\/\/wp.uaslp.mx\/noticias\/?attachment_id=26665\" target=\"_blank\"><img decoding=\"async\" alt=\"\" width=\"1024\" height=\"768\" loading=\"lazy\" src=\"https:\/\/wp.uaslp.mx\/noticias\/wp-content\/uploads\/sites\/5\/2026\/09\/788081093_1094380343122325_2408902087610273532_n-1024x768.jpg\" srcset=\"https:\/\/wp.uaslp.mx\/noticias\/wp-content\/uploads\/sites\/5\/2026\/09\/788081093_1094380343122325_2408902087610273532_n-1024x768.jpg 1024w,https:\/\/wp.uaslp.mx\/noticias\/wp-content\/uploads\/sites\/5\/2026\/09\/788081093_1094380343122325_2408902087610273532_n.jpg 1448w\" sizes=\"auto, 250px\"\/><\/a><\/div><\/div><\/noscript><\/div><script type=\"application\/json\" class=\"sgb-data\">{\"galleryType\":\"pgc_sgb_masonry\",\"galleryId\":\"5a021401\",\"images\":[{\"id\":26667,\"title\":\"WhatsApp Image 2026-09-01 at 2.17.43 PM\",\"url\":\"https:\/\/wp.uaslp.mx\/noticias\/wp-content\/uploads\/sites\/5\/2026\/09\/WhatsApp-Image-2026-09-01-at-2.17.43-PM.jpeg\",\"link\":\"https:\/\/wp.uaslp.mx\/noticias\/?attachment_id=26667\",\"alt\":\"\",\"description\":\"\",\"caption\":\"\",\"mime\":\"image\/jpeg\",\"type\":\"image\",\"width\":1600,\"height\":1200,\"sizes\":{\"thumbnail\":{\"height\":150,\"width\":150,\"url\":\"https:\/\/wp.uaslp.mx\/noticias\/wp-content\/uploads\/sites\/5\/2026\/09\/WhatsApp-Image-2026-09-01-at-2.17.43-PM-150x150.jpeg\",\"orientation\":\"landscape\"},\"medium\":{\"height\":768,\"width\":1024,\"url\":\"https:\/\/wp.uaslp.mx\/noticias\/wp-content\/uploads\/sites\/5\/2026\/09\/WhatsApp-Image-2026-09-01-at-2.17.43-PM-1024x768.jpeg\",\"orientation\":\"landscape\"},\"full\":{\"url\":\"https:\/\/wp.uaslp.mx\/noticias\/wp-content\/uploads\/sites\/5\/2026\/09\/WhatsApp-Image-2026-09-01-at-2.17.43-PM.jpeg\",\"height\":1200,\"width\":1600,\"orientation\":\"landscape\"}},\"imageMeta\":{\"aperture\":\"0\",\"credit\":\"\",\"camera\":\"\",\"caption\":\"\",\"created_timestamp\":\"0\",\"copyright\":\"\",\"focal_length\":\"0\",\"iso\":\"0\",\"shutter_speed\":\"0\",\"title\":\"\",\"orientation\":\"0\",\"keywords\":[],\"alt\":\"\"},\"meta\":false,\"postlink\":\"https:\/\/wp.uaslp.mx\/noticias\/?attachment_id=26667\"},{\"id\":26663,\"title\":\"789372220_1101788995866890_7440673054671144459_n\",\"url\":\"https:\/\/wp.uaslp.mx\/noticias\/wp-content\/uploads\/sites\/5\/2026\/09\/789372220_1101788995866890_7440673054671144459_n.jpg\",\"link\":\"https:\/\/wp.uaslp.mx\/noticias\/?attachment_id=26663\",\"alt\":\"\",\"description\":\"\",\"caption\":\"\",\"mime\":\"image\/jpeg\",\"type\":\"image\",\"width\":1448,\"height\":1086,\"sizes\":{\"thumbnail\":{\"height\":150,\"width\":150,\"url\":\"https:\/\/wp.uaslp.mx\/noticias\/wp-content\/uploads\/sites\/5\/2026\/09\/789372220_1101788995866890_7440673054671144459_n-150x150.jpg\",\"orientation\":\"landscape\"},\"medium\":{\"height\":768,\"width\":1024,\"url\":\"https:\/\/wp.uaslp.mx\/noticias\/wp-content\/uploads\/sites\/5\/2026\/09\/789372220_1101788995866890_7440673054671144459_n-1024x768.jpg\",\"orientation\":\"landscape\"},\"full\":{\"url\":\"https:\/\/wp.uaslp.mx\/noticias\/wp-content\/uploads\/sites\/5\/2026\/09\/789372220_1101788995866890_7440673054671144459_n.jpg\",\"height\":1086,\"width\":1448,\"orientation\":\"landscape\"}},\"imageMeta\":{\"aperture\":\"0\",\"credit\":\"\",\"camera\":\"\",\"caption\":\"\",\"created_timestamp\":\"0\",\"copyright\":\"\",\"focal_length\":\"0\",\"iso\":\"0\",\"shutter_speed\":\"0\",\"title\":\"\",\"orientation\":\"0\",\"keywords\":[],\"alt\":\"\"},\"meta\":false,\"postlink\":\"https:\/\/wp.uaslp.mx\/noticias\/?attachment_id=26663\"},{\"id\":26664,\"title\":\"785152221_2121271258814680_2730029247750565726_n\",\"url\":\"https:\/\/wp.uaslp.mx\/noticias\/wp-content\/uploads\/sites\/5\/2026\/09\/785152221_2121271258814680_2730029247750565726_n.jpg\",\"link\":\"https:\/\/wp.uaslp.mx\/noticias\/?attachment_id=26664\",\"alt\":\"\",\"description\":\"\",\"caption\":\"\",\"mime\":\"image\/jpeg\",\"type\":\"image\",\"width\":1448,\"height\":1086,\"sizes\":{\"thumbnail\":{\"height\":150,\"width\":150,\"url\":\"https:\/\/wp.uaslp.mx\/noticias\/wp-content\/uploads\/sites\/5\/2026\/09\/785152221_2121271258814680_2730029247750565726_n-150x150.jpg\",\"orientation\":\"landscape\"},\"medium\":{\"height\":768,\"width\":1024,\"url\":\"https:\/\/wp.uaslp.mx\/noticias\/wp-content\/uploads\/sites\/5\/2026\/09\/785152221_2121271258814680_2730029247750565726_n-1024x768.jpg\",\"orientation\":\"landscape\"},\"full\":{\"url\":\"https:\/\/wp.uaslp.mx\/noticias\/wp-content\/uploads\/sites\/5\/2026\/09\/785152221_2121271258814680_2730029247750565726_n.jpg\",\"height\":1086,\"width\":1448,\"orientation\":\"landscape\"}},\"imageMeta\":{\"aperture\":\"0\",\"credit\":\"\",\"camera\":\"\",\"caption\":\"\",\"created_timestamp\":\"0\",\"copyright\":\"\",\"focal_length\":\"0\",\"iso\":\"0\",\"shutter_speed\":\"0\",\"title\":\"\",\"orientation\":\"0\",\"keywords\":[],\"alt\":\"\"},\"meta\":false,\"postlink\":\"https:\/\/wp.uaslp.mx\/noticias\/?attachment_id=26664\"},{\"id\":26665,\"title\":\"788081093_1094380343122325_2408902087610273532_n\",\"url\":\"https:\/\/wp.uaslp.mx\/noticias\/wp-content\/uploads\/sites\/5\/2026\/09\/788081093_1094380343122325_2408902087610273532_n.jpg\",\"link\":\"https:\/\/wp.uaslp.mx\/noticias\/?attachment_id=26665\",\"alt\":\"\",\"description\":\"\",\"caption\":\"\",\"mime\":\"image\/jpeg\",\"type\":\"image\",\"width\":1448,\"height\":1086,\"sizes\":{\"thumbnail\":{\"height\":150,\"width\":150,\"url\":\"https:\/\/wp.uaslp.mx\/noticias\/wp-content\/uploads\/sites\/5\/2026\/09\/788081093_1094380343122325_2408902087610273532_n-150x150.jpg\",\"orientation\":\"landscape\"},\"medium\":{\"height\":768,\"width\":1024,\"url\":\"https:\/\/wp.uaslp.mx\/noticias\/wp-content\/uploads\/sites\/5\/2026\/09\/788081093_1094380343122325_2408902087610273532_n-1024x768.jpg\",\"orientation\":\"landscape\"},\"full\":{\"url\":\"https:\/\/wp.uaslp.mx\/noticias\/wp-content\/uploads\/sites\/5\/2026\/09\/788081093_1094380343122325_2408902087610273532_n.jpg\",\"height\":1086,\"width\":1448,\"orientation\":\"landscape\"}},\"imageMeta\":{\"aperture\":\"0\",\"credit\":\"\",\"camera\":\"\",\"caption\":\"\",\"created_timestamp\":\"0\",\"copyright\":\"\",\"focal_length\":\"0\",\"iso\":\"0\",\"shutter_speed\":\"0\",\"title\":\"\",\"orientation\":\"0\",\"keywords\":[],\"alt\":\"\"},\"meta\":false,\"postlink\":\"https:\/\/wp.uaslp.mx\/noticias\/?attachment_id=26665\"}],\"itemsMetaDataCollection\":[]}<\/script><script>(function(){if(window.PGC_SGB && window.PGC_SGB.searcher){window.PGC_SGB.searcher.initBlocks()}})()<\/script><\/div>\n\n\n<figure class=\"wp-block-gallery has-nested-images columns-default is-cropped wp-block-gallery-1 is-layout-flex wp-block-gallery-is-layout-flex\"><\/figure>\n","protected":false},"excerpt":{"rendered":"<p>En el marco de la conmemoraci\u00f3n por el 70 aniversario del Instituto de F\u00edsica de&#8230;<\/p>\n","protected":false},"author":12,"featured_media":26666,"comment_status":"closed","ping_status":"closed","sticky":false,"template":"","format":"standard","meta":{"pgc_sgb_lightbox_settings":"","footnotes":"","_members_access_role":[],"_members_access_error":""},"categories":[2],"tags":[3306],"class_list":["post-26662","post","type-post","status-publish","format-standard","has-post-thumbnail","hentry","category-academica","tag-inteligenciaartificial"],"featured_image_urls":{"full":["https:\/\/wp.uaslp.mx\/noticias\/wp-content\/uploads\/sites\/5\/2026\/09\/catedra.jpeg",1235,923,false],"thumbnail":["https:\/\/wp.uaslp.mx\/noticias\/wp-content\/uploads\/sites\/5\/2026\/09\/catedra-150x150.jpeg",150,150,true],"medium":["https:\/\/wp.uaslp.mx\/noticias\/wp-content\/uploads\/sites\/5\/2026\/09\/catedra-1024x765.jpeg",1024,765,true],"medium_large":["https:\/\/wp.uaslp.mx\/noticias\/wp-content\/uploads\/sites\/5\/2026\/09\/catedra-767x573.jpeg",640,478,true],"large":["https:\/\/wp.uaslp.mx\/noticias\/wp-content\/uploads\/sites\/5\/2026\/09\/catedra.jpeg",1235,923,false],"1536x1536":["https:\/\/wp.uaslp.mx\/noticias\/wp-content\/uploads\/sites\/5\/2026\/09\/catedra.jpeg",1235,923,false],"2048x2048":["https:\/\/wp.uaslp.mx\/noticias\/wp-content\/uploads\/sites\/5\/2026\/09\/catedra.jpeg",1235,923,false],"newsever-slider-full":["https:\/\/wp.uaslp.mx\/noticias\/wp-content\/uploads\/sites\/5\/2026\/09\/catedra-1235x845.jpeg",1235,845,true],"newsever-featured":["https:\/\/wp.uaslp.mx\/noticias\/wp-content\/uploads\/sites\/5\/2026\/09\/catedra-1024x765-1.jpeg",1024,765,true],"newsever-medium":["https:\/\/wp.uaslp.mx\/noticias\/wp-content\/uploads\/sites\/5\/2026\/09\/catedra-720x475.jpeg",720,475,true],"mailpoet_newsletter_max":["https:\/\/wp.uaslp.mx\/noticias\/wp-content\/uploads\/sites\/5\/2026\/09\/catedra.jpeg",1235,923,false]},"author_info":{"display_name":"Prensa y difusi\u00f3n","author_link":"https:\/\/wp.uaslp.mx\/noticias\/author\/giovannamorales\/"},"category_info":"<a href=\"https:\/\/wp.uaslp.mx\/noticias\/category\/academica\/\" rel=\"category tag\">Acad\u00e9mica<\/a>","tag_info":"Acad\u00e9mica","comment_count":"0","_links":{"self":[{"href":"https:\/\/wp.uaslp.mx\/noticias\/wp-json\/wp\/v2\/posts\/26662","targetHints":{"allow":["GET"]}}],"collection":[{"href":"https:\/\/wp.uaslp.mx\/noticias\/wp-json\/wp\/v2\/posts"}],"about":[{"href":"https:\/\/wp.uaslp.mx\/noticias\/wp-json\/wp\/v2\/types\/post"}],"author":[{"embeddable":true,"href":"https:\/\/wp.uaslp.mx\/noticias\/wp-json\/wp\/v2\/users\/12"}],"replies":[{"embeddable":true,"href":"https:\/\/wp.uaslp.mx\/noticias\/wp-json\/wp\/v2\/comments?post=26662"}],"version-history":[{"count":3,"href":"https:\/\/wp.uaslp.mx\/noticias\/wp-json\/wp\/v2\/posts\/26662\/revisions"}],"predecessor-version":[{"id":26670,"href":"https:\/\/wp.uaslp.mx\/noticias\/wp-json\/wp\/v2\/posts\/26662\/revisions\/26670"}],"wp:featuredmedia":[{"embeddable":true,"href":"https:\/\/wp.uaslp.mx\/noticias\/wp-json\/wp\/v2\/media\/26666"}],"wp:attachment":[{"href":"https:\/\/wp.uaslp.mx\/noticias\/wp-json\/wp\/v2\/media?parent=26662"}],"wp:term":[{"taxonomy":"category","embeddable":true,"href":"https:\/\/wp.uaslp.mx\/noticias\/wp-json\/wp\/v2\/categories?post=26662"},{"taxonomy":"post_tag","embeddable":true,"href":"https:\/\/wp.uaslp.mx\/noticias\/wp-json\/wp\/v2\/tags?post=26662"}],"curies":[{"name":"wp","href":"https:\/\/api.w.org\/{rel}","templated":true}]}}