{"id":26631,"date":"2026-08-26T14:16:49","date_gmt":"2026-08-26T20:16:49","guid":{"rendered":"https:\/\/wp.uaslp.mx\/noticias\/?p=26631"},"modified":"2026-08-31T14:21:25","modified_gmt":"2026-08-31T20:21:25","slug":"investigadora-de-la-fen-plantea-mayor-representacion-de-enfermeria-en-politicas-publicas","status":"publish","type":"post","link":"https:\/\/wp.uaslp.mx\/noticias\/investigacion\/investigadora-de-la-fen-plantea-mayor-representacion-de-enfermeria-en-politicas-publicas\/","title":{"rendered":"Investigadora de la FEN plantea mayor representaci\u00f3n de Enfermer\u00eda en pol\u00edticas p\u00fablicas"},"content":{"rendered":"\n<p class=\"wp-block-paragraph\">La participaci\u00f3n del personal de Enfermer\u00eda en la definici\u00f3n de pol\u00edticas p\u00fablicas debe fortalecerse para que su experiencia y conocimiento de las necesidades de la poblaci\u00f3n sean considerados en la toma de decisiones, afirm\u00f3 la Dra. Yesica Yolanda Rangel Flores, profesora investigadora de la <a href=\"https:\/\/www.facebook.com\/enfermeriaynutricionUASLP\/?locale=es_LA\">Facultad de Enfermer\u00eda y Nutrici\u00f3n<\/a> (FEN) de la Universidad Aut\u00f3noma de San Luis Potos\u00ed (UASLP), quien particip\u00f3 en el primer Parlamento de Enfermer\u00eda en M\u00e9xico, realizado en el Senado de la Rep\u00fablica.<\/p>\n\n\n\n<p class=\"wp-block-paragraph\">El encuentro fue impulsado por la Red Nacional de Enfermer\u00eda y Pol\u00edtica P\u00fablica mediante una convocatoria abierta en la que se recibieron m\u00e1s de 80 propuestas de iniciativas de ley. Despu\u00e9s de un proceso de revisi\u00f3n por parte de asesores del Senado, alrededor de 25 fueron seleccionadas para ser presentadas durante el parlamento.<\/p>\n\n\n\n<p class=\"wp-block-paragraph\">La investigadora de la UASLP explic\u00f3 que el ejercicio permiti\u00f3 reconocer la importancia de una profesi\u00f3n que mantiene contacto permanente con la poblaci\u00f3n y conoce de primera mano las necesidades y dificultades del sistema de salud. &#8220;Somos quienes permanecemos 24 horas a pie de cama con los pacientes dentro de los hospitales&#8221;, se\u00f1al\u00f3.<\/p>\n\n\n\n<p class=\"wp-block-paragraph\">La propuesta presentada por la Dra. Rangel Flores plantea establecer una participaci\u00f3n formal de Enfermer\u00eda en los \u00f3rganos y comit\u00e9s t\u00e9cnicos donde se toman decisiones relacionadas con la salud p\u00fablica, particularmente en el Consejo de Salubridad General. Actualmente, explic\u00f3, representantes de Enfermer\u00eda pueden ser convocados como invitados para aportar su opini\u00f3n t\u00e9cnica, pero no existe una disposici\u00f3n que garantice su representaci\u00f3n con voz y voto. &#8220;Me parece que es inadmisible que quien permanece 24 horas en atenci\u00f3n directa con la poblaci\u00f3n, que ninguna otra profesi\u00f3n lo hace, no pueda decidir en materia de pol\u00edtica p\u00fablica en salud&#8221;, sostuvo.<\/p>\n\n\n\n<p class=\"wp-block-paragraph\">La acad\u00e9mica destac\u00f3 que su iniciativa recibi\u00f3 comentarios favorables de senadores y asesores legislativos, quienes consideraron que tiene posibilidades de avanzar debido a que no requiere una inversi\u00f3n econ\u00f3mica adicional ni la creaci\u00f3n de nueva infraestructura. El planteamiento busca reconocer la capacidad del personal de Enfermer\u00eda para intervenir en las decisiones que posteriormente se traducen en programas y acciones dirigidas a la poblaci\u00f3n. &#8220;Yo siempre he sido una convencida de que la investigaci\u00f3n que no incide, no cuenta&#8221;, expres\u00f3, al se\u00f1alar la necesidad de que el conocimiento generado desde las universidades se transforme en propuestas que contribuyan a mejorar las leyes.<\/p>\n\n\n\n<p class=\"wp-block-paragraph\">Rangel Flores consider\u00f3 que uno de los principales resultados del Parlamento fue demostrar que existe inter\u00e9s dentro del gremio por participar en asuntos p\u00fablicos. Las propuestas presentadas, dijo, reflejaron problem\u00e1ticas reales y estuvieron vinculadas con las condiciones que enfrenta el personal de salud en distintos espacios. Tambi\u00e9n valor\u00f3 la participaci\u00f3n conjunta de profesionales dedicados tanto a la investigaci\u00f3n como a la atenci\u00f3n directa, pues permiti\u00f3 integrar distintas perspectivas en la discusi\u00f3n legislativa.<\/p>\n\n\n\n<p class=\"wp-block-paragraph\">La investigadora plante\u00f3 adem\u00e1s que este tipo de ejercicios podr\u00edan replicarse en los congresos estatales, debido a que cada entidad enfrenta necesidades particulares en materia de salud. En su caso, explic\u00f3, la propuesta contempla que la participaci\u00f3n de Enfermer\u00eda no se limite al \u00e1mbito nacional, sino que tambi\u00e9n pueda incorporarse en los comit\u00e9s t\u00e9cnicos de las entidades federativas. &#8220;S\u00ed ser\u00eda buen\u00edsimo abrir tambi\u00e9n los parlamentos a nivel estatal porque cada estado tiene sus particulares retos&#8221;, afirm\u00f3.<\/p>\n\n\n\n<p class=\"wp-block-paragraph\">Finalmente, la Dra. Yesica Yolanda Rangel Flores destac\u00f3 que tanto el personal operativo como quienes se desempe\u00f1an en la academia est\u00e1n buscando cambios legislativos y normativos que contribuyan a mejorar las condiciones de atenci\u00f3n. &#8220;Estamos pugnando por hacer adecuaciones en materia legislativa, en materia normativa, para que la gente en general tenga mejores condiciones, m\u00e1s garant\u00edas, haya menos riesgos en su atenci\u00f3n&#8221;, afirm\u00f3.<\/p>\n\n\n<div class=\"pgc-sgb-cb wp-block-pgcsimplygalleryblock-masonry \" data-gallery-id=\"c2c66405\"><div class=\"sgb-preloader\" id=\"pr_c2c66405\">\n\t<div class=\"sgb-square\" style=\"background:#d4d4d4\"><\/div>\n\t<div class=\"sgb-square\" style=\"background:#d4d4d4\"><\/div>\n\t<div class=\"sgb-square\" style=\"background:#d4d4d4\"><\/div>\n\t<div class=\"sgb-square\" style=\"background:#d4d4d4\"><\/div><\/div><div class=\"simply-gallery-amp pgc_sgb_slider \"><noscript><div class=\"sgb-gallery\"><div class=\"sgb-item\"><a href=\"https:\/\/wp.uaslp.mx\/noticias\/?attachment_id=26633\" target=\"_blank\"><img decoding=\"async\" alt=\"\" width=\"637\" height=\"920\" loading=\"lazy\" src=\"https:\/\/wp.uaslp.mx\/noticias\/wp-content\/uploads\/sites\/5\/2026\/08\/WhatsApp-Image-2026-08-26-at-12.46.38-PM-1.jpeg\" srcset=\",https:\/\/wp.uaslp.mx\/noticias\/wp-content\/uploads\/sites\/5\/2026\/08\/WhatsApp-Image-2026-08-26-at-12.46.38-PM-1.jpeg 637w\" sizes=\"auto, 250px\"\/><\/a><\/div><\/div><\/noscript><\/div><script type=\"application\/json\" class=\"sgb-data\">{\"galleryType\":\"pgc_sgb_masonry\",\"galleryId\":\"c2c66405\",\"images\":[{\"id\":26633,\"title\":\"WhatsApp Image 2026-08-26 at 12.46.38 PM (1)\",\"url\":\"https:\/\/wp.uaslp.mx\/noticias\/wp-content\/uploads\/sites\/5\/2026\/08\/WhatsApp-Image-2026-08-26-at-12.46.38-PM-1.jpeg\",\"link\":\"https:\/\/wp.uaslp.mx\/noticias\/?attachment_id=26633\",\"alt\":\"\",\"description\":\"\",\"caption\":\"\",\"mime\":\"image\/jpeg\",\"type\":\"image\",\"width\":637,\"height\":920,\"sizes\":{\"thumbnail\":{\"height\":150,\"width\":150,\"url\":\"https:\/\/wp.uaslp.mx\/noticias\/wp-content\/uploads\/sites\/5\/2026\/08\/WhatsApp-Image-2026-08-26-at-12.46.38-PM-1-150x150.jpeg\",\"orientation\":\"landscape\"},\"full\":{\"url\":\"https:\/\/wp.uaslp.mx\/noticias\/wp-content\/uploads\/sites\/5\/2026\/08\/WhatsApp-Image-2026-08-26-at-12.46.38-PM-1.jpeg\",\"height\":920,\"width\":637,\"orientation\":\"portrait\"}},\"imageMeta\":{\"aperture\":\"0\",\"credit\":\"\",\"camera\":\"\",\"caption\":\"\",\"created_timestamp\":\"0\",\"copyright\":\"\",\"focal_length\":\"0\",\"iso\":\"0\",\"shutter_speed\":\"0\",\"title\":\"\",\"orientation\":\"0\",\"keywords\":[],\"alt\":\"\"},\"meta\":false,\"postlink\":\"https:\/\/wp.uaslp.mx\/noticias\/?attachment_id=26633\"}],\"itemsMetaDataCollection\":[]}<\/script><script>(function(){if(window.PGC_SGB && window.PGC_SGB.searcher){window.PGC_SGB.searcher.initBlocks()}})()<\/script><\/div>","protected":false},"excerpt":{"rendered":"<p>La participaci\u00f3n del personal de Enfermer\u00eda en la definici\u00f3n de pol\u00edticas p\u00fablicas debe fortalecerse para&#8230;<\/p>\n","protected":false},"author":12,"featured_media":26632,"comment_status":"closed","ping_status":"closed","sticky":false,"template":"","format":"standard","meta":{"pgc_sgb_lightbox_settings":"","footnotes":"","_members_access_role":[],"_members_access_error":""},"categories":[10],"tags":[1923],"class_list":["post-26631","post","type-post","status-publish","format-standard","has-post-thumbnail","hentry","category-investigacion","tag-enfermeriauaslp"],"featured_image_urls":{"full":["https:\/\/wp.uaslp.mx\/noticias\/wp-content\/uploads\/sites\/5\/2026\/08\/WhatsApp-Image-2026-08-26-at-12.46.38-PM.jpeg",1280,960,false],"thumbnail":["https:\/\/wp.uaslp.mx\/noticias\/wp-content\/uploads\/sites\/5\/2026\/08\/WhatsApp-Image-2026-08-26-at-12.46.38-PM-150x150.jpeg",150,150,true],"medium":["https:\/\/wp.uaslp.mx\/noticias\/wp-content\/uploads\/sites\/5\/2026\/08\/WhatsApp-Image-2026-08-26-at-12.46.38-PM-1024x768.jpeg",1024,768,true],"medium_large":["https:\/\/wp.uaslp.mx\/noticias\/wp-content\/uploads\/sites\/5\/2026\/08\/WhatsApp-Image-2026-08-26-at-12.46.38-PM-768x576.jpeg",640,480,true],"large":["https:\/\/wp.uaslp.mx\/noticias\/wp-content\/uploads\/sites\/5\/2026\/08\/WhatsApp-Image-2026-08-26-at-12.46.38-PM.jpeg",1280,960,false],"1536x1536":["https:\/\/wp.uaslp.mx\/noticias\/wp-content\/uploads\/sites\/5\/2026\/08\/WhatsApp-Image-2026-08-26-at-12.46.38-PM.jpeg",1280,960,false],"2048x2048":["https:\/\/wp.uaslp.mx\/noticias\/wp-content\/uploads\/sites\/5\/2026\/08\/WhatsApp-Image-2026-08-26-at-12.46.38-PM.jpeg",1280,960,false],"newsever-slider-full":["https:\/\/wp.uaslp.mx\/noticias\/wp-content\/uploads\/sites\/5\/2026\/08\/WhatsApp-Image-2026-08-26-at-12.46.38-PM-1280x845.jpeg",1280,845,true],"newsever-featured":["https:\/\/wp.uaslp.mx\/noticias\/wp-content\/uploads\/sites\/5\/2026\/08\/WhatsApp-Image-2026-08-26-at-12.46.38-PM-1024x768.jpeg",1024,768,true],"newsever-medium":["https:\/\/wp.uaslp.mx\/noticias\/wp-content\/uploads\/sites\/5\/2026\/08\/WhatsApp-Image-2026-08-26-at-12.46.38-PM-720x475.jpeg",720,475,true],"mailpoet_newsletter_max":["https:\/\/wp.uaslp.mx\/noticias\/wp-content\/uploads\/sites\/5\/2026\/08\/WhatsApp-Image-2026-08-26-at-12.46.38-PM.jpeg",1280,960,false]},"author_info":{"display_name":"Prensa y difusi\u00f3n","author_link":"https:\/\/wp.uaslp.mx\/noticias\/author\/giovannamorales\/"},"category_info":"<a href=\"https:\/\/wp.uaslp.mx\/noticias\/category\/investigacion\/\" rel=\"category tag\">Investigaci\u00f3n<\/a>","tag_info":"Investigaci\u00f3n","comment_count":"0","_links":{"self":[{"href":"https:\/\/wp.uaslp.mx\/noticias\/wp-json\/wp\/v2\/posts\/26631","targetHints":{"allow":["GET"]}}],"collection":[{"href":"https:\/\/wp.uaslp.mx\/noticias\/wp-json\/wp\/v2\/posts"}],"about":[{"href":"https:\/\/wp.uaslp.mx\/noticias\/wp-json\/wp\/v2\/types\/post"}],"author":[{"embeddable":true,"href":"https:\/\/wp.uaslp.mx\/noticias\/wp-json\/wp\/v2\/users\/12"}],"replies":[{"embeddable":true,"href":"https:\/\/wp.uaslp.mx\/noticias\/wp-json\/wp\/v2\/comments?post=26631"}],"version-history":[{"count":1,"href":"https:\/\/wp.uaslp.mx\/noticias\/wp-json\/wp\/v2\/posts\/26631\/revisions"}],"predecessor-version":[{"id":26634,"href":"https:\/\/wp.uaslp.mx\/noticias\/wp-json\/wp\/v2\/posts\/26631\/revisions\/26634"}],"wp:featuredmedia":[{"embeddable":true,"href":"https:\/\/wp.uaslp.mx\/noticias\/wp-json\/wp\/v2\/media\/26632"}],"wp:attachment":[{"href":"https:\/\/wp.uaslp.mx\/noticias\/wp-json\/wp\/v2\/media?parent=26631"}],"wp:term":[{"taxonomy":"category","embeddable":true,"href":"https:\/\/wp.uaslp.mx\/noticias\/wp-json\/wp\/v2\/categories?post=26631"},{"taxonomy":"post_tag","embeddable":true,"href":"https:\/\/wp.uaslp.mx\/noticias\/wp-json\/wp\/v2\/tags?post=26631"}],"curies":[{"name":"wp","href":"https:\/\/api.w.org\/{rel}","templated":true}]}}