{"id":26619,"date":"2026-08-27T14:08:51","date_gmt":"2026-08-27T20:08:51","guid":{"rendered":"https:\/\/wp.uaslp.mx\/noticias\/?p=26619"},"modified":"2026-08-31T14:12:39","modified_gmt":"2026-08-31T20:12:39","slug":"uaslp-reafirma-su-compromiso-con-la-transparencia-y-el-fortalecimiento-de-las-instituciones-publicas-en-el-congreso-nacional-amereiaf-2026","status":"publish","type":"post","link":"https:\/\/wp.uaslp.mx\/noticias\/gobierno\/uaslp-reafirma-su-compromiso-con-la-transparencia-y-el-fortalecimiento-de-las-instituciones-publicas-en-el-congreso-nacional-amereiaf-2026\/","title":{"rendered":"UASLP reafirma su compromiso con la transparencia y el fortalecimiento de las instituciones p\u00fablicas en el Congreso Nacional AMEREIAF 2026"},"content":{"rendered":"\n<p class=\"wp-block-paragraph\">La <a href=\"https:\/\/www.facebook.com\/LaUASLP\/?locale=es_LA\">Universidad Aut\u00f3noma de San Luis Potos\u00ed<\/a> (UASLP) particip\u00f3 este jueves 27 de agosto en el Congreso Nacional AMEREIAF 2026, realizado en Acapulco, Guerrero, encuentro que reuni\u00f3 a autoridades de la Auditor\u00eda Superior de la Federaci\u00f3n (ASF), rectoras y rectores de universidades p\u00fablicas, as\u00ed como especialistas en administraci\u00f3n, fiscalizaci\u00f3n y educaci\u00f3n superior, para analizar los retos del pa\u00eds en materia de transparencia, rendici\u00f3n de cuentas y fortalecimiento institucional.<\/p>\n\n\n\n<p class=\"wp-block-paragraph\">El encuentro cont\u00f3 con la presencia del auditor superior de la Federaci\u00f3n, Aureliano Hern\u00e1ndez Palacios Cardel. Por parte de la UASLP asistieron el rector, Dr. Alejandro Javier Zerme\u00f1o Guerra, y la estudiante Mar\u00eda Guadalupe Cordero Reyes, de la Facultad de Contadur\u00eda y Administraci\u00f3n, quienes destacaron la importancia de la participaci\u00f3n de las instituciones de educaci\u00f3n superior en la consolidaci\u00f3n de una cultura de legalidad, responsabilidad p\u00fablica y confianza ciudadana.<\/p>\n\n\n\n<p class=\"wp-block-paragraph\">Como parte de la ceremonia de firma del convenio para la implementaci\u00f3n del Programa Nacional de Auditoras y Auditores Universitarios de la Auditor\u00eda Superior de la Federaci\u00f3n, la alumna Mar\u00eda Guadalupe Cordero Reyes dirigi\u00f3 un mensaje en representaci\u00f3n de la comunidad estudiantil, en el que se\u00f1al\u00f3 que esta iniciativa permitir\u00e1 a las y los j\u00f3venes complementar su formaci\u00f3n profesional mediante experiencias vinculadas con la \u00e9tica, la transparencia, la fiscalizaci\u00f3n y la rendici\u00f3n de cuentas.<\/p>\n\n\n\n<p class=\"wp-block-paragraph\">Afirm\u00f3 que las universidades tienen la responsabilidad de formar no s\u00f3lo profesionistas competentes, sino tambi\u00e9n ciudadanos comprometidos con el fortalecimiento de las instituciones democr\u00e1ticas. \u201cM\u00e9xico necesita profesionistas preparados, pero tambi\u00e9n ciudadanos conscientes, cr\u00edticos, \u00e9ticos y comprometidos con su entorno. Construir un mejor pa\u00eds no depende \u00fanicamente de quienes ocupan un cargo p\u00fablico, sino tambi\u00e9n de nuestra disposici\u00f3n para informarnos, participar y actuar con responsabilidad\u201d, expres\u00f3.<\/p>\n\n\n\n<p class=\"wp-block-paragraph\">Posteriormente, el rector Alejandro Javier Zerme\u00f1o Guerra particip\u00f3 en el panel \u201cM\u00e1s all\u00e1 del Cumplimiento: La Transparencia y la Integridad como Pilares de la Autonom\u00eda Universitaria\u201d, junto con el secretario general ejecutivo de la ANUIES, Luis Armando Gonz\u00e1lez Placencia; la rectora de la Universidad Aut\u00f3noma de Guerrero y presidenta de la AMEREIAF, Leticia Jim\u00e9nez Zamora; y la rectora de la Universidad Aut\u00f3noma del Estado de Morelos, Viridiana Ayde\u00e9 Le\u00f3n Hern\u00e1ndez.<\/p>\n\n\n\n<p class=\"wp-block-paragraph\">Durante su intervenci\u00f3n, el Dr. Zerme\u00f1o Guerra destac\u00f3 que la relaci\u00f3n entre las universidades p\u00fablicas y la Auditor\u00eda Superior de la Federaci\u00f3n ha evolucionado hacia un modelo de acompa\u00f1amiento institucional que contribuye a fortalecer la gesti\u00f3n universitaria, prevenir errores y consolidar una cultura de mejora continua.<\/p>\n\n\n\n<p class=\"wp-block-paragraph\">Subray\u00f3 que la transparencia y la rendici\u00f3n de cuentas no deben entenderse \u00fanicamente como obligaciones administrativas, sino como principios que fortalecen la autonom\u00eda universitaria y contribuyen a generar mayor confianza de la sociedad en sus instituciones de educaci\u00f3n superior.<\/p>\n\n\n<div class=\"pgc-sgb-cb wp-block-pgcsimplygalleryblock-masonry \" data-gallery-id=\"30809846\"><div class=\"sgb-preloader\" id=\"pr_30809846\">\n\t<div class=\"sgb-square\" style=\"background:#d4d4d4\"><\/div>\n\t<div class=\"sgb-square\" style=\"background:#d4d4d4\"><\/div>\n\t<div class=\"sgb-square\" style=\"background:#d4d4d4\"><\/div>\n\t<div class=\"sgb-square\" style=\"background:#d4d4d4\"><\/div><\/div><div class=\"simply-gallery-amp pgc_sgb_slider \"><noscript><div class=\"sgb-gallery\"><div class=\"sgb-item\"><a href=\"https:\/\/wp.uaslp.mx\/noticias\/?attachment_id=26620\" target=\"_blank\"><img decoding=\"async\" alt=\"\" width=\"1024\" height=\"589\" loading=\"lazy\" src=\"https:\/\/wp.uaslp.mx\/noticias\/wp-content\/uploads\/sites\/5\/2026\/08\/WhatsApp-Image-2026-08-27-at-12.58.14-PM-1024x589.jpeg\" srcset=\"https:\/\/wp.uaslp.mx\/noticias\/wp-content\/uploads\/sites\/5\/2026\/08\/WhatsApp-Image-2026-08-27-at-12.58.14-PM-1024x589.jpeg 1024w,https:\/\/wp.uaslp.mx\/noticias\/wp-content\/uploads\/sites\/5\/2026\/08\/WhatsApp-Image-2026-08-27-at-12.58.14-PM.jpeg 1280w\" sizes=\"auto, 250px\"\/><\/a><\/div><\/div><\/noscript><\/div><script type=\"application\/json\" class=\"sgb-data\">{\"galleryType\":\"pgc_sgb_masonry\",\"galleryId\":\"30809846\",\"images\":[{\"id\":26620,\"title\":\"WhatsApp Image 2026-08-27 at 12.58.14 PM\",\"url\":\"https:\/\/wp.uaslp.mx\/noticias\/wp-content\/uploads\/sites\/5\/2026\/08\/WhatsApp-Image-2026-08-27-at-12.58.14-PM.jpeg\",\"link\":\"https:\/\/wp.uaslp.mx\/noticias\/?attachment_id=26620\",\"alt\":\"\",\"description\":\"\",\"caption\":\"\",\"mime\":\"image\/jpeg\",\"type\":\"image\",\"width\":1280,\"height\":736,\"sizes\":{\"thumbnail\":{\"height\":150,\"width\":150,\"url\":\"https:\/\/wp.uaslp.mx\/noticias\/wp-content\/uploads\/sites\/5\/2026\/08\/WhatsApp-Image-2026-08-27-at-12.58.14-PM-150x150.jpeg\",\"orientation\":\"landscape\"},\"medium\":{\"height\":589,\"width\":1024,\"url\":\"https:\/\/wp.uaslp.mx\/noticias\/wp-content\/uploads\/sites\/5\/2026\/08\/WhatsApp-Image-2026-08-27-at-12.58.14-PM-1024x589.jpeg\",\"orientation\":\"landscape\"},\"full\":{\"url\":\"https:\/\/wp.uaslp.mx\/noticias\/wp-content\/uploads\/sites\/5\/2026\/08\/WhatsApp-Image-2026-08-27-at-12.58.14-PM.jpeg\",\"height\":736,\"width\":1280,\"orientation\":\"landscape\"}},\"imageMeta\":{\"aperture\":\"0\",\"credit\":\"\",\"camera\":\"\",\"caption\":\"\",\"created_timestamp\":\"0\",\"copyright\":\"\",\"focal_length\":\"0\",\"iso\":\"0\",\"shutter_speed\":\"0\",\"title\":\"\",\"orientation\":\"0\",\"keywords\":[],\"alt\":\"\"},\"meta\":false,\"postlink\":\"https:\/\/wp.uaslp.mx\/noticias\/?attachment_id=26620\"}],\"itemsMetaDataCollection\":[]}<\/script><script>(function(){if(window.PGC_SGB && window.PGC_SGB.searcher){window.PGC_SGB.searcher.initBlocks()}})()<\/script><\/div>\n\n\n<p class=\"wp-block-paragraph\"><\/p>\n","protected":false},"excerpt":{"rendered":"<p>La Universidad Aut\u00f3noma de San Luis Potos\u00ed (UASLP) particip\u00f3 este jueves 27 de agosto en&#8230;<\/p>\n","protected":false},"author":12,"featured_media":26621,"comment_status":"closed","ping_status":"closed","sticky":false,"template":"","format":"standard","meta":{"pgc_sgb_lightbox_settings":"","footnotes":"","_members_access_role":[],"_members_access_error":""},"categories":[9],"tags":[3535],"class_list":["post-26619","post","type-post","status-publish","format-standard","has-post-thumbnail","hentry","category-gobierno","tag-transparenciauaslp"],"featured_image_urls":{"full":["https:\/\/wp.uaslp.mx\/noticias\/wp-content\/uploads\/sites\/5\/2026\/08\/WhatsApp-Image-2026-08-27-at-12.58.14-PM-1.jpeg",1280,590,false],"thumbnail":["https:\/\/wp.uaslp.mx\/noticias\/wp-content\/uploads\/sites\/5\/2026\/08\/WhatsApp-Image-2026-08-27-at-12.58.14-PM-1-150x150.jpeg",150,150,true],"medium":["https:\/\/wp.uaslp.mx\/noticias\/wp-content\/uploads\/sites\/5\/2026\/08\/WhatsApp-Image-2026-08-27-at-12.58.14-PM-1-1024x472.jpeg",1024,472,true],"medium_large":["https:\/\/wp.uaslp.mx\/noticias\/wp-content\/uploads\/sites\/5\/2026\/08\/WhatsApp-Image-2026-08-27-at-12.58.14-PM-1-768x354.jpeg",640,295,true],"large":["https:\/\/wp.uaslp.mx\/noticias\/wp-content\/uploads\/sites\/5\/2026\/08\/WhatsApp-Image-2026-08-27-at-12.58.14-PM-1.jpeg",1280,590,false],"1536x1536":["https:\/\/wp.uaslp.mx\/noticias\/wp-content\/uploads\/sites\/5\/2026\/08\/WhatsApp-Image-2026-08-27-at-12.58.14-PM-1.jpeg",1280,590,false],"2048x2048":["https:\/\/wp.uaslp.mx\/noticias\/wp-content\/uploads\/sites\/5\/2026\/08\/WhatsApp-Image-2026-08-27-at-12.58.14-PM-1.jpeg",1280,590,false],"newsever-slider-full":["https:\/\/wp.uaslp.mx\/noticias\/wp-content\/uploads\/sites\/5\/2026\/08\/WhatsApp-Image-2026-08-27-at-12.58.14-PM-1.jpeg",1280,590,false],"newsever-featured":["https:\/\/wp.uaslp.mx\/noticias\/wp-content\/uploads\/sites\/5\/2026\/08\/WhatsApp-Image-2026-08-27-at-12.58.14-PM-1-1024x472-1.jpeg",1024,472,true],"newsever-medium":["https:\/\/wp.uaslp.mx\/noticias\/wp-content\/uploads\/sites\/5\/2026\/08\/WhatsApp-Image-2026-08-27-at-12.58.14-PM-1-720x475.jpeg",720,475,true],"mailpoet_newsletter_max":["https:\/\/wp.uaslp.mx\/noticias\/wp-content\/uploads\/sites\/5\/2026\/08\/WhatsApp-Image-2026-08-27-at-12.58.14-PM-1.jpeg",1280,590,false]},"author_info":{"display_name":"Prensa y difusi\u00f3n","author_link":"https:\/\/wp.uaslp.mx\/noticias\/author\/giovannamorales\/"},"category_info":"<a href=\"https:\/\/wp.uaslp.mx\/noticias\/category\/gobierno\/\" rel=\"category tag\">Gobierno<\/a>","tag_info":"Gobierno","comment_count":"0","_links":{"self":[{"href":"https:\/\/wp.uaslp.mx\/noticias\/wp-json\/wp\/v2\/posts\/26619","targetHints":{"allow":["GET"]}}],"collection":[{"href":"https:\/\/wp.uaslp.mx\/noticias\/wp-json\/wp\/v2\/posts"}],"about":[{"href":"https:\/\/wp.uaslp.mx\/noticias\/wp-json\/wp\/v2\/types\/post"}],"author":[{"embeddable":true,"href":"https:\/\/wp.uaslp.mx\/noticias\/wp-json\/wp\/v2\/users\/12"}],"replies":[{"embeddable":true,"href":"https:\/\/wp.uaslp.mx\/noticias\/wp-json\/wp\/v2\/comments?post=26619"}],"version-history":[{"count":2,"href":"https:\/\/wp.uaslp.mx\/noticias\/wp-json\/wp\/v2\/posts\/26619\/revisions"}],"predecessor-version":[{"id":26623,"href":"https:\/\/wp.uaslp.mx\/noticias\/wp-json\/wp\/v2\/posts\/26619\/revisions\/26623"}],"wp:featuredmedia":[{"embeddable":true,"href":"https:\/\/wp.uaslp.mx\/noticias\/wp-json\/wp\/v2\/media\/26621"}],"wp:attachment":[{"href":"https:\/\/wp.uaslp.mx\/noticias\/wp-json\/wp\/v2\/media?parent=26619"}],"wp:term":[{"taxonomy":"category","embeddable":true,"href":"https:\/\/wp.uaslp.mx\/noticias\/wp-json\/wp\/v2\/categories?post=26619"},{"taxonomy":"post_tag","embeddable":true,"href":"https:\/\/wp.uaslp.mx\/noticias\/wp-json\/wp\/v2\/tags?post=26619"}],"curies":[{"name":"wp","href":"https:\/\/api.w.org\/{rel}","templated":true}]}}