{"id":26610,"date":"2026-08-28T13:52:50","date_gmt":"2026-08-28T19:52:50","guid":{"rendered":"https:\/\/wp.uaslp.mx\/noticias\/?p=26610"},"modified":"2026-08-31T13:55:48","modified_gmt":"2026-08-31T19:55:48","slug":"liderazgo-y-comunicacion-herramientas-para-enfrentar-crisis-en-las-organizaciones-afirma-experto-de-la-uaslp","status":"publish","type":"post","link":"https:\/\/wp.uaslp.mx\/noticias\/academica\/liderazgo-y-comunicacion-herramientas-para-enfrentar-crisis-en-las-organizaciones-afirma-experto-de-la-uaslp\/","title":{"rendered":"Liderazgo y comunicaci\u00f3n, herramientas para enfrentar crisis en las organizaciones, afirma experto de la UASLP"},"content":{"rendered":"\n<p class=\"wp-block-paragraph\">Fortalecer las capacidades de liderazgo para responder de manera efectiva ante situaciones de presi\u00f3n y crisis, as\u00ed como mejorar la comunicaci\u00f3n, la toma de decisiones y la coordinaci\u00f3n de equipos, fue el objetivo de la conferencia \u201cLiderazgo bajo presi\u00f3n: c\u00f3mo dar feedback, dirigir reuniones y actuar en crisis\u201d, impartida por el Dr. Armando S\u00e1nchez Mac\u00edas, director de la <a href=\"https:\/\/www.facebook.com\/UASLPSALINAS\/?locale=es_LA\">Coordinaci\u00f3n Acad\u00e9mica Regi\u00f3n Altiplano Oeste<\/a> (CARAO), Campus Salinas de la Universidad Aut\u00f3noma de San Luis Potos\u00ed (UASLP).<\/p>\n\n\n\n<p class=\"wp-block-paragraph\">La conferencia fue organizada por la Facultad de Contadur\u00eda y Administraci\u00f3n en el marco del 50 aniversario de la Maestr\u00eda en Administraci\u00f3n y tuvo como sede el Auditorio ANFECA del Centro de Investigaci\u00f3n y Estudios de Posgrado (CIEP-FCA). La actividad fue moderada por el Dr. Mario Alberto Mart\u00ednez Rojas y reuni\u00f3 a integrantes de la comunidad universitaria interesados en fortalecer sus herramientas para la direcci\u00f3n de organizaciones.<\/p>\n\n\n\n<p class=\"wp-block-paragraph\">Durante su intervenci\u00f3n, el Dr. S\u00e1nchez Mac\u00edas se\u00f1al\u00f3 que las crisis forman parte de la din\u00e1mica de las organizaciones, por lo que es necesario desarrollar capacidades para anticiparlas, responder de manera oportuna y reducir sus efectos. \u201cLo importante no es que vaya a haber crisis, sino c\u00f3mo actuar en esos momentos\u201d, afirm\u00f3.<\/p>\n\n\n\n<p class=\"wp-block-paragraph\">Explic\u00f3 que un liderazgo efectivo no depende \u00fanicamente de la autoridad que otorga un cargo, sino de la confianza que se construye con los colaboradores. Para ello, consider\u00f3 fundamentales el respeto, la experiencia, el conocimiento y la calidad humana. \u201cM\u00e1s que dirigir, se trata de liderar\u201d, expres\u00f3.<\/p>\n\n\n\n<p class=\"wp-block-paragraph\">El especialista destac\u00f3 la importancia de reconocer las se\u00f1ales que pueden anticipar una crisis, ya que problemas como la falta de recursos, disminuci\u00f3n de ventas, dificultades con proveedores, fallas en servicios, ataques inform\u00e1ticos, situaciones de seguridad o cambios regulatorios pueden afectar el funcionamiento de una organizaci\u00f3n. Ante acontecimientos que no pueden preverse, recomend\u00f3 contar con planes de contingencia que establezcan rutas de actuaci\u00f3n.<\/p>\n\n\n\n<p class=\"wp-block-paragraph\">Otro de los temas centrales fue la comunicaci\u00f3n interna, considerada una herramienta indispensable para detectar problemas y tomar decisiones. S\u00e1nchez Mac\u00edas subray\u00f3 que la informaci\u00f3n debe circular en todos los niveles y que quienes ocupan posiciones de liderazgo deben propiciar espacios donde los colaboradores puedan expresar inquietudes, aportar datos y plantear alternativas.<\/p>\n\n\n\n<p class=\"wp-block-paragraph\">Asimismo, resalt\u00f3 la necesidad de coordinar equipos integrados por personas con diferentes experiencias, generaciones e intereses, y orientar sus capacidades hacia objetivos comunes. En este sentido, se\u00f1al\u00f3 que no existe un estilo de liderazgo \u00fanico, por lo que quienes encabezan una organizaci\u00f3n deben adaptar su forma de actuar a las circunstancias y necesidades de cada situaci\u00f3n.<\/p>\n\n\n\n<p class=\"wp-block-paragraph\">La conferencia form\u00f3 parte del programa de actividades conmemorativas por el 50 aniversario de la Maestr\u00eda en Administraci\u00f3n, como un espacio de actualizaci\u00f3n y reflexi\u00f3n sobre las habilidades que requieren los profesionales para conducir equipos y organizaciones en entornos cambiantes.<\/p>\n\n\n<div class=\"pgc-sgb-cb wp-block-pgcsimplygalleryblock-masonry \" data-gallery-id=\"1d212577\"><div class=\"sgb-preloader\" id=\"pr_1d212577\">\n\t<div class=\"sgb-square\" style=\"background:#d4d4d4\"><\/div>\n\t<div class=\"sgb-square\" style=\"background:#d4d4d4\"><\/div>\n\t<div class=\"sgb-square\" style=\"background:#d4d4d4\"><\/div>\n\t<div class=\"sgb-square\" style=\"background:#d4d4d4\"><\/div><\/div><div class=\"simply-gallery-amp pgc_sgb_slider \"><noscript><div class=\"sgb-gallery\"><div class=\"sgb-item\"><a href=\"https:\/\/wp.uaslp.mx\/noticias\/wp-content\/uploads\/sites\/5\/2026\/08\/WhatsApp-Image-2026-08-28-at-11.41.05-AM-1.jpeg\"><img decoding=\"async\" alt=\"\" width=\"1024\" height=\"682\" loading=\"lazy\" src=\"https:\/\/wp.uaslp.mx\/noticias\/wp-content\/uploads\/sites\/5\/2026\/08\/WhatsApp-Image-2026-08-28-at-11.41.05-AM-1-1024x682.jpeg\" srcset=\"https:\/\/wp.uaslp.mx\/noticias\/wp-content\/uploads\/sites\/5\/2026\/08\/WhatsApp-Image-2026-08-28-at-11.41.05-AM-1-1024x682.jpeg 1024w,https:\/\/wp.uaslp.mx\/noticias\/wp-content\/uploads\/sites\/5\/2026\/08\/WhatsApp-Image-2026-08-28-at-11.41.05-AM-1.jpeg 1600w\" sizes=\"auto, 250px\"\/><\/a><\/div><\/div><\/noscript><\/div><script type=\"application\/json\" class=\"sgb-data\">{\"galleryType\":\"pgc_sgb_masonry\",\"galleryId\":\"1d212577\",\"images\":[{\"id\":26612,\"title\":\"WhatsApp Image 2026-08-28 at 11.41.05 AM (1)\",\"url\":\"https:\/\/wp.uaslp.mx\/noticias\/wp-content\/uploads\/sites\/5\/2026\/08\/WhatsApp-Image-2026-08-28-at-11.41.05-AM-1.jpeg\",\"link\":\"https:\/\/wp.uaslp.mx\/noticias\/?attachment_id=26612\",\"alt\":\"\",\"description\":\"\",\"caption\":\"\",\"mime\":\"image\/jpeg\",\"type\":\"image\",\"width\":1600,\"height\":1066,\"sizes\":{\"thumbnail\":{\"height\":150,\"width\":150,\"url\":\"https:\/\/wp.uaslp.mx\/noticias\/wp-content\/uploads\/sites\/5\/2026\/08\/WhatsApp-Image-2026-08-28-at-11.41.05-AM-1-150x150.jpeg\",\"orientation\":\"landscape\"},\"medium\":{\"height\":682,\"width\":1024,\"url\":\"https:\/\/wp.uaslp.mx\/noticias\/wp-content\/uploads\/sites\/5\/2026\/08\/WhatsApp-Image-2026-08-28-at-11.41.05-AM-1-1024x682.jpeg\",\"orientation\":\"landscape\"},\"full\":{\"url\":\"https:\/\/wp.uaslp.mx\/noticias\/wp-content\/uploads\/sites\/5\/2026\/08\/WhatsApp-Image-2026-08-28-at-11.41.05-AM-1.jpeg\",\"height\":1066,\"width\":1600,\"orientation\":\"landscape\"}},\"imageMeta\":{\"aperture\":\"0\",\"credit\":\"\",\"camera\":\"\",\"caption\":\"\",\"created_timestamp\":\"0\",\"copyright\":\"\",\"focal_length\":\"0\",\"iso\":\"0\",\"shutter_speed\":\"0\",\"title\":\"\",\"orientation\":\"0\",\"keywords\":[],\"alt\":\"\"},\"meta\":false}],\"itemsMetaDataCollection\":[]}<\/script><script>(function(){if(window.PGC_SGB && window.PGC_SGB.searcher){window.PGC_SGB.searcher.initBlocks()}})()<\/script><\/div>","protected":false},"excerpt":{"rendered":"<p>Fortalecer las capacidades de liderazgo para responder de manera efectiva ante situaciones de presi\u00f3n y&#8230;<\/p>\n","protected":false},"author":12,"featured_media":26611,"comment_status":"closed","ping_status":"closed","sticky":false,"template":"","format":"standard","meta":{"pgc_sgb_lightbox_settings":"","footnotes":"","_members_access_role":[],"_members_access_error":""},"categories":[2],"tags":[3040],"class_list":["post-26610","post","type-post","status-publish","format-standard","has-post-thumbnail","hentry","category-academica","tag-liderazgo"],"featured_image_urls":{"full":["https:\/\/wp.uaslp.mx\/noticias\/wp-content\/uploads\/sites\/5\/2026\/08\/WhatsApp-Image-2026-08-28-at-11.41.05-AM.jpeg",1600,1066,false],"thumbnail":["https:\/\/wp.uaslp.mx\/noticias\/wp-content\/uploads\/sites\/5\/2026\/08\/WhatsApp-Image-2026-08-28-at-11.41.05-AM-150x150.jpeg",150,150,true],"medium":["https:\/\/wp.uaslp.mx\/noticias\/wp-content\/uploads\/sites\/5\/2026\/08\/WhatsApp-Image-2026-08-28-at-11.41.05-AM-1024x682.jpeg",1024,682,true],"medium_large":["https:\/\/wp.uaslp.mx\/noticias\/wp-content\/uploads\/sites\/5\/2026\/08\/WhatsApp-Image-2026-08-28-at-11.41.05-AM-768x512.jpeg",640,427,true],"large":["https:\/\/wp.uaslp.mx\/noticias\/wp-content\/uploads\/sites\/5\/2026\/08\/WhatsApp-Image-2026-08-28-at-11.41.05-AM.jpeg",1600,1066,false],"1536x1536":["https:\/\/wp.uaslp.mx\/noticias\/wp-content\/uploads\/sites\/5\/2026\/08\/WhatsApp-Image-2026-08-28-at-11.41.05-AM-1536x1023.jpeg",1536,1023,true],"2048x2048":["https:\/\/wp.uaslp.mx\/noticias\/wp-content\/uploads\/sites\/5\/2026\/08\/WhatsApp-Image-2026-08-28-at-11.41.05-AM.jpeg",1600,1066,false],"newsever-slider-full":["https:\/\/wp.uaslp.mx\/noticias\/wp-content\/uploads\/sites\/5\/2026\/08\/WhatsApp-Image-2026-08-28-at-11.41.05-AM-1280x845.jpeg",1280,845,true],"newsever-featured":["https:\/\/wp.uaslp.mx\/noticias\/wp-content\/uploads\/sites\/5\/2026\/08\/WhatsApp-Image-2026-08-28-at-11.41.05-AM-1024x682.jpeg",1024,682,true],"newsever-medium":["https:\/\/wp.uaslp.mx\/noticias\/wp-content\/uploads\/sites\/5\/2026\/08\/WhatsApp-Image-2026-08-28-at-11.41.05-AM-720x475.jpeg",720,475,true],"mailpoet_newsletter_max":["https:\/\/wp.uaslp.mx\/noticias\/wp-content\/uploads\/sites\/5\/2026\/08\/WhatsApp-Image-2026-08-28-at-11.41.05-AM-1320x879.jpeg",1320,879,true]},"author_info":{"display_name":"Prensa y difusi\u00f3n","author_link":"https:\/\/wp.uaslp.mx\/noticias\/author\/giovannamorales\/"},"category_info":"<a href=\"https:\/\/wp.uaslp.mx\/noticias\/category\/academica\/\" rel=\"category tag\">Acad\u00e9mica<\/a>","tag_info":"Acad\u00e9mica","comment_count":"0","_links":{"self":[{"href":"https:\/\/wp.uaslp.mx\/noticias\/wp-json\/wp\/v2\/posts\/26610","targetHints":{"allow":["GET"]}}],"collection":[{"href":"https:\/\/wp.uaslp.mx\/noticias\/wp-json\/wp\/v2\/posts"}],"about":[{"href":"https:\/\/wp.uaslp.mx\/noticias\/wp-json\/wp\/v2\/types\/post"}],"author":[{"embeddable":true,"href":"https:\/\/wp.uaslp.mx\/noticias\/wp-json\/wp\/v2\/users\/12"}],"replies":[{"embeddable":true,"href":"https:\/\/wp.uaslp.mx\/noticias\/wp-json\/wp\/v2\/comments?post=26610"}],"version-history":[{"count":1,"href":"https:\/\/wp.uaslp.mx\/noticias\/wp-json\/wp\/v2\/posts\/26610\/revisions"}],"predecessor-version":[{"id":26613,"href":"https:\/\/wp.uaslp.mx\/noticias\/wp-json\/wp\/v2\/posts\/26610\/revisions\/26613"}],"wp:featuredmedia":[{"embeddable":true,"href":"https:\/\/wp.uaslp.mx\/noticias\/wp-json\/wp\/v2\/media\/26611"}],"wp:attachment":[{"href":"https:\/\/wp.uaslp.mx\/noticias\/wp-json\/wp\/v2\/media?parent=26610"}],"wp:term":[{"taxonomy":"category","embeddable":true,"href":"https:\/\/wp.uaslp.mx\/noticias\/wp-json\/wp\/v2\/categories?post=26610"},{"taxonomy":"post_tag","embeddable":true,"href":"https:\/\/wp.uaslp.mx\/noticias\/wp-json\/wp\/v2\/tags?post=26610"}],"curies":[{"name":"wp","href":"https:\/\/api.w.org\/{rel}","templated":true}]}}