{"id":26606,"date":"2026-08-28T13:50:03","date_gmt":"2026-08-28T19:50:03","guid":{"rendered":"https:\/\/wp.uaslp.mx\/noticias\/?p=26606"},"modified":"2026-08-31T13:52:46","modified_gmt":"2026-08-31T19:52:46","slug":"envejecer-con-autonomia-y-calidad-de-vida-requiere-prepararse-desde-edades-tempranas-investigadora-de-la-fen","status":"publish","type":"post","link":"https:\/\/wp.uaslp.mx\/noticias\/investigacion\/envejecer-con-autonomia-y-calidad-de-vida-requiere-prepararse-desde-edades-tempranas-investigadora-de-la-fen\/","title":{"rendered":"Envejecer con autonom\u00eda y calidad de vida requiere prepararse desde edades tempranas: investigadora de la FEN"},"content":{"rendered":"\n<p class=\"wp-block-paragraph\">La calidad de vida durante la vejez no depende \u00fanicamente de la edad, sino de las condiciones y h\u00e1bitos que se construyen a lo largo de la vida; por ello, reflexionar desde edades tempranas sobre c\u00f3mo se quiere llegar a ser una persona adulta mayor permite adoptar medidas orientadas a conservar la autonom\u00eda, funcionalidad f\u00edsica y cognitiva, as\u00ed como el bienestar integral, afirm\u00f3 la doctora Erika Adriana Torres Hern\u00e1ndez, profesora investigadora y secretaria general de la <a href=\"https:\/\/www.facebook.com\/enfermeriaynutricionUASLP\/?locale=es_LA\">Facultad de Enfermer\u00eda y Nutrici\u00f3n<\/a> (FEN), de la Universidad Aut\u00f3noma de San Luis Potos\u00ed.<\/p>\n\n\n\n<p class=\"wp-block-paragraph\">En el marco del D\u00eda de las Personas Adultas Mayores, que se celebra cada 28 de agosto en M\u00e9xico, la doctora Torres Hern\u00e1ndez destac\u00f3 la importancia de comprender que el envejecimiento es un proceso que comienza mucho antes de los 60 a\u00f1os, edad establecida para considerar oficialmente a una persona como adulta mayor. \u201cNecesitamos empezar a pensar que estamos envejeciendo, pues desde alrededor de los 30 a\u00f1os comienzan cambios internos asociados con este proceso\u201d, dijo.<\/p>\n\n\n\n<p class=\"wp-block-paragraph\">La especialista en el \u00e1rea geri\u00e1trica explic\u00f3 que \u00f3rganos como el ri\u00f1\u00f3n, el cerebro y los pulmones tambi\u00e9n experimentan modificaciones con el paso del tiempo, aunque estas no siempre sean visibles. \u201cA partir de la tercera d\u00e9cada tendr\u00edamos que empezar a pensar qu\u00e9 voy a hacer con mi proceso, qu\u00e9 me resta de vida para saberme cuidar\u201d, afirm\u00f3.<\/p>\n\n\n\n<p class=\"wp-block-paragraph\">En este sentido, subray\u00f3 que envejecer de manera saludable implica incorporar medidas de cuidado que permitan conservar la funcionalidad durante el mayor tiempo posible. Entre ellas mencion\u00f3 una alimentaci\u00f3n saludable, actividad f\u00edsica, descanso adecuado, buena hidrataci\u00f3n, cuidado de la salud mental y estimulaci\u00f3n de las funciones cognitivas.<\/p>\n\n\n\n<p class=\"wp-block-paragraph\">La doctora tambi\u00e9n llam\u00f3 a modificar la percepci\u00f3n social sobre la vejez y evitar el edadismo, que se refiere a la discriminaci\u00f3n o estigmatizaci\u00f3n por motivos de edad. Consider\u00f3 necesario dejar atr\u00e1s la idea de que una persona mayor es necesariamente dependiente o incapaz de realizar actividades por s\u00ed misma. \u201c\u00bfPor qu\u00e9 no empezar a cambiar esa mirada?\u201d, cuestion\u00f3, al destacar que existen personas centenarias que conservan su autonom\u00eda e independencia.<\/p>\n\n\n\n<p class=\"wp-block-paragraph\">Otro aspecto fundamental es evitar la sobreprotecci\u00f3n. La especialista se\u00f1al\u00f3 que cuidar a una persona mayor no significa impedirle realizar actividades, sino procurar las condiciones para que conserve su capacidad de decisi\u00f3n y funcionamiento. \u201cNecesito yo aprender a ser independiente, a ser aut\u00f3nomo, a seguir siendo funcional, a no sobreproteger tambi\u00e9n a estas personas mayores\u201d, expres\u00f3.<\/p>\n\n\n\n<p class=\"wp-block-paragraph\">Como parte de las estrategias para preservar la salud cognitiva, Torres Hern\u00e1ndez destac\u00f3 el trabajo desarrollado en la Facultad de Enfermer\u00eda y Nutrici\u00f3n con el libro \u201cEntre l\u00e1pices y letras\u201d, material de estimulaci\u00f3n cognitiva dirigido a personas adultas mayores. Explic\u00f3 que la obra busca fortalecer distintas funciones cognitivas y que, tras su buena respuesta, se contempla un segundo tiraje y su incorporaci\u00f3n a actividades en \u00e1reas hospitalarias.<\/p>\n\n\n\n<p class=\"wp-block-paragraph\">Finalmente, invit\u00f3 a reflexionar desde ahora sobre la persona mayor que cada individuo desea llegar a ser. \u201c\u00bfC\u00f3mo me veo yo siendo una persona mayor?\u201d, plante\u00f3, al destacar que la autonom\u00eda y la funcionalidad no deben considerarse \u00fanicamente objetivos para despu\u00e9s de los 60 a\u00f1os, sino condiciones que comienzan a construirse desde etapas tempranas mediante decisiones relacionadas con el cuidado de la salud y el bienestar.<\/p>\n\n\n<div class=\"pgc-sgb-cb wp-block-pgcsimplygalleryblock-justified \" data-gallery-id=\"e8594892\"><div class=\"sgb-preloader\" id=\"pr_e8594892\">\n\t<div class=\"sgb-square\" style=\"background:#d4d4d4\"><\/div>\n\t<div class=\"sgb-square\" style=\"background:#d4d4d4\"><\/div>\n\t<div class=\"sgb-square\" style=\"background:#d4d4d4\"><\/div>\n\t<div class=\"sgb-square\" style=\"background:#d4d4d4\"><\/div><\/div><div class=\"simply-gallery-amp pgc_sgb_slider \"><noscript><div class=\"sgb-gallery\"><div class=\"sgb-item\"><a href=\"https:\/\/wp.uaslp.mx\/noticias\/wp-content\/uploads\/sites\/5\/2026\/08\/WhatsApp-Image-2026-08-28-at-12.15.45-PM.jpeg\"><img decoding=\"async\" alt=\"\" width=\"1024\" height=\"682\" loading=\"lazy\" src=\"https:\/\/wp.uaslp.mx\/noticias\/wp-content\/uploads\/sites\/5\/2026\/08\/WhatsApp-Image-2026-08-28-at-12.15.45-PM-1024x682.jpeg\" srcset=\"https:\/\/wp.uaslp.mx\/noticias\/wp-content\/uploads\/sites\/5\/2026\/08\/WhatsApp-Image-2026-08-28-at-12.15.45-PM-1024x682.jpeg 1024w,https:\/\/wp.uaslp.mx\/noticias\/wp-content\/uploads\/sites\/5\/2026\/08\/WhatsApp-Image-2026-08-28-at-12.15.45-PM.jpeg 1600w\" sizes=\"auto, 250px\"\/><\/a><\/div><\/div><\/noscript><\/div><script type=\"application\/json\" class=\"sgb-data\">{\"galleryType\":\"pgc_sgb_justified\",\"galleryId\":\"e8594892\",\"images\":[{\"id\":26608,\"title\":\"WhatsApp Image 2026-08-28 at 12.15.45 PM\",\"url\":\"https:\/\/wp.uaslp.mx\/noticias\/wp-content\/uploads\/sites\/5\/2026\/08\/WhatsApp-Image-2026-08-28-at-12.15.45-PM.jpeg\",\"link\":\"https:\/\/wp.uaslp.mx\/noticias\/?attachment_id=26608\",\"alt\":\"\",\"description\":\"\",\"caption\":\"\",\"mime\":\"image\/jpeg\",\"type\":\"image\",\"width\":1600,\"height\":1066,\"sizes\":{\"thumbnail\":{\"height\":150,\"width\":150,\"url\":\"https:\/\/wp.uaslp.mx\/noticias\/wp-content\/uploads\/sites\/5\/2026\/08\/WhatsApp-Image-2026-08-28-at-12.15.45-PM-150x150.jpeg\",\"orientation\":\"landscape\"},\"medium\":{\"height\":682,\"width\":1024,\"url\":\"https:\/\/wp.uaslp.mx\/noticias\/wp-content\/uploads\/sites\/5\/2026\/08\/WhatsApp-Image-2026-08-28-at-12.15.45-PM-1024x682.jpeg\",\"orientation\":\"landscape\"},\"full\":{\"url\":\"https:\/\/wp.uaslp.mx\/noticias\/wp-content\/uploads\/sites\/5\/2026\/08\/WhatsApp-Image-2026-08-28-at-12.15.45-PM.jpeg\",\"height\":1066,\"width\":1600,\"orientation\":\"landscape\"}},\"imageMeta\":{\"aperture\":\"0\",\"credit\":\"\",\"camera\":\"\",\"caption\":\"\",\"created_timestamp\":\"0\",\"copyright\":\"\",\"focal_length\":\"0\",\"iso\":\"0\",\"shutter_speed\":\"0\",\"title\":\"\",\"orientation\":\"0\",\"keywords\":[],\"alt\":\"\"},\"meta\":false}],\"itemsMetaDataCollection\":[]}<\/script><script>(function(){if(window.PGC_SGB && window.PGC_SGB.searcher){window.PGC_SGB.searcher.initBlocks()}})()<\/script><\/div>","protected":false},"excerpt":{"rendered":"<p>La calidad de vida durante la vejez no depende \u00fanicamente de la edad, sino de&#8230;<\/p>\n","protected":false},"author":12,"featured_media":26607,"comment_status":"closed","ping_status":"closed","sticky":false,"template":"","format":"standard","meta":{"pgc_sgb_lightbox_settings":"","footnotes":"","_members_access_role":[],"_members_access_error":""},"categories":[10],"tags":[3533],"class_list":["post-26606","post","type-post","status-publish","format-standard","has-post-thumbnail","hentry","category-investigacion","tag-adultosmayores"],"featured_image_urls":{"full":["https:\/\/wp.uaslp.mx\/noticias\/wp-content\/uploads\/sites\/5\/2026\/08\/WhatsApp-Image-2026-08-28-at-12.15.44-PM.jpeg",1280,1013,false],"thumbnail":["https:\/\/wp.uaslp.mx\/noticias\/wp-content\/uploads\/sites\/5\/2026\/08\/WhatsApp-Image-2026-08-28-at-12.15.44-PM-150x150.jpeg",150,150,true],"medium":["https:\/\/wp.uaslp.mx\/noticias\/wp-content\/uploads\/sites\/5\/2026\/08\/WhatsApp-Image-2026-08-28-at-12.15.44-PM-1024x810.jpeg",1024,810,true],"medium_large":["https:\/\/wp.uaslp.mx\/noticias\/wp-content\/uploads\/sites\/5\/2026\/08\/WhatsApp-Image-2026-08-28-at-12.15.44-PM-768x608.jpeg",640,507,true],"large":["https:\/\/wp.uaslp.mx\/noticias\/wp-content\/uploads\/sites\/5\/2026\/08\/WhatsApp-Image-2026-08-28-at-12.15.44-PM.jpeg",1280,1013,false],"1536x1536":["https:\/\/wp.uaslp.mx\/noticias\/wp-content\/uploads\/sites\/5\/2026\/08\/WhatsApp-Image-2026-08-28-at-12.15.44-PM.jpeg",1280,1013,false],"2048x2048":["https:\/\/wp.uaslp.mx\/noticias\/wp-content\/uploads\/sites\/5\/2026\/08\/WhatsApp-Image-2026-08-28-at-12.15.44-PM.jpeg",1280,1013,false],"newsever-slider-full":["https:\/\/wp.uaslp.mx\/noticias\/wp-content\/uploads\/sites\/5\/2026\/08\/WhatsApp-Image-2026-08-28-at-12.15.44-PM-1280x845.jpeg",1280,845,true],"newsever-featured":["https:\/\/wp.uaslp.mx\/noticias\/wp-content\/uploads\/sites\/5\/2026\/08\/WhatsApp-Image-2026-08-28-at-12.15.44-PM-1024x810.jpeg",1024,810,true],"newsever-medium":["https:\/\/wp.uaslp.mx\/noticias\/wp-content\/uploads\/sites\/5\/2026\/08\/WhatsApp-Image-2026-08-28-at-12.15.44-PM-720x475.jpeg",720,475,true],"mailpoet_newsletter_max":["https:\/\/wp.uaslp.mx\/noticias\/wp-content\/uploads\/sites\/5\/2026\/08\/WhatsApp-Image-2026-08-28-at-12.15.44-PM.jpeg",1280,1013,false]},"author_info":{"display_name":"Prensa y difusi\u00f3n","author_link":"https:\/\/wp.uaslp.mx\/noticias\/author\/giovannamorales\/"},"category_info":"<a href=\"https:\/\/wp.uaslp.mx\/noticias\/category\/investigacion\/\" rel=\"category tag\">Investigaci\u00f3n<\/a>","tag_info":"Investigaci\u00f3n","comment_count":"0","_links":{"self":[{"href":"https:\/\/wp.uaslp.mx\/noticias\/wp-json\/wp\/v2\/posts\/26606","targetHints":{"allow":["GET"]}}],"collection":[{"href":"https:\/\/wp.uaslp.mx\/noticias\/wp-json\/wp\/v2\/posts"}],"about":[{"href":"https:\/\/wp.uaslp.mx\/noticias\/wp-json\/wp\/v2\/types\/post"}],"author":[{"embeddable":true,"href":"https:\/\/wp.uaslp.mx\/noticias\/wp-json\/wp\/v2\/users\/12"}],"replies":[{"embeddable":true,"href":"https:\/\/wp.uaslp.mx\/noticias\/wp-json\/wp\/v2\/comments?post=26606"}],"version-history":[{"count":1,"href":"https:\/\/wp.uaslp.mx\/noticias\/wp-json\/wp\/v2\/posts\/26606\/revisions"}],"predecessor-version":[{"id":26609,"href":"https:\/\/wp.uaslp.mx\/noticias\/wp-json\/wp\/v2\/posts\/26606\/revisions\/26609"}],"wp:featuredmedia":[{"embeddable":true,"href":"https:\/\/wp.uaslp.mx\/noticias\/wp-json\/wp\/v2\/media\/26607"}],"wp:attachment":[{"href":"https:\/\/wp.uaslp.mx\/noticias\/wp-json\/wp\/v2\/media?parent=26606"}],"wp:term":[{"taxonomy":"category","embeddable":true,"href":"https:\/\/wp.uaslp.mx\/noticias\/wp-json\/wp\/v2\/categories?post=26606"},{"taxonomy":"post_tag","embeddable":true,"href":"https:\/\/wp.uaslp.mx\/noticias\/wp-json\/wp\/v2\/tags?post=26606"}],"curies":[{"name":"wp","href":"https:\/\/api.w.org\/{rel}","templated":true}]}}