{"id":26603,"date":"2026-08-28T13:47:07","date_gmt":"2026-08-28T19:47:07","guid":{"rendered":"https:\/\/wp.uaslp.mx\/noticias\/?p=26603"},"modified":"2026-08-31T13:49:28","modified_gmt":"2026-08-31T19:49:28","slug":"se-fortalece-cooperacion-internacional-entre-francia-y-la-uaslp-para-ampliar-oportunidades-academicas","status":"publish","type":"post","link":"https:\/\/wp.uaslp.mx\/noticias\/academica\/se-fortalece-cooperacion-internacional-entre-francia-y-la-uaslp-para-ampliar-oportunidades-academicas\/","title":{"rendered":"Se fortalece cooperaci\u00f3n internacional entre Francia y la UASLP para ampliar oportunidades acad\u00e9micas"},"content":{"rendered":"\n<p class=\"wp-block-paragraph\">La visita del doctor Ernesto Exp\u00f3sito, profesor titular de la Universidad de Pau y de los Pa\u00edses del Adour (UPPA), Francia, a la Universidad Aut\u00f3noma de San Luis Potos\u00ed (UASLP), permiti\u00f3 fortalecer los v\u00ednculos de cooperaci\u00f3n internacional y acercar a estudiantes y docentes de la <a href=\"https:\/\/www.facebook.com\/IngenieriaUaslp\/mentions\/\">Facultad de Ingenier\u00eda <\/a>a diversas oportunidades de movilidad, investigaci\u00f3n e innovaci\u00f3n.<\/p>\n\n\n\n<p class=\"wp-block-paragraph\">Durante su encuentro con la comunidad universitaria, el especialista destac\u00f3 que existe inter\u00e9s de los gobiernos de Francia y M\u00e9xico por impulsar la colaboraci\u00f3n en materia de educaci\u00f3n superior. Se\u00f1al\u00f3 que, aunque las limitaciones financieras pueden representar un obst\u00e1culo para concretar proyectos internacionales, existen alternativas de financiamiento mediante becas y programas como Erasmus+, Horizonte Europa y la Alianza Universitaria Europea UNITA.<\/p>\n\n\n\n<p class=\"wp-block-paragraph\">\u201cEsto permite a las universidades trabajar de manera colegiada en proyectos financiados para desarrollar aspectos de la educaci\u00f3n, investigaci\u00f3n, transferencia tecnol\u00f3gica e innovaci\u00f3n entre Francia, M\u00e9xico y toda Europa\u201d, afirm\u00f3.<\/p>\n\n\n\n<p class=\"wp-block-paragraph\">Explic\u00f3 que los programas de cooperaci\u00f3n europea tambi\u00e9n ofrecen a estudiantes extranjeros oportunidades de movilidad en pa\u00edses como Espa\u00f1a e Italia, entre otros, lo que ampl\u00eda sus posibilidades de formaci\u00f3n y les permite adquirir una perspectiva internacional. En este sentido, destac\u00f3 que la UPPA puede funcionar como un puente para establecer v\u00ednculos con otras instituciones de educaci\u00f3n superior europeas.<\/p>\n\n\n\n<p class=\"wp-block-paragraph\">El doctor Exp\u00f3sito subray\u00f3 que la cooperaci\u00f3n acad\u00e9mica permite establecer esquemas de movilidad para estudiantes y profesores, as\u00ed como generar espacios de colaboraci\u00f3n en ambas direcciones. Para ello, consider\u00f3 fundamental identificar mecanismos de financiamiento que permitan convertir estas oportunidades en experiencias concretas para la comunidad universitaria.<\/p>\n\n\n\n<p class=\"wp-block-paragraph\">Como ejemplo de la colaboraci\u00f3n entre la UASLP y la UPPA, inform\u00f3 sobre la presentaci\u00f3n conjunta de un proyecto al programa Erasmus+, mediante el cual se busca impulsar movilidad durante un periodo de tres a\u00f1os y obtener recursos para estudiantes, profesores y personal administrativo.<\/p>\n\n\n\n<p class=\"wp-block-paragraph\">\u201cUna vez que la cooperaci\u00f3n ya se ha identificado, pretendemos trabajar en conjunto y buscar otros medios interesantes\u201d, se\u00f1al\u00f3.<\/p>\n\n\n\n<p class=\"wp-block-paragraph\">La visita del especialista representa una oportunidad para fortalecer la internacionalizaci\u00f3n de la UASLP mediante la generaci\u00f3n de nuevas alianzas y proyectos que contribuyan a ampliar las experiencias acad\u00e9micas de su comunidad y a consolidar la colaboraci\u00f3n con instituciones de educaci\u00f3n superior de Francia y otros pa\u00edses europeos.<\/p>\n\n\n\n<p class=\"wp-block-paragraph\"><\/p>\n","protected":false},"excerpt":{"rendered":"<p>La visita del doctor Ernesto Exp\u00f3sito, profesor titular de la Universidad de Pau y de&#8230;<\/p>\n","protected":false},"author":12,"featured_media":26604,"comment_status":"closed","ping_status":"closed","sticky":false,"template":"","format":"standard","meta":{"pgc_sgb_lightbox_settings":"","footnotes":"","_members_access_role":[],"_members_access_error":""},"categories":[2],"tags":[2021],"class_list":["post-26603","post","type-post","status-publish","format-standard","has-post-thumbnail","hentry","category-academica","tag-internacionalizacionuaslp"],"featured_image_urls":{"full":["https:\/\/wp.uaslp.mx\/noticias\/wp-content\/uploads\/sites\/5\/2026\/08\/WhatsApp-Image-2026-08-28-at-1.10.54-PM.jpeg",1600,1066,false],"thumbnail":["https:\/\/wp.uaslp.mx\/noticias\/wp-content\/uploads\/sites\/5\/2026\/08\/WhatsApp-Image-2026-08-28-at-1.10.54-PM-150x150.jpeg",150,150,true],"medium":["https:\/\/wp.uaslp.mx\/noticias\/wp-content\/uploads\/sites\/5\/2026\/08\/WhatsApp-Image-2026-08-28-at-1.10.54-PM-1024x682.jpeg",1024,682,true],"medium_large":["https:\/\/wp.uaslp.mx\/noticias\/wp-content\/uploads\/sites\/5\/2026\/08\/WhatsApp-Image-2026-08-28-at-1.10.54-PM-768x512.jpeg",640,427,true],"large":["https:\/\/wp.uaslp.mx\/noticias\/wp-content\/uploads\/sites\/5\/2026\/08\/WhatsApp-Image-2026-08-28-at-1.10.54-PM.jpeg",1600,1066,false],"1536x1536":["https:\/\/wp.uaslp.mx\/noticias\/wp-content\/uploads\/sites\/5\/2026\/08\/WhatsApp-Image-2026-08-28-at-1.10.54-PM-1536x1023.jpeg",1536,1023,true],"2048x2048":["https:\/\/wp.uaslp.mx\/noticias\/wp-content\/uploads\/sites\/5\/2026\/08\/WhatsApp-Image-2026-08-28-at-1.10.54-PM.jpeg",1600,1066,false],"newsever-slider-full":["https:\/\/wp.uaslp.mx\/noticias\/wp-content\/uploads\/sites\/5\/2026\/08\/WhatsApp-Image-2026-08-28-at-1.10.54-PM-1280x845.jpeg",1280,845,true],"newsever-featured":["https:\/\/wp.uaslp.mx\/noticias\/wp-content\/uploads\/sites\/5\/2026\/08\/WhatsApp-Image-2026-08-28-at-1.10.54-PM-1024x682.jpeg",1024,682,true],"newsever-medium":["https:\/\/wp.uaslp.mx\/noticias\/wp-content\/uploads\/sites\/5\/2026\/08\/WhatsApp-Image-2026-08-28-at-1.10.54-PM-720x475.jpeg",720,475,true],"mailpoet_newsletter_max":["https:\/\/wp.uaslp.mx\/noticias\/wp-content\/uploads\/sites\/5\/2026\/08\/WhatsApp-Image-2026-08-28-at-1.10.54-PM-1320x879.jpeg",1320,879,true]},"author_info":{"display_name":"Prensa y difusi\u00f3n","author_link":"https:\/\/wp.uaslp.mx\/noticias\/author\/giovannamorales\/"},"category_info":"<a href=\"https:\/\/wp.uaslp.mx\/noticias\/category\/academica\/\" rel=\"category tag\">Acad\u00e9mica<\/a>","tag_info":"Acad\u00e9mica","comment_count":"0","_links":{"self":[{"href":"https:\/\/wp.uaslp.mx\/noticias\/wp-json\/wp\/v2\/posts\/26603","targetHints":{"allow":["GET"]}}],"collection":[{"href":"https:\/\/wp.uaslp.mx\/noticias\/wp-json\/wp\/v2\/posts"}],"about":[{"href":"https:\/\/wp.uaslp.mx\/noticias\/wp-json\/wp\/v2\/types\/post"}],"author":[{"embeddable":true,"href":"https:\/\/wp.uaslp.mx\/noticias\/wp-json\/wp\/v2\/users\/12"}],"replies":[{"embeddable":true,"href":"https:\/\/wp.uaslp.mx\/noticias\/wp-json\/wp\/v2\/comments?post=26603"}],"version-history":[{"count":1,"href":"https:\/\/wp.uaslp.mx\/noticias\/wp-json\/wp\/v2\/posts\/26603\/revisions"}],"predecessor-version":[{"id":26605,"href":"https:\/\/wp.uaslp.mx\/noticias\/wp-json\/wp\/v2\/posts\/26603\/revisions\/26605"}],"wp:featuredmedia":[{"embeddable":true,"href":"https:\/\/wp.uaslp.mx\/noticias\/wp-json\/wp\/v2\/media\/26604"}],"wp:attachment":[{"href":"https:\/\/wp.uaslp.mx\/noticias\/wp-json\/wp\/v2\/media?parent=26603"}],"wp:term":[{"taxonomy":"category","embeddable":true,"href":"https:\/\/wp.uaslp.mx\/noticias\/wp-json\/wp\/v2\/categories?post=26603"},{"taxonomy":"post_tag","embeddable":true,"href":"https:\/\/wp.uaslp.mx\/noticias\/wp-json\/wp\/v2\/tags?post=26603"}],"curies":[{"name":"wp","href":"https:\/\/api.w.org\/{rel}","templated":true}]}}