{"id":26600,"date":"2026-08-29T10:44:00","date_gmt":"2026-08-29T16:44:00","guid":{"rendered":"https:\/\/wp.uaslp.mx\/noticias\/?p=26600"},"modified":"2026-08-31T13:46:46","modified_gmt":"2026-08-31T19:46:46","slug":"procomuna-propuesta-desarrollada-en-la-uaslp-que-llega-a-la-suprema-corte-de-justicia-de-la-nacion","status":"publish","type":"post","link":"https:\/\/wp.uaslp.mx\/noticias\/investigacion\/procomuna-propuesta-desarrollada-en-la-uaslp-que-llega-a-la-suprema-corte-de-justicia-de-la-nacion\/","title":{"rendered":"ProComuna, propuesta desarrollada en la UASLP que llega a la Suprema Corte de Justicia de la Naci\u00f3n"},"content":{"rendered":"\n<p class=\"wp-block-paragraph\">El Dr. Guillermo Lu\u00e9vano Bustamante, profesor investigador de tiempo completo de la <a href=\"https:\/\/www.facebook.com\/facderuaslpoficial\/?locale=es_LA\">Facultad de Derecho Abogado Ponciano Arriaga Leija <\/a>de la Universidad Aut\u00f3noma de San Luis Potos\u00ed (UASLP), present\u00f3 la contribuci\u00f3n del principio constitucional ProComuna al sistema jur\u00eddico mexicano, una propuesta que comenz\u00f3 a desarrollarse desde la pr\u00e1ctica de la defensa de derechos colectivos y que actualmente ha sido retomada por instancias como la Suprema Corte de Justicia de la Naci\u00f3n y el Tribunal Electoral del Poder Judicial de la Federaci\u00f3n.<\/p>\n\n\n\n<p class=\"wp-block-paragraph\">El acad\u00e9mico, doctor en Ciencias Sociales con especialidad en Antropolog\u00eda Social e integrante del Sistema Nacional de Investigadoras e Investigadores nivel 1, explic\u00f3 que el ProComuna surge como una ampliaci\u00f3n del principio ProPersona, utilizado en materia de derechos humanos para favorecer la interpretaci\u00f3n que m\u00e1s beneficie a una persona. Sin embargo, se\u00f1al\u00f3 que esta herramienta no siempre resulta suficiente cuando se trata de derechos colectivos, como los relacionados con pueblos ind\u00edgenas, comunidades campesinas o la defensa del territorio. \u201cEs como una ampliaci\u00f3n o una extensi\u00f3n del ProPersona. Cuando la persona no es solo un individuo, sino una colectividad, o la persona titular de derecho, una persona colectiva que s\u00ed existe\u201d, explic\u00f3.<\/p>\n\n\n\n<p class=\"wp-block-paragraph\">El doctor Lu\u00e9vano Bustamante relat\u00f3 que el principio comenz\u00f3 a plantearse hace aproximadamente una d\u00e9cada desde San Luis Potos\u00ed, a partir del trabajo desarrollado en la Cl\u00ednica de Litigio Estrat\u00e9gico de la Maestr\u00eda en Derechos Humanos, posgrado multidisciplinario e interfacultades de la UASLP. Con el tiempo, la propuesta fue llevada a distintos espacios acad\u00e9micos y jur\u00eddicos hasta incorporarse en resoluciones de los m\u00e1ximos tribunales del pa\u00eds. \u201cYa se est\u00e1 usando este principio, porque result\u00f3 que es operativo, que funciona para cierto tipo de controversias. No para todas, para unos casos espec\u00edficos\u201d, destac\u00f3.<\/p>\n\n\n\n<p class=\"wp-block-paragraph\">El investigador subray\u00f3 que la propuesta no surgi\u00f3 de manera aislada, sino que se nutri\u00f3 de distintas experiencias y conocimientos relacionados con lo com\u00fan, entre ellos aportaciones del derecho can\u00f3nico, el derecho internacional, los estudios de Elinor Ostrom sobre los bienes comunes y la experiencia de la comunalidad en Oaxaca. La aportaci\u00f3n, explic\u00f3, consiste en convertir esas ideas en una herramienta pr\u00e1ctica para la interpretaci\u00f3n jur\u00eddica y la defensa de derechos colectivos. \u201cInstrumentalizarlo, dec\u00edamos, como una herramienta pr\u00e1ctica para juicios y construir esta herramienta que aspiramos a que sea\u201d, se\u00f1al\u00f3.<\/p>\n\n\n\n<p class=\"wp-block-paragraph\">Actualmente, el principio ProComuna tambi\u00e9n aparece en una propuesta de iniciativa de Ley General de Derechos de los Pueblos Ind\u00edgenas y Afro-Mexicanos, que se encuentra en proceso de consulta. Para el acad\u00e9mico, este avance representa un paso importante, aunque todav\u00eda considera necesario ampliar su utilizaci\u00f3n hacia otras controversias. \u201cTodav\u00eda no es un principio constitucional, pero espero que lo sea\u201d, afirm\u00f3, al explicar que su consolidaci\u00f3n depender\u00e1 principalmente de que sea utilizado en casos que trasciendan el \u00e1mbito espec\u00edfico de los pueblos y comunidades ind\u00edgenas.<\/p>\n\n\n\n<p class=\"wp-block-paragraph\">Para Lu\u00e9vano Bustamante, esta aportaci\u00f3n representa uno de los resultados m\u00e1s significativos de sus 25 a\u00f1os de ejercicio profesional y cerca de 20 a\u00f1os de trayectoria acad\u00e9mica. Destac\u00f3 que el objetivo principal no es obtener un beneficio personal, sino que la herramienta pueda ser utilizada en favor de las comunidades que enfrentan procesos judiciales. \u201cEs un motivo de orgullo que lo que uno hace le sirva a m\u00e1s gente. Finalmente es el sentido\u201d, expres\u00f3. A\u00f1adi\u00f3 que el conocimiento generado desde la UASLP busca socializarse y contribuir a la soluci\u00f3n de problemas jur\u00eddicos concretos.<\/p>\n\n\n\n<p class=\"wp-block-paragraph\">La investigaci\u00f3n sobre el principio ProComuna ser\u00e1 difundida en un n\u00famero tem\u00e1tico de la Revista Metis, del Centro de Estudios Constitucionales de la Suprema Corte de Justicia de la Naci\u00f3n, publicaci\u00f3n digital de acceso gratuito. El acad\u00e9mico explic\u00f3 que el dossier estar\u00e1 dedicado a esta propuesta y podr\u00e1 consultarse pr\u00f3ximamente. \u201cYa est\u00e1 puesta sobre la mesa una contribuci\u00f3n que hicimos desde aqu\u00ed, desde la Universidad de San Luis Potos\u00ed\u201d, concluy\u00f3.<\/p>\n\n\n\n<p class=\"has-text-align-right wp-block-paragraph\"><em>Hugo Lauss\u00edn\u00a0<\/em><\/p>\n\n\n\n<p class=\"wp-block-paragraph\"><\/p>\n","protected":false},"excerpt":{"rendered":"<p>El Dr. Guillermo Lu\u00e9vano Bustamante, profesor investigador de tiempo completo de la Facultad de Derecho&#8230;<\/p>\n","protected":false},"author":12,"featured_media":26601,"comment_status":"closed","ping_status":"closed","sticky":false,"template":"","format":"standard","meta":{"pgc_sgb_lightbox_settings":"","footnotes":"","_members_access_role":[],"_members_access_error":""},"categories":[10],"tags":[3532],"class_list":["post-26600","post","type-post","status-publish","format-standard","has-post-thumbnail","hentry","category-investigacion","tag-derechoscolectivos"],"featured_image_urls":{"full":["https:\/\/wp.uaslp.mx\/noticias\/wp-content\/uploads\/sites\/5\/2026\/08\/WhatsApp-Image-2026-08-29-at-1.56.59-PM.jpeg",1280,960,false],"thumbnail":["https:\/\/wp.uaslp.mx\/noticias\/wp-content\/uploads\/sites\/5\/2026\/08\/WhatsApp-Image-2026-08-29-at-1.56.59-PM-150x150.jpeg",150,150,true],"medium":["https:\/\/wp.uaslp.mx\/noticias\/wp-content\/uploads\/sites\/5\/2026\/08\/WhatsApp-Image-2026-08-29-at-1.56.59-PM-1024x768.jpeg",1024,768,true],"medium_large":["https:\/\/wp.uaslp.mx\/noticias\/wp-content\/uploads\/sites\/5\/2026\/08\/WhatsApp-Image-2026-08-29-at-1.56.59-PM-768x576.jpeg",640,480,true],"large":["https:\/\/wp.uaslp.mx\/noticias\/wp-content\/uploads\/sites\/5\/2026\/08\/WhatsApp-Image-2026-08-29-at-1.56.59-PM.jpeg",1280,960,false],"1536x1536":["https:\/\/wp.uaslp.mx\/noticias\/wp-content\/uploads\/sites\/5\/2026\/08\/WhatsApp-Image-2026-08-29-at-1.56.59-PM.jpeg",1280,960,false],"2048x2048":["https:\/\/wp.uaslp.mx\/noticias\/wp-content\/uploads\/sites\/5\/2026\/08\/WhatsApp-Image-2026-08-29-at-1.56.59-PM.jpeg",1280,960,false],"newsever-slider-full":["https:\/\/wp.uaslp.mx\/noticias\/wp-content\/uploads\/sites\/5\/2026\/08\/WhatsApp-Image-2026-08-29-at-1.56.59-PM-1280x845.jpeg",1280,845,true],"newsever-featured":["https:\/\/wp.uaslp.mx\/noticias\/wp-content\/uploads\/sites\/5\/2026\/08\/WhatsApp-Image-2026-08-29-at-1.56.59-PM-1024x768.jpeg",1024,768,true],"newsever-medium":["https:\/\/wp.uaslp.mx\/noticias\/wp-content\/uploads\/sites\/5\/2026\/08\/WhatsApp-Image-2026-08-29-at-1.56.59-PM-720x475.jpeg",720,475,true],"mailpoet_newsletter_max":["https:\/\/wp.uaslp.mx\/noticias\/wp-content\/uploads\/sites\/5\/2026\/08\/WhatsApp-Image-2026-08-29-at-1.56.59-PM.jpeg",1280,960,false]},"author_info":{"display_name":"Prensa y difusi\u00f3n","author_link":"https:\/\/wp.uaslp.mx\/noticias\/author\/giovannamorales\/"},"category_info":"<a href=\"https:\/\/wp.uaslp.mx\/noticias\/category\/investigacion\/\" rel=\"category tag\">Investigaci\u00f3n<\/a>","tag_info":"Investigaci\u00f3n","comment_count":"0","_links":{"self":[{"href":"https:\/\/wp.uaslp.mx\/noticias\/wp-json\/wp\/v2\/posts\/26600","targetHints":{"allow":["GET"]}}],"collection":[{"href":"https:\/\/wp.uaslp.mx\/noticias\/wp-json\/wp\/v2\/posts"}],"about":[{"href":"https:\/\/wp.uaslp.mx\/noticias\/wp-json\/wp\/v2\/types\/post"}],"author":[{"embeddable":true,"href":"https:\/\/wp.uaslp.mx\/noticias\/wp-json\/wp\/v2\/users\/12"}],"replies":[{"embeddable":true,"href":"https:\/\/wp.uaslp.mx\/noticias\/wp-json\/wp\/v2\/comments?post=26600"}],"version-history":[{"count":1,"href":"https:\/\/wp.uaslp.mx\/noticias\/wp-json\/wp\/v2\/posts\/26600\/revisions"}],"predecessor-version":[{"id":26602,"href":"https:\/\/wp.uaslp.mx\/noticias\/wp-json\/wp\/v2\/posts\/26600\/revisions\/26602"}],"wp:featuredmedia":[{"embeddable":true,"href":"https:\/\/wp.uaslp.mx\/noticias\/wp-json\/wp\/v2\/media\/26601"}],"wp:attachment":[{"href":"https:\/\/wp.uaslp.mx\/noticias\/wp-json\/wp\/v2\/media?parent=26600"}],"wp:term":[{"taxonomy":"category","embeddable":true,"href":"https:\/\/wp.uaslp.mx\/noticias\/wp-json\/wp\/v2\/categories?post=26600"},{"taxonomy":"post_tag","embeddable":true,"href":"https:\/\/wp.uaslp.mx\/noticias\/wp-json\/wp\/v2\/tags?post=26600"}],"curies":[{"name":"wp","href":"https:\/\/api.w.org\/{rel}","templated":true}]}}